{"id":71597,"date":"2026-03-27T21:24:39","date_gmt":"2026-03-27T21:24:39","guid":{"rendered":"https:\/\/bihavadis.com\/?p=71597"},"modified":"2026-03-27T21:24:39","modified_gmt":"2026-03-27T21:24:39","slug":"epstein-depremi-arap-dunyasi-enstitusu-baskanligindan-istifa-etti","status":"publish","type":"post","link":"https:\/\/bihavadis.com\/index.php\/2026\/03\/27\/epstein-depremi-arap-dunyasi-enstitusu-baskanligindan-istifa-etti\/","title":{"rendered":"Epstein depremi! Arap D\u00fcnyas\u0131 Enstit\u00fcs\u00fc ba\u015fkanl\u0131\u011f\u0131ndan istifa etti"},"content":{"rendered":"<p>ABD Adalet Bakanl\u0131\u011f\u0131&#8217;n\u0131n yay\u0131mlad\u0131\u011f\u0131 Jeffrey Epstein dosyalar\u0131n\u0131n etkileri Avrupa&#8217;da da derin yank\u0131lar uyand\u0131r\u0131yor. Belgelerde ad\u0131 y\u00fczlerce kez ge\u00e7en eski Fransa K\u00fclt\u00fcr Bakan\u0131 Jack Lang, ba\u015fkanl\u0131\u011f\u0131n\u0131 y\u00fcr\u00fctt\u00fc\u011f\u00fc Arap D\u00fcnyas\u0131 Enstit\u00fcs\u00fc (IMA) g\u00f6revinden istifa etti. Frans\u0131z D\u0131\u015fi\u015fleri Bakanl\u0131\u011f\u0131 istifay\u0131 onaylad\u0131.<\/p>\n<p><b>\u0130SM\u0130 600&#8217;DEN FAZLA KEZ GE\u00c7\u0130YOR<\/b><\/p>\n<p>Lang&#8217;\u0131n ad\u0131, Adalet Bakanl\u0131\u011f\u0131&#8217;n\u0131n 30 Ocak&#8217;ta kamuya a\u00e7t\u0131\u011f\u0131 milyonlarca yeni belgedeki yaz\u0131\u015fmalarda 600&#8217;den fazla kez ge\u00e7iyor. Belgeler \u0131\u015f\u0131\u011f\u0131nda ortaya \u00e7\u0131kan ba\u011flant\u0131lar, uluslararas\u0131 kamuoyunda tart\u0131\u015fma yarat\u0131rken Fransa siyasetinde de ciddi bask\u0131 olu\u015fturdu.<\/p>\n<div>\n<figure><img decoding=\"async\" src=\"https:\/\/bihavadis.com\/wp-content\/uploads\/2026\/03\/epstein-depremi-arap-dunyasi-enstitusu-baskanligindan-istifa-etti-0-NX2lDlnY.jpg\"\/><\/figure>\n<\/div>\n<p><b>FAS&#8217;A G\u0130TMES\u0130 \u0130\u00c7\u0130N \u00d6ZEL U\u00c7A\u011eINI TAHS\u0130S ETM\u0130\u015e<\/b><\/p>\n<p>Epstein dosyalar\u0131nda Lang&#8217;\u0131n eski ABD&#8217;li finans\u00f6rle ili\u015fkisi \u00f6zellikle diplomasi ve k\u00fclt\u00fcr alan\u0131nda dikkat \u00e7ekmi\u015fti. Belgelerde, Lang&#8217;\u0131n Epstein&#8217;a Paris&#8217;te k\u00fclt\u00fcrel etkinlikler \u00f6nerdi\u011fi ve 2017&#8217;de Fas&#8217;a gitmesi i\u00e7in \u00f6zel u\u00e7a\u011f\u0131n\u0131 tahsis etti\u011fi gibi detaylar yer al\u0131yor. Ayr\u0131ca Epstein ile \u00e7ocuklar\u0131n dini ve cinsellik e\u011fitimi konular\u0131nda e-postalar payla\u015ft\u0131\u011f\u0131 bilgisi de belgelerde dikkati \u00e7ekmi\u015fti. Bu geli\u015fmelerin ard\u0131ndan Fransa&#8217;da farkl\u0131 partilerden siyaset\u00e7iler Lang&#8217;dan IMA ba\u015fkanl\u0131\u011f\u0131ndan istifa etmesini istemi\u015f, artan kamuoyu bask\u0131s\u0131 istifaya giden s\u00fcreci h\u0131zland\u0131rm\u0131\u015ft\u0131.<\/p>\n<p><b>MAL\u0130 SORU\u015eTURMA VE D\u0130\u011eER A\u00c7IKLAMALAR<\/b><\/p>\n<p>Lang&#8217;\u0131n istifas\u0131 sadece siyasi bask\u0131dan de\u011fil, ayn\u0131 zamanda **Frans\u0131z mali savc\u0131l\u0131\u011f\u0131n\u0131n Lang ve k\u0131z\u0131 Caroline Lang hakk\u0131nda &#8220;aggravated tax fraud laundering&#8221; (aggravated vergi doland\u0131r\u0131c\u0131l\u0131\u011f\u0131 ve kara para aklama) \u015f\u00fcphesiyle y\u00fcr\u00fctt\u00fc\u011f\u00fc \u00f6n soru\u015fturman\u0131n ard\u0131ndan geldi\u011fi \u00f6\u011frenildi. Belgelerde, Lang&#8217;\u0131n Epstein ile sadece sosyal temas\u0131n\u0131n \u00f6tesinde finansal ili\u015fkilerinin de olabilece\u011fine dair i\u015faretlerin bulundu\u011fu iddia edildi.<\/p>\n<p>Jack Lang, uzun siyasi kariyerini k\u00fclt\u00fcr ve e\u011fitim alan\u0131nda \u015fekillendirmi\u015f bir isim olarak biliniyor. Ancak bu skandal, Lang&#8217;\u0131n Fransa&#8217;daki k\u00fclt\u00fcr miras\u0131 projelerinden \u00e7ok uluslararas\u0131 itibar\u0131 a\u00e7\u0131s\u0131ndan g\u00fcndemde yer almas\u0131na yol a\u00e7t\u0131. Lang istifa ederken iddialar\u0131 reddetmi\u015f ve Epstein&#8217;\u0131n su\u00e7lar\u0131 hakk\u0131nda bilgi sahibi olmad\u0131\u011f\u0131n\u0131 savunmu\u015ftu. Ancak artan medya ve siyasi bask\u0131, g\u00f6revden ayr\u0131lmas\u0131n\u0131 ka\u00e7\u0131n\u0131lmaz k\u0131ld\u0131.<\/p>\n","protected":false},"excerpt":{"rendered":"<p>Jeffrey Epstein ile yak\u0131n ili\u015fkilerinin ortaya \u00e7\u0131kmas\u0131n\u0131n ard\u0131ndan \u00fczerindeki bask\u0131 artan eski Fransa K\u00fclt\u00fcr Bakan\u0131 Jack Lang, Arap D\u00fcnyas\u0131 Enstit\u00fcs\u00fc ba\u015fkanl\u0131\u011f\u0131ndan istifa ederek Epstein dosyalar\u0131n\u0131n Avrupa&#8217;daki siyasi etkisini derinle\u015ftirdi.<\/p>\n","protected":false},"author":1,"featured_media":71598,"comment_status":"open","ping_status":"open","sticky":false,"template":"","format":"standard","meta":{"footnotes":""},"categories":[12],"tags":[2685,2183,1712,121,2922],"class_list":["post-71597","post","type-post","status-publish","format-standard","has-post-thumbnail","hentry","category-siyaset","tag-belgeler","tag-epstein","tag-istifa","tag-kultur","tag-lang"],"_links":{"self":[{"href":"https:\/\/bihavadis.com\/index.php\/wp-json\/wp\/v2\/posts\/71597","targetHints":{"allow":["GET"]}}],"collection":[{"href":"https:\/\/bihavadis.com\/index.php\/wp-json\/wp\/v2\/posts"}],"about":[{"href":"https:\/\/bihavadis.com\/index.php\/wp-json\/wp\/v2\/types\/post"}],"author":[{"embeddable":true,"href":"https:\/\/bihavadis.com\/index.php\/wp-json\/wp\/v2\/users\/1"}],"replies":[{"embeddable":true,"href":"https:\/\/bihavadis.com\/index.php\/wp-json\/wp\/v2\/comments?post=71597"}],"version-history":[{"count":1,"href":"https:\/\/bihavadis.com\/index.php\/wp-json\/wp\/v2\/posts\/71597\/revisions"}],"predecessor-version":[{"id":71600,"href":"https:\/\/bihavadis.com\/index.php\/wp-json\/wp\/v2\/posts\/71597\/revisions\/71600"}],"wp:featuredmedia":[{"embeddable":true,"href":"https:\/\/bihavadis.com\/index.php\/wp-json\/wp\/v2\/media\/71598"}],"wp:attachment":[{"href":"https:\/\/bihavadis.com\/index.php\/wp-json\/wp\/v2\/media?parent=71597"}],"wp:term":[{"taxonomy":"category","embeddable":true,"href":"https:\/\/bihavadis.com\/index.php\/wp-json\/wp\/v2\/categories?post=71597"},{"taxonomy":"post_tag","embeddable":true,"href":"https:\/\/bihavadis.com\/index.php\/wp-json\/wp\/v2\/tags?post=71597"}],"curies":[{"name":"wp","href":"https:\/\/api.w.org\/{rel}","templated":true}]}}