{"id":71608,"date":"2026-03-27T21:33:08","date_gmt":"2026-03-27T21:33:08","guid":{"rendered":"https:\/\/bihavadis.com\/?p=71608"},"modified":"2026-03-27T21:33:08","modified_gmt":"2026-03-27T21:33:08","slug":"omer-celikten-nefret-soylemine-tepki","status":"publish","type":"post","link":"https:\/\/bihavadis.com\/index.php\/2026\/03\/27\/omer-celikten-nefret-soylemine-tepki\/","title":{"rendered":"\u00d6mer \u00c7elik&#8217;ten Nefret S\u00f6ylemine Tepki"},"content":{"rendered":"<p>\n<p>\u00d6MER \u00c7EL\u0130K: NEFRET S\u00d6YLEM\u0130N\u0130 LANETL\u0130YORUZ<\/p>\n<p>AK Parti Genel Ba\u015fkan Yard\u0131mc\u0131s\u0131 ve Parti S\u00f6zc\u00fcs\u00fc \u00d6mer \u00c7elik, olayla ilgili sanal medya hesab\u0131ndan yapt\u0131\u011f\u0131 a\u00e7\u0131klamada, &#8220;Eski\u015fehir Mihalgazi Belediye Ba\u015fkan\u0131m\u0131z Say\u0131n Zeynep Akg\u00fcn&#8217;e en i\u00e7ten selamlar\u0131m\u0131z\u0131 g\u00f6nderiyoruz. Ba\u015fkan\u0131m\u0131za d\u00f6n\u00fck zehirli dili k\u0131nayan toplumun her kesiminden vatanda\u015flar\u0131m\u0131za \u015f\u00fckranlar\u0131m\u0131z\u0131 sunuyoruz. Nefret diline kar\u015f\u0131 her kesimden ve g\u00f6r\u00fc\u015ften kad\u0131n vatanda\u015flar\u0131m\u0131z\u0131n ortak hassasiyeti ayr\u0131ca k\u0131ymetlidir. De\u011ferli ba\u015fkan\u0131m\u0131za d\u00f6n\u00fck nefret s\u00f6ylemini lanetliyoruz. Nefret siyaseti ile m\u00fccadele etmeye devam edece\u011fiz. Ba\u015fkan\u0131m\u0131za sald\u0131ran bu nefret oda\u011f\u0131na hukuk zemininde de hesap soraca\u011f\u0131z. \u0130yi Parti&#8217;nin bu nefret oda\u011f\u0131na kar\u015f\u0131 gerekeni yapmas\u0131n\u0131 bekliyoruz&#8221; dedi. <\/p>\n","protected":false},"excerpt":{"rendered":"<p>\u00d6mer \u00c7elik, Zeynep Akg\u00fcn&#8217;e y\u00f6nelik nefret s\u00f6ylemini lanetleyerek toplumsal dayan\u0131\u015fma \u00e7a\u011fr\u0131s\u0131 yapt\u0131.<\/p>\n","protected":false},"author":1,"featured_media":71609,"comment_status":"open","ping_status":"open","sticky":false,"template":"","format":"standard","meta":{"footnotes":""},"categories":[12],"tags":[516,4579],"class_list":["post-71608","post","type-post","status-publish","format-standard","has-post-thumbnail","hentry","category-siyaset","tag-baskan","tag-nefret"],"_links":{"self":[{"href":"https:\/\/bihavadis.com\/index.php\/wp-json\/wp\/v2\/posts\/71608","targetHints":{"allow":["GET"]}}],"collection":[{"href":"https:\/\/bihavadis.com\/index.php\/wp-json\/wp\/v2\/posts"}],"about":[{"href":"https:\/\/bihavadis.com\/index.php\/wp-json\/wp\/v2\/types\/post"}],"author":[{"embeddable":true,"href":"https:\/\/bihavadis.com\/index.php\/wp-json\/wp\/v2\/users\/1"}],"replies":[{"embeddable":true,"href":"https:\/\/bihavadis.com\/index.php\/wp-json\/wp\/v2\/comments?post=71608"}],"version-history":[{"count":1,"href":"https:\/\/bihavadis.com\/index.php\/wp-json\/wp\/v2\/posts\/71608\/revisions"}],"predecessor-version":[{"id":71610,"href":"https:\/\/bihavadis.com\/index.php\/wp-json\/wp\/v2\/posts\/71608\/revisions\/71610"}],"wp:featuredmedia":[{"embeddable":true,"href":"https:\/\/bihavadis.com\/index.php\/wp-json\/wp\/v2\/media\/71609"}],"wp:attachment":[{"href":"https:\/\/bihavadis.com\/index.php\/wp-json\/wp\/v2\/media?parent=71608"}],"wp:term":[{"taxonomy":"category","embeddable":true,"href":"https:\/\/bihavadis.com\/index.php\/wp-json\/wp\/v2\/categories?post=71608"},{"taxonomy":"post_tag","embeddable":true,"href":"https:\/\/bihavadis.com\/index.php\/wp-json\/wp\/v2\/tags?post=71608"}],"curies":[{"name":"wp","href":"https:\/\/api.w.org\/{rel}","templated":true}]}}