{"id":71676,"date":"2026-03-27T22:33:09","date_gmt":"2026-03-27T22:33:09","guid":{"rendered":"https:\/\/bihavadis.com\/?p=71676"},"modified":"2026-03-27T22:33:09","modified_gmt":"2026-03-27T22:33:09","slug":"kayseride-kaza-1-olu-1-yarali","status":"publish","type":"post","link":"https:\/\/bihavadis.com\/index.php\/2026\/03\/27\/kayseride-kaza-1-olu-1-yarali\/","title":{"rendered":"Kayseri\u2019de kaza: 1 \u00f6l\u00fc 1 yaral\u0131"},"content":{"rendered":"<p>Kayseri&#8217;nin Develi il\u00e7esine ba\u011fl\u0131 \u015eahmelik ile H\u00fcseyinli mahalleleri aras\u0131nda, plakalar\u0131 hen\u00fcz \u00f6\u011frenilemeyen iki otomobil \u00e7arp\u0131\u015ft\u0131. Kafa kafaya ger\u00e7ekle\u015fen kazada, ara\u00e7larda bulunan iki ki\u015fi yaraland\u0131.<\/p>\n<p>\u0130hbar \u00fczerine b\u00f6lgeye jandarma, itfaiye ve sa\u011fl\u0131k ekipleri sevk edildi.<\/p>\n<p><strong>YARALI KADIN KURTARILAMADI<\/strong><\/p>\n<p>Yaral\u0131lar, olay yerindeki ilk m\u00fcdahalenin ard\u0131ndan hastaneye kald\u0131r\u0131ld\u0131. Durumu a\u011f\u0131r olan Bircan Kural, doktorlar\u0131n t\u00fcm \u00e7abalar\u0131na ra\u011fmen kurtar\u0131lamad\u0131.<\/p>\n<p>Di\u011fer yaral\u0131n\u0131n tedavisinin s\u00fcrd\u00fc\u011f\u00fc \u00f6\u011frenildi.<\/p>\n<p>Kazan\u0131n nedenine ili\u015fkin inceleme ba\u015flat\u0131l\u0131rken, olayla ilgili soru\u015fturman\u0131n devam etti\u011fi bildirildi.<\/p>\n<p><img decoding=\"async\" src=\"https:\/\/bihavadis.com\/wp-content\/uploads\/2026\/03\/kayseride-kaza-1-olu-1-yarali-0-9HvuQ9hF.jpg\"\/><\/p>\n<p><img decoding=\"async\" src=\"https:\/\/bihavadis.com\/wp-content\/uploads\/2026\/03\/kayseride-kaza-1-olu-1-yarali-1-uYrBPPbY.jpg\"\/><\/p>\n<p><img decoding=\"async\" src=\"https:\/\/bihavadis.com\/wp-content\/uploads\/2026\/03\/kayseride-kaza-1-olu-1-yarali-2-BUv6j5k6.jpg\"\/> <\/p>\n<div> <span><strong>Kaynak:<\/strong> \u0130hlas Haber Ajans\u0131 (\u0130HA)<\/span> <\/div>\n","protected":false},"excerpt":{"rendered":"<p>Kayseri&#8217;nin Develi il\u00e7esine ba\u011fl\u0131 \u015eahmelik ile H\u00fcseyinli mahalleleri aras\u0131nda, plakalar\u0131 hen\u00fcz \u00f6\u011frenilemeyen iki otomobil \u00e7arp\u0131\u015ft\u0131. Kafa kafaya ger\u00e7ekle\u015fen kazada, ara\u00e7larda bulunan iki ki\u015fi yaraland\u0131. \u0130hbar \u00fczerine b\u00f6lgeye jandarma, itfaiye ve &#8230;<\/p>\n","protected":false},"author":1,"featured_media":71677,"comment_status":"open","ping_status":"open","sticky":false,"template":"","format":"standard","meta":{"footnotes":""},"categories":[4,13],"tags":[],"class_list":["post-71676","post","type-post","status-publish","format-standard","has-post-thumbnail","hentry","category-gundem","category-son-dakika"],"_links":{"self":[{"href":"https:\/\/bihavadis.com\/index.php\/wp-json\/wp\/v2\/posts\/71676","targetHints":{"allow":["GET"]}}],"collection":[{"href":"https:\/\/bihavadis.com\/index.php\/wp-json\/wp\/v2\/posts"}],"about":[{"href":"https:\/\/bihavadis.com\/index.php\/wp-json\/wp\/v2\/types\/post"}],"author":[{"embeddable":true,"href":"https:\/\/bihavadis.com\/index.php\/wp-json\/wp\/v2\/users\/1"}],"replies":[{"embeddable":true,"href":"https:\/\/bihavadis.com\/index.php\/wp-json\/wp\/v2\/comments?post=71676"}],"version-history":[{"count":1,"href":"https:\/\/bihavadis.com\/index.php\/wp-json\/wp\/v2\/posts\/71676\/revisions"}],"predecessor-version":[{"id":71681,"href":"https:\/\/bihavadis.com\/index.php\/wp-json\/wp\/v2\/posts\/71676\/revisions\/71681"}],"wp:featuredmedia":[{"embeddable":true,"href":"https:\/\/bihavadis.com\/index.php\/wp-json\/wp\/v2\/media\/71677"}],"wp:attachment":[{"href":"https:\/\/bihavadis.com\/index.php\/wp-json\/wp\/v2\/media?parent=71676"}],"wp:term":[{"taxonomy":"category","embeddable":true,"href":"https:\/\/bihavadis.com\/index.php\/wp-json\/wp\/v2\/categories?post=71676"},{"taxonomy":"post_tag","embeddable":true,"href":"https:\/\/bihavadis.com\/index.php\/wp-json\/wp\/v2\/tags?post=71676"}],"curies":[{"name":"wp","href":"https:\/\/api.w.org\/{rel}","templated":true}]}}