{"id":71745,"date":"2026-03-27T23:27:07","date_gmt":"2026-03-27T23:27:07","guid":{"rendered":"https:\/\/bihavadis.com\/?p=71745"},"modified":"2026-03-27T23:27:07","modified_gmt":"2026-03-27T23:27:07","slug":"guler-carman-son-yolculuguna-ugurlandi","status":"publish","type":"post","link":"https:\/\/bihavadis.com\/index.php\/2026\/03\/27\/guler-carman-son-yolculuguna-ugurlandi\/","title":{"rendered":"G\u00fcler \u00c7arman Son Yolculu\u011funa U\u011furland\u0131"},"content":{"rendered":"<p> Kayseri B\u00fcy\u00fck\u015fehir Belediye Ba\u015fkan\u0131 Memduh B\u00fcy\u00fckk\u0131l\u0131\u00e7&#8217;\u0131n vefat eden kay\u0131nvalidesi G\u00fcler \u00c7arman&#8217;\u0131n cenazesi topra\u011fa verildi.<\/p>\n<p>Hayat\u0131n\u0131 kaybeden 89 ya\u015f\u0131ndaki \u00c7arman&#8217;\u0131n cenazesi, yak\u0131nlar\u0131 taraf\u0131ndan Talas il\u00e7esindeki \u0130smail Yap\u0131c\u0131 Camisi&#8217;ne getirildi.<\/p>\n<p>B\u00fcy\u00fck\u015fehir Belediye Ba\u015fkan\u0131 Memduh B\u00fcy\u00fckk\u0131l\u0131\u00e7 ve e\u015fi Necmiye B\u00fcy\u00fckk\u0131l\u0131\u00e7, burada taziyeleri kabul etti.<\/p>\n<p>\u00c7arman&#8217;\u0131n cenazesi, \u00f6\u011fle vakti k\u0131l\u0131nan cenaze namaz\u0131n\u0131n ard\u0131ndan Cemil Baba Mezarl\u0131\u011f\u0131&#8217;na defnedildi.<\/p>\n<p>Cenaze t\u00f6renine, \u00c7arman&#8217;\u0131n yak\u0131nlar\u0131 ile AK Parti Kayseri milletvekilleri Hulusi Akar, Say\u0131n Bayar \u00d6zsoy ve Dursun Ata\u015f, CHP Kayseri Milletvekili A\u015fk\u0131n Gen\u00e7, il protokol\u00fc, belediye ba\u015fkanlar\u0131, sivil toplum kurulu\u015flar\u0131 temsilcileri ve vatanda\u015flar kat\u0131ld\u0131.<\/p>\n","protected":false},"excerpt":{"rendered":"<p>Kayseri B\u00fcy\u00fck\u015fehir Belediye Ba\u015fkan\u0131 B\u00fcy\u00fckk\u0131l\u0131\u00e7&#8217;\u0131n kay\u0131nvalidesi G\u00fcler \u00c7arman, Talas&#8217;ta defnedildi.<\/p>\n","protected":false},"author":1,"featured_media":71746,"comment_status":"open","ping_status":"open","sticky":false,"template":"","format":"standard","meta":{"footnotes":""},"categories":[12],"tags":[428],"class_list":["post-71745","post","type-post","status-publish","format-standard","has-post-thumbnail","hentry","category-siyaset","tag-cenaze"],"_links":{"self":[{"href":"https:\/\/bihavadis.com\/index.php\/wp-json\/wp\/v2\/posts\/71745","targetHints":{"allow":["GET"]}}],"collection":[{"href":"https:\/\/bihavadis.com\/index.php\/wp-json\/wp\/v2\/posts"}],"about":[{"href":"https:\/\/bihavadis.com\/index.php\/wp-json\/wp\/v2\/types\/post"}],"author":[{"embeddable":true,"href":"https:\/\/bihavadis.com\/index.php\/wp-json\/wp\/v2\/users\/1"}],"replies":[{"embeddable":true,"href":"https:\/\/bihavadis.com\/index.php\/wp-json\/wp\/v2\/comments?post=71745"}],"version-history":[{"count":1,"href":"https:\/\/bihavadis.com\/index.php\/wp-json\/wp\/v2\/posts\/71745\/revisions"}],"predecessor-version":[{"id":71747,"href":"https:\/\/bihavadis.com\/index.php\/wp-json\/wp\/v2\/posts\/71745\/revisions\/71747"}],"wp:featuredmedia":[{"embeddable":true,"href":"https:\/\/bihavadis.com\/index.php\/wp-json\/wp\/v2\/media\/71746"}],"wp:attachment":[{"href":"https:\/\/bihavadis.com\/index.php\/wp-json\/wp\/v2\/media?parent=71745"}],"wp:term":[{"taxonomy":"category","embeddable":true,"href":"https:\/\/bihavadis.com\/index.php\/wp-json\/wp\/v2\/categories?post=71745"},{"taxonomy":"post_tag","embeddable":true,"href":"https:\/\/bihavadis.com\/index.php\/wp-json\/wp\/v2\/tags?post=71745"}],"curies":[{"name":"wp","href":"https:\/\/api.w.org\/{rel}","templated":true}]}}