{"id":71748,"date":"2026-03-27T23:30:08","date_gmt":"2026-03-27T23:30:08","guid":{"rendered":"https:\/\/bihavadis.com\/?p=71748"},"modified":"2026-03-27T23:30:08","modified_gmt":"2026-03-27T23:30:08","slug":"osmangazide-ramazan-sofrasi-yunuselinde-kuruldu","status":"publish","type":"post","link":"https:\/\/bihavadis.com\/index.php\/2026\/03\/27\/osmangazide-ramazan-sofrasi-yunuselinde-kuruldu\/","title":{"rendered":"Osmangazi&#8217;de Ramazan Sofras\u0131 Yunuseli&#8217;nde Kuruldu"},"content":{"rendered":"<p><span><span><span><span>Osmangazi Belediye Ba\u015fkan\u0131 Erkan Ayd\u0131n, Yunuseli Mahallesi\u2019nde d\u00fczenlenen iftar program\u0131nda vatanda\u015flarla bir araya gelerek Ramazan\u2019\u0131n bereketini ve payla\u015fma ruhunu ayn\u0131 sofrada ya\u015fad\u0131. Y\u00fczlerce ki\u015finin kat\u0131ld\u0131\u011f\u0131 programda birlik, beraberlik ve dayan\u0131\u015fma duygular\u0131 \u00f6n plana \u00e7\u0131kt\u0131.<\/span><\/span><\/span><\/span><\/p>\n<p><span><span><span><span>Osmangazi Belediyesi\u2019nin Ramazan ay\u0131 boyunca mahallelerde d\u00fczenledi\u011fi iftar programlar\u0131, birlik ve beraberli\u011fin en g\u00fczel \u00f6rneklerini ortaya koymaya devam ediyor. Bu kapsamda d\u00fczenlenen mahalle iftarlar\u0131ndan biri Yunuseli Mahallesi\u2019nde yer alan Aky\u0131ld\u0131z Kapal\u0131 Pazar Alan\u0131\u2019nda ger\u00e7ekle\u015ftirildi. Osmangazi Belediye Ba\u015fkan\u0131 Erkan Ayd\u0131n\u2019\u0131n kat\u0131ld\u0131\u011f\u0131 programda, vatanda\u015flar ayn\u0131 sofrada bulu\u015farak Ramazan\u2019\u0131n bereketini ve manevi atmosferini birlikte ya\u015fad\u0131.<\/span><\/span><\/span><\/span><\/p>\n<p><span><span><span><span>Yunuseli ba\u015fta olmak \u00fczere \u00e7evre mahallelerden \u00e7ok say\u0131da vatanda\u015f\u0131n bulundu\u011fu programda uzun iftar sofralar\u0131 kuruldu. Ayn\u0131 sofrada bulu\u015fan y\u00fczlerce ki\u015fi, ezan\u0131n okunmas\u0131yla birlikte oru\u00e7lar\u0131n\u0131 a\u00e7t\u0131. Ramazan\u2019\u0131n payla\u015fma, dayan\u0131\u015fma ve karde\u015flik ruhu, kurulan g\u00f6n\u00fcl sofralar\u0131nda bir kez daha hissedildi.<\/span><\/span><\/span><\/span><\/p>\n<p><span><span><b><span><span>\u201cHer Ak\u015fam Farkl\u0131 Bir Mahallemizde \u0130ftar Yap\u0131yoruz\u201d<\/span><\/span><\/b><\/span><\/span><\/p>\n<p><span><span><span><span>Program \u00f6ncesinde vatanda\u015flarla tek tek selamla\u015fan Ba\u015fkan Erkan Ayd\u0131n, masalar\u0131 dola\u015farak mahalle sakinleriyle sohbet etti. \u00c7ocuklarla yak\u0131ndan ilgilenen, vatanda\u015flar\u0131n talep ve \u00f6nerilerini dinleyen Ba\u015fkan Ayd\u0131n, Ramazan ay\u0131n\u0131n toplumda dayan\u0131\u015fmay\u0131 g\u00fc\u00e7lendiren en \u00f6nemli zamanlardan biri oldu\u011funu ifade etti.<\/span><\/span><\/span><\/span><\/p>\n<p><span><span><span><span>Ba\u015fkan Ayd\u0131n, mahalle sakinlerine seslendi\u011fi konu\u015fmas\u0131nda \u015funlar\u0131 kaydetti:<\/span><\/span><\/span><\/span><\/p>\n<p><span><span><span><span>\u201cAllah tuttu\u011funuz oru\u00e7lar\u0131 kabul\u00fc makbul eylesin. Ramazan\u2019\u0131n\u0131n\u0131z hay\u0131rl\u0131 olsun. Ramazan\u2019\u0131n birlik, beraberli\u011fini, huzurunu, bereketini hep birlikte ya\u015f\u0131yoruz. Her ak\u015fam farkl\u0131 bir mahallemizde iftar yap\u0131yoruz. Osmangazi\u2019mizde oturan de\u011ferli kom\u015fular\u0131m\u0131zla da hasbihal etme f\u0131rsat\u0131 buluyoruz. Bu vesileyle \u00f6nce yakla\u015fan Kadir Gece\u2019mizi, sonras\u0131nda Ramazan Bayram\u0131\u2019m\u0131z\u0131 \u015fimdiden tebrik ediyorum. Allah in\u015fallah yenilerine sa\u011fl\u0131k i\u00e7erisinde, birlik beraberlik i\u00e7erisinde eri\u015ftirsin.\u201d <\/span><\/span><\/span><\/span><\/p>\n<p>\u00a0<\/p>\n<p>Kaynak: (BYZHA) Beyaz Haber Ajans\u0131<\/p>\n","protected":false},"excerpt":{"rendered":"<p>Osmangazi Belediye Ba\u015fkan\u0131 Erkan Ayd\u0131n, Yunuseli Mahallesi\u2019nde d\u00fczenlenen iftar program\u0131nda vatanda\u015flarla bir araya gelerek Ramazan\u2019\u0131n bereketini ve payla\u015fma ruhunu ayn\u0131 sofrada ya\u015fad\u0131.<\/p>\n","protected":false},"author":1,"featured_media":71749,"comment_status":"open","ping_status":"open","sticky":false,"template":"","format":"standard","meta":{"footnotes":""},"categories":[4],"tags":[516,675,1018,2127],"class_list":["post-71748","post","type-post","status-publish","format-standard","has-post-thumbnail","hentry","category-gundem","tag-baskan","tag-iftar","tag-mahalle","tag-program"],"_links":{"self":[{"href":"https:\/\/bihavadis.com\/index.php\/wp-json\/wp\/v2\/posts\/71748","targetHints":{"allow":["GET"]}}],"collection":[{"href":"https:\/\/bihavadis.com\/index.php\/wp-json\/wp\/v2\/posts"}],"about":[{"href":"https:\/\/bihavadis.com\/index.php\/wp-json\/wp\/v2\/types\/post"}],"author":[{"embeddable":true,"href":"https:\/\/bihavadis.com\/index.php\/wp-json\/wp\/v2\/users\/1"}],"replies":[{"embeddable":true,"href":"https:\/\/bihavadis.com\/index.php\/wp-json\/wp\/v2\/comments?post=71748"}],"version-history":[{"count":1,"href":"https:\/\/bihavadis.com\/index.php\/wp-json\/wp\/v2\/posts\/71748\/revisions"}],"predecessor-version":[{"id":71750,"href":"https:\/\/bihavadis.com\/index.php\/wp-json\/wp\/v2\/posts\/71748\/revisions\/71750"}],"wp:featuredmedia":[{"embeddable":true,"href":"https:\/\/bihavadis.com\/index.php\/wp-json\/wp\/v2\/media\/71749"}],"wp:attachment":[{"href":"https:\/\/bihavadis.com\/index.php\/wp-json\/wp\/v2\/media?parent=71748"}],"wp:term":[{"taxonomy":"category","embeddable":true,"href":"https:\/\/bihavadis.com\/index.php\/wp-json\/wp\/v2\/categories?post=71748"},{"taxonomy":"post_tag","embeddable":true,"href":"https:\/\/bihavadis.com\/index.php\/wp-json\/wp\/v2\/tags?post=71748"}],"curies":[{"name":"wp","href":"https:\/\/api.w.org\/{rel}","templated":true}]}}