{"id":71751,"date":"2026-03-27T23:33:10","date_gmt":"2026-03-27T23:33:10","guid":{"rendered":"https:\/\/bihavadis.com\/?p=71751"},"modified":"2026-03-27T23:33:10","modified_gmt":"2026-03-27T23:33:10","slug":"deprem-konutlari-icin-carpici-demir-hesabi","status":"publish","type":"post","link":"https:\/\/bihavadis.com\/index.php\/2026\/03\/27\/deprem-konutlari-icin-carpici-demir-hesabi\/","title":{"rendered":"Deprem konutlar\u0131 i\u00e7in \u00e7arp\u0131c\u0131 demir hesab\u0131"},"content":{"rendered":"<p>T\u00fcrk halk\u0131 6 \u015eubat&#8217;ta y\u00fczy\u0131l\u0131n deprem felaketinde verdi\u011fi kay\u0131plar\u0131 and\u0131.<\/p>\n<p>O ac\u0131 g\u00fcnde bir yanda da yaralar\u0131 k\u0131sa zamanda sarman\u0131n vermi\u015f oldu\u011fu gurur ya\u015fand\u0131.<\/p>\n<p>Bu kapsamda deprem an\u0131ndan hemen sonra ba\u015flayan yaralar\u0131 sarma ve \u015fehirleri aya\u011fa kald\u0131rma hareketi 455 bin konutun in\u015fa edilip hak sahiplerine teslim edilmesiyle sonu\u00e7land\u0131.<\/p>\n<p>Cumhurba\u015fkan\u0131 Recep Tayyip Erdo\u011fan&#8217;\u0131n takibi ve\u00a0\u00c7evre, \u015eehircilik ve \u0130klim De\u011fi\u015fikli\u011fi Bakan\u0131 Murat Kurum&#8217;un liderli\u011finde ba\u015flayan bu yeniden in\u015fa seferberli\u011fi, 11 ilin sosyal ve kamusal alanlar\u0131nda devam ediyor.<\/p>\n<p>Bu s\u00fcre\u00e7te 11 ilde sadece apartman binalar\u0131 de\u011fil, k\u00f6y evleri, camiler, okullar, kamu binalar\u0131, hastaneler, \u00e7ar\u015f\u0131lar, m\u00fczeler, spor kompleksleri ve daha bir\u00e7ok yap\u0131 in\u015fa edildi.<\/p>\n<p><img decoding=\"async\" src=\"https:\/\/bihavadis.com\/wp-content\/uploads\/2026\/03\/deprem-konutlari-icin-carpici-demir-hesabi-0-PDPs95DF.jpg\"\/><\/p>\n<p><strong>DEPREM KONUTLARI \u0130\u00c7\u0130N \u00c7ARPICI DEM\u0130R HESABI<\/strong><\/p>\n<p>Bu tarihi in\u015fa seferberli\u011finin b\u00fcy\u00fckl\u00fc\u011f\u00fcn\u00fc anlatmak i\u00e7in k\u00fc\u00e7\u00fck bir demir hesab\u0131 yap\u0131ld\u0131.<\/p>\n<p>Buna g\u00f6re in\u015faat sekt\u00f6r\u00fcnde T\u00fcrkiye ortalamas\u0131nda 100 metrekarelik bir in\u015faat i\u00e7in 3-4 ton demir kullan\u0131l\u0131yor.<\/p>\n<p><img decoding=\"async\" src=\"https:\/\/bihavadis.com\/wp-content\/uploads\/2026\/03\/deprem-konutlari-icin-carpici-demir-hesabi-1-QLtxrCOe.jpg\"\/><\/p>\n<p><strong>455 B\u0130N KONUT \u0130\u00c7\u0130N 1,5 M\u0130LYON TON DEM\u0130R<\/strong><\/p>\n<p>Bu ortalama baz al\u0131nd\u0131\u011f\u0131nda, 455 bin konut i\u00e7in\u00a01 milyon 592 bin 500 ton demir gerekiyor.<\/p>\n<p>Yine bu hesaba g\u00f6re 1 ton demirden 7 bin 850 metre \u00e7elik donat\u0131 \u00fcretilirken bu iki veriye g\u00f6re 455 bin konut i\u00e7in\u00a012,5 milyar metre \u00e7elik donat\u0131 kullan\u0131lmas\u0131 anlam\u0131na geliyor.<\/p>\n<p><img decoding=\"async\" src=\"https:\/\/bihavadis.com\/wp-content\/uploads\/2026\/03\/deprem-konutlari-icin-carpici-demir-hesabi-2-WVPRq3hE.jpg\"\/><\/p>\n<p><strong>D\u00dcNYANIN \u00c7EVRES\u0130N\u0130 312 KEZ SARACAK UZUNLUKTA<\/strong><\/p>\n<p>Bu uzunluk ise \u00e7arp\u0131c\u0131 bir k\u0131yas imkan\u0131 sunuyor.\u00a0<\/p>\n<p>\u015e\u00f6yle ki;\u00a012,5 milyar metre, d\u00fcnyan\u0131n \u00e7evre uzunlu\u011funa (40 075 km) b\u00f6l\u00fcnd\u00fc\u011f\u00fcnde,\u00a0312 sonucu \u00e7\u0131k\u0131yor.<\/p>\n<p>Bu da kaba bir hesap yap\u0131ld\u0131\u011f\u0131nda, 3 y\u0131ll\u0131k s\u00fcre\u00e7te in\u015fa edilen 455 bin deprem konutunda kullan\u0131lan toplam \u00e7elik donat\u0131 uzunlu\u011funun, d\u00fcnyay\u0131 312 kez saracak uzunlu\u011fa ula\u015ft\u0131\u011f\u0131 sonucuna var\u0131l\u0131yor.<\/p>\n<p><img decoding=\"async\" src=\"https:\/\/bihavadis.com\/wp-content\/uploads\/2026\/03\/deprem-konutlari-icin-carpici-demir-hesabi-3-Nr3HFDf2.jpg\"\/> <\/p>\n<div> <span><strong>Kaynak:<\/strong> Ensonhaber Haber Merkezi<\/span> <\/div>\n","protected":false},"excerpt":{"rendered":"<p>T\u00fcrk halk\u0131 6 \u015eubat&#8217;ta y\u00fczy\u0131l\u0131n deprem felaketinde verdi\u011fi kay\u0131plar\u0131 and\u0131. O ac\u0131 g\u00fcnde bir yanda da yaralar\u0131 k\u0131sa zamanda sarman\u0131n vermi\u015f oldu\u011fu gurur ya\u015fand\u0131. Bu kapsamda deprem an\u0131ndan hemen sonra ba\u015flayan yaralar\u0131 sarma ve \u015fehirleri aya\u011fa kald\u0131rma &#8230;<\/p>\n","protected":false},"author":1,"featured_media":71752,"comment_status":"open","ping_status":"open","sticky":false,"template":"","format":"standard","meta":{"footnotes":""},"categories":[9,13],"tags":[601,362,818],"class_list":["post-71751","post","type-post","status-publish","format-standard","has-post-thumbnail","hentry","category-genel","category-son-dakika","tag-demir","tag-insa","tag-konut"],"_links":{"self":[{"href":"https:\/\/bihavadis.com\/index.php\/wp-json\/wp\/v2\/posts\/71751","targetHints":{"allow":["GET"]}}],"collection":[{"href":"https:\/\/bihavadis.com\/index.php\/wp-json\/wp\/v2\/posts"}],"about":[{"href":"https:\/\/bihavadis.com\/index.php\/wp-json\/wp\/v2\/types\/post"}],"author":[{"embeddable":true,"href":"https:\/\/bihavadis.com\/index.php\/wp-json\/wp\/v2\/users\/1"}],"replies":[{"embeddable":true,"href":"https:\/\/bihavadis.com\/index.php\/wp-json\/wp\/v2\/comments?post=71751"}],"version-history":[{"count":1,"href":"https:\/\/bihavadis.com\/index.php\/wp-json\/wp\/v2\/posts\/71751\/revisions"}],"predecessor-version":[{"id":71757,"href":"https:\/\/bihavadis.com\/index.php\/wp-json\/wp\/v2\/posts\/71751\/revisions\/71757"}],"wp:featuredmedia":[{"embeddable":true,"href":"https:\/\/bihavadis.com\/index.php\/wp-json\/wp\/v2\/media\/71752"}],"wp:attachment":[{"href":"https:\/\/bihavadis.com\/index.php\/wp-json\/wp\/v2\/media?parent=71751"}],"wp:term":[{"taxonomy":"category","embeddable":true,"href":"https:\/\/bihavadis.com\/index.php\/wp-json\/wp\/v2\/categories?post=71751"},{"taxonomy":"post_tag","embeddable":true,"href":"https:\/\/bihavadis.com\/index.php\/wp-json\/wp\/v2\/tags?post=71751"}],"curies":[{"name":"wp","href":"https:\/\/api.w.org\/{rel}","templated":true}]}}