{"id":71815,"date":"2026-03-28T00:24:07","date_gmt":"2026-03-28T00:24:07","guid":{"rendered":"https:\/\/bihavadis.com\/?p=71815"},"modified":"2026-03-28T00:24:07","modified_gmt":"2026-03-28T00:24:07","slug":"cumhurbaskani-recep-tayyip-erdogan-necmettin-erbakani-vefatinin-15-yilinda-andi","status":"publish","type":"post","link":"https:\/\/bihavadis.com\/index.php\/2026\/03\/28\/cumhurbaskani-recep-tayyip-erdogan-necmettin-erbakani-vefatinin-15-yilinda-andi\/","title":{"rendered":"Cumhurba\u015fkan\u0131 Recep Tayyip Erdo\u011fan, Necmettin Erbakan&#8217;\u0131 vefat\u0131n\u0131n 15. y\u0131l\u0131nda and\u0131"},"content":{"rendered":"<p>Cumhurba\u015fkan\u0131 Recep Tayyip Erdo\u011fan, Milli G\u00f6r\u00fc\u015f hareketinin kurucu lideri ve eski ba\u015fbakanlardan Necmettin Erbakan&#8217;\u0131 vefat\u0131n\u0131n 15. y\u0131l\u0131nda anarak bir mesaj yay\u0131mlad\u0131.<\/p>\n<p>Cumhurba\u015fkan\u0131 Erdo\u011fan, yapt\u0131\u011f\u0131 payla\u015f\u0131mda, 54&#8217;\u00fcnc\u00fc H\u00fck\u00fcmetin Ba\u015fbakan\u0131 Necmettin Erbakan&#8217;\u0131 vefat\u0131n\u0131n 15&#8217;inci y\u0131l\u0131nda anarken T\u00fcrkiye&#8217;ye \u00f6nemli hizmetlerde bulundu\u011funu kaydetti.<\/p>\n<p><strong>\u201cHOCAMIZI EBED\u0130 ALEME \u0130RT\u0130HAL\u0130N\u0130N 15&#8217;\u0130NC\u0130 YILINDA RAHMETLE YAD ED\u0130YORUM\u201d<\/strong><\/p>\n<p>Cumhurba\u015fkan\u0131 Erdo\u011fan, NSosyal hesab\u0131ndan yapt\u0131\u011f\u0131 payla\u015f\u0131mda, \u015fu ifadeleri kulland\u0131:<\/p>\n<p><em><b>&#8220;\u00dclkemize ve milletimize \u00e7ok \u00f6nemli hizmetlerde bulunan, 54&#8217;\u00fcnc\u00fc H\u00fck\u00fcmetin Ba\u015fbakan\u0131, Milli G\u00f6r\u00fc\u015f Hareketi&#8217;nin kurucusu Prof. Dr. Necmettin Erbakan Hocam\u0131z\u0131 ebedi aleme irtihalinin 15&#8217;inci y\u0131l\u0131nda rahmetle, h\u00fcrmetle yad ediyorum.&#8221;<\/b><\/em><\/p>\n<p><img decoding=\"async\" src=\"https:\/\/bihavadis.com\/wp-content\/uploads\/2026\/03\/cumhurbaskani-recep-tayyip-erdogan-necmettin-erbakani-vefatinin-15-yilinda-andi-0-dlgWOUf4.jpg\"\/> <\/p>\n<div> <span><strong>Kaynak:<\/strong> Anadolu Ajans\u0131 (AA)<\/span> <\/div>\n","protected":false},"excerpt":{"rendered":"<p>Cumhurba\u015fkan\u0131 Recep Tayyip Erdo\u011fan, Milli G\u00f6r\u00fc\u015f hareketinin kurucu lideri ve eski ba\u015fbakanlardan Necmettin Erbakan&#8217;\u0131 vefat\u0131n\u0131n 15. y\u0131l\u0131nda anarak bir mesaj yay\u0131mlad\u0131. Cumhurba\u015fkan\u0131 Erdo\u011fan, yapt\u0131\u011f\u0131 payla\u015f\u0131mda, 54&#8217;\u00fcnc\u00fc H\u00fck\u00fcmetin Ba\u015fbakan\u0131 Necmettin &#8230;<\/p>\n","protected":false},"author":1,"featured_media":71816,"comment_status":"open","ping_status":"open","sticky":false,"template":"","format":"standard","meta":{"footnotes":""},"categories":[9,13],"tags":[],"class_list":["post-71815","post","type-post","status-publish","format-standard","has-post-thumbnail","hentry","category-genel","category-son-dakika"],"_links":{"self":[{"href":"https:\/\/bihavadis.com\/index.php\/wp-json\/wp\/v2\/posts\/71815","targetHints":{"allow":["GET"]}}],"collection":[{"href":"https:\/\/bihavadis.com\/index.php\/wp-json\/wp\/v2\/posts"}],"about":[{"href":"https:\/\/bihavadis.com\/index.php\/wp-json\/wp\/v2\/types\/post"}],"author":[{"embeddable":true,"href":"https:\/\/bihavadis.com\/index.php\/wp-json\/wp\/v2\/users\/1"}],"replies":[{"embeddable":true,"href":"https:\/\/bihavadis.com\/index.php\/wp-json\/wp\/v2\/comments?post=71815"}],"version-history":[{"count":1,"href":"https:\/\/bihavadis.com\/index.php\/wp-json\/wp\/v2\/posts\/71815\/revisions"}],"predecessor-version":[{"id":71818,"href":"https:\/\/bihavadis.com\/index.php\/wp-json\/wp\/v2\/posts\/71815\/revisions\/71818"}],"wp:featuredmedia":[{"embeddable":true,"href":"https:\/\/bihavadis.com\/index.php\/wp-json\/wp\/v2\/media\/71816"}],"wp:attachment":[{"href":"https:\/\/bihavadis.com\/index.php\/wp-json\/wp\/v2\/media?parent=71815"}],"wp:term":[{"taxonomy":"category","embeddable":true,"href":"https:\/\/bihavadis.com\/index.php\/wp-json\/wp\/v2\/categories?post=71815"},{"taxonomy":"post_tag","embeddable":true,"href":"https:\/\/bihavadis.com\/index.php\/wp-json\/wp\/v2\/tags?post=71815"}],"curies":[{"name":"wp","href":"https:\/\/api.w.org\/{rel}","templated":true}]}}