{"id":71883,"date":"2026-03-28T01:18:10","date_gmt":"2026-03-28T01:18:10","guid":{"rendered":"https:\/\/bihavadis.com\/?p=71883"},"modified":"2026-03-28T01:18:10","modified_gmt":"2026-03-28T01:18:10","slug":"bakan-gurlek-cumhurbaskani-erdogani-nevsehirli-hemsehrileriyle-konusturdu","status":"publish","type":"post","link":"https:\/\/bihavadis.com\/index.php\/2026\/03\/28\/bakan-gurlek-cumhurbaskani-erdogani-nevsehirli-hemsehrileriyle-konusturdu\/","title":{"rendered":"Bakan G\u00fcrlek, Cumhurba\u015fkan\u0131 Erdo\u011fan&#8217;\u0131 Nev\u015fehirli hem\u015fehrileriyle konu\u015fturdu"},"content":{"rendered":"<p>Adalet Bakan\u0131 Ak\u0131n G\u00fcrlek, ilk resmi ziyaretini memleketi Nev\u015fehir\u2019de ger\u00e7ekle\u015ftirdi. AK Parti \u0130l Ba\u015fkanl\u0131\u011f\u0131\u2019nda partililerle bir araya gelen G\u00fcrlek\u2019e, \u0130l Ba\u015fkan\u0131 Muhammed Feyzi Ayg\u00fcn ile milletvekilleri Emre \u00c7al\u0131\u015fkan ve S\u00fcleyman \u00d6zg\u00fcn e\u015flik etti.<\/p>\n<p>Programda Cumhurba\u015fkan\u0131 ile telekonferans ba\u011flant\u0131s\u0131 kuruldu.<\/p>\n<p><img decoding=\"async\" src=\"https:\/\/bihavadis.com\/wp-content\/uploads\/2026\/03\/bakan-gurlek-cumhurbaskani-erdogani-nevsehirli-hemsehrileriyle-konusturdu-0-DjUzLexs.jpg\"\/><\/p>\n<p><strong>&#8220;30 YIL SONRA NEV\u015eEH\u0130R&#8217;DEN B\u0130R BAKAN \u00c7IKMASI GURUR VER\u0130C\u0130&#8221;<\/strong><\/p>\n<p>Recep Tayyip Erdo\u011fan, konu\u015fmas\u0131nda Ramazan ay\u0131n\u0131 tebrik ederek Nev\u015fehir halk\u0131na selamlar\u0131n\u0131 iletti.<\/p>\n<p>Erdo\u011fan, yakla\u015f\u0131k 30 y\u0131l aradan sonra Nev\u015fehir\u2019den bir ismin bakan olarak g\u00f6rev almas\u0131n\u0131n memnuniyet verici oldu\u011funu belirterek, kentin ve \u00fclkenin gelece\u011fi ad\u0131na birlik ve beraberlik mesaj\u0131 verdi:<\/p>\n<p>Birli\u011finiz daim olsun. Valimiz, bakan\u0131m\u0131z ve belediye ba\u015fkanlar\u0131m\u0131zla birlikte Nev\u015fehir\u2019in \u00e7ok daha g\u00fczel g\u00fcnlere y\u00fcr\u00fcmesini temenni ediyorum. Nev\u015fehir\u2019den gayretli bir ses bekliyoruz.<\/p>\n<p><img decoding=\"async\" src=\"https:\/\/bihavadis.com\/wp-content\/uploads\/2026\/03\/bakan-gurlek-cumhurbaskani-erdogani-nevsehirli-hemsehrileriyle-konusturdu-1-McH1457d.jpg\"\/><\/p>\n<p><strong>G\u00dcRLEK: &#8220;HEYECANINIZI SAYIN CUMHURBA\u015eKANIMIZA \u0130LET\u0130YORUZ&#8221;<\/strong><\/p>\n<p>Adalet Bakan\u0131 Ak\u0131n G\u00fcrlek de konu\u015fmas\u0131nda Cumhurba\u015fkan\u0131 Erdo\u011fan\u2019a sayg\u0131lar\u0131n\u0131 sundu\u011funu belirterek, Nev\u015fehir\u2019deki te\u015fkilat mensuplar\u0131n\u0131n ve vatanda\u015flar\u0131n heyecan\u0131n\u0131 Cumhurba\u015fkan\u0131\u2019na ilettiklerini ifade etti.<\/p>\n<p>Ziyaret, kar\u015f\u0131l\u0131kl\u0131 iyi dileklerin ard\u0131ndan sona erdi.<\/p>\n<p><img decoding=\"async\" src=\"https:\/\/bihavadis.com\/wp-content\/uploads\/2026\/03\/bakan-gurlek-cumhurbaskani-erdogani-nevsehirli-hemsehrileriyle-konusturdu-2-bFp6YlCz.jpg\"\/><\/p>\n<p><img decoding=\"async\" src=\"https:\/\/bihavadis.com\/wp-content\/uploads\/2026\/03\/bakan-gurlek-cumhurbaskani-erdogani-nevsehirli-hemsehrileriyle-konusturdu-3-5chaswYP.jpg\"\/><\/p>\n<p><img decoding=\"async\" src=\"https:\/\/bihavadis.com\/wp-content\/uploads\/2026\/03\/bakan-gurlek-cumhurbaskani-erdogani-nevsehirli-hemsehrileriyle-konusturdu-4-dBa1XID1.jpg\"\/><\/p>\n<p><img decoding=\"async\" src=\"https:\/\/bihavadis.com\/wp-content\/uploads\/2026\/03\/bakan-gurlek-cumhurbaskani-erdogani-nevsehirli-hemsehrileriyle-konusturdu-5-O57PSHRj.jpg\"\/><\/p>\n<p><img decoding=\"async\" src=\"https:\/\/bihavadis.com\/wp-content\/uploads\/2026\/03\/bakan-gurlek-cumhurbaskani-erdogani-nevsehirli-hemsehrileriyle-konusturdu-6-tOkhHgRM.jpg\"\/><\/p>\n<p><img decoding=\"async\" src=\"https:\/\/bihavadis.com\/wp-content\/uploads\/2026\/03\/bakan-gurlek-cumhurbaskani-erdogani-nevsehirli-hemsehrileriyle-konusturdu-7-uJTYcS93.jpg\"\/><\/p>\n<p><img decoding=\"async\" src=\"https:\/\/bihavadis.com\/wp-content\/uploads\/2026\/03\/bakan-gurlek-cumhurbaskani-erdogani-nevsehirli-hemsehrileriyle-konusturdu-8-laL4Unt4.jpg\"\/><\/p>\n<p><img decoding=\"async\" src=\"https:\/\/bihavadis.com\/wp-content\/uploads\/2026\/03\/bakan-gurlek-cumhurbaskani-erdogani-nevsehirli-hemsehrileriyle-konusturdu-9-rGEhZCQU.jpg\"\/> <\/p>\n<div> <span><strong>Kaynak:<\/strong> Ensonhaber Haber Merkezi<\/span> <\/div>\n","protected":false},"excerpt":{"rendered":"<p>Adalet Bakan\u0131 Ak\u0131n G\u00fcrlek, ilk resmi ziyaretini memleketi Nev\u015fehir\u2019de ger\u00e7ekle\u015ftirdi. AK Parti \u0130l Ba\u015fkanl\u0131\u011f\u0131\u2019nda partililerle bir araya gelen G\u00fcrlek\u2019e, \u0130l Ba\u015fkan\u0131 Muhammed Feyzi Ayg\u00fcn ile milletvekilleri Emre \u00c7al\u0131\u015fkan ve S\u00fcleyman \u00d6zg\u00fcn e\u015flik etti &#8230;<\/p>\n","protected":false},"author":1,"featured_media":71884,"comment_status":"open","ping_status":"open","sticky":false,"template":"","format":"standard","meta":{"footnotes":""},"categories":[9,4,12],"tags":[436,969],"class_list":["post-71883","post","type-post","status-publish","format-standard","has-post-thumbnail","hentry","category-genel","category-gundem","category-siyaset","tag-bakan","tag-nevsehir"],"_links":{"self":[{"href":"https:\/\/bihavadis.com\/index.php\/wp-json\/wp\/v2\/posts\/71883","targetHints":{"allow":["GET"]}}],"collection":[{"href":"https:\/\/bihavadis.com\/index.php\/wp-json\/wp\/v2\/posts"}],"about":[{"href":"https:\/\/bihavadis.com\/index.php\/wp-json\/wp\/v2\/types\/post"}],"author":[{"embeddable":true,"href":"https:\/\/bihavadis.com\/index.php\/wp-json\/wp\/v2\/users\/1"}],"replies":[{"embeddable":true,"href":"https:\/\/bihavadis.com\/index.php\/wp-json\/wp\/v2\/comments?post=71883"}],"version-history":[{"count":1,"href":"https:\/\/bihavadis.com\/index.php\/wp-json\/wp\/v2\/posts\/71883\/revisions"}],"predecessor-version":[{"id":71895,"href":"https:\/\/bihavadis.com\/index.php\/wp-json\/wp\/v2\/posts\/71883\/revisions\/71895"}],"wp:featuredmedia":[{"embeddable":true,"href":"https:\/\/bihavadis.com\/index.php\/wp-json\/wp\/v2\/media\/71884"}],"wp:attachment":[{"href":"https:\/\/bihavadis.com\/index.php\/wp-json\/wp\/v2\/media?parent=71883"}],"wp:term":[{"taxonomy":"category","embeddable":true,"href":"https:\/\/bihavadis.com\/index.php\/wp-json\/wp\/v2\/categories?post=71883"},{"taxonomy":"post_tag","embeddable":true,"href":"https:\/\/bihavadis.com\/index.php\/wp-json\/wp\/v2\/tags?post=71883"}],"curies":[{"name":"wp","href":"https:\/\/api.w.org\/{rel}","templated":true}]}}