{"id":7190,"date":"2026-01-31T01:24:06","date_gmt":"2026-01-31T01:24:06","guid":{"rendered":"https:\/\/bihavadis.com\/?p=7190"},"modified":"2026-01-31T01:24:06","modified_gmt":"2026-01-31T01:24:06","slug":"yukumluler-okulu-boyayip-somestir-sonrasi-egitim-donemine-hazirladi","status":"publish","type":"post","link":"https:\/\/bihavadis.com\/index.php\/2026\/01\/31\/yukumluler-okulu-boyayip-somestir-sonrasi-egitim-donemine-hazirladi\/","title":{"rendered":"Y\u00fck\u00fcml\u00fcler, okulu boyay\u0131p s\u00f6mestir sonras\u0131 e\u011fitim d\u00f6nemine haz\u0131rlad\u0131"},"content":{"rendered":"<p>\n<p>KAYSER\u0130 Cumhuriyet Ba\u015fsavc\u0131l\u0131\u011f\u0131 Denetimli Serbestlik M\u00fcd\u00fcrl\u00fc\u011f\u00fc&#8217;n\u00fcn &#8216;Her F\u0131r\u00e7ada Bir De\u011fi\u015fim&#8217; projesi kapsam\u0131nda 20 y\u00fck\u00fcml\u00fc, \u015eehit Nuri Ayd\u0131n Sa\u011f\u0131r Anadolu Lisesi&#8217;ni boyayarak s\u00f6mestir sonras\u0131 e\u011fitim d\u00f6nemine haz\u0131r hale getirdi. \u0130l Milli E\u011fitim M\u00fcd\u00fcr Yard\u0131mc\u0131s\u0131 \u0130lyas Y\u0131lmaz, projeye ili\u015fkin, &#8220;\u00c7ok g\u00fczel verim elde ettik. \u015eu an 13&#8217;\u00fcnc\u00fc okulumuzu boyuyoruz&#8221; dedi.<\/p>\n<p> Kayseri Cumhuriyet Ba\u015fsavc\u0131l\u0131\u011f\u0131 Denetimli Serbestlik M\u00fcd\u00fcrl\u00fc\u011f\u00fc, y\u00fck\u00fcml\u00fclerin meslek \u00f6\u011frenerek topluma kazand\u0131r\u0131lmas\u0131 amac\u0131yla meslek edindirme projelerine devam ediyor. Denetimli Serbestlik M\u00fcd\u00fcrl\u00fc\u011f\u00fc b\u00fcnyesinde faaliyet g\u00f6steren boyac\u0131l\u0131k kursunda e\u011fitim alan 20 y\u00fck\u00fcml\u00fc, \u00f6\u011frencilerin olmad\u0131\u011f\u0131 yaz tatili d\u00f6neminde; 2025-2026 e\u011fitim \u00f6\u011fretim d\u00f6neminde s\u00f6mestir tatilinde boya yaparak, okullar\u0131 yeni d\u00f6neme haz\u0131rl\u0131yor. Y\u00fck\u00fcml\u00fcler, Talas il\u00e7esi Mevlana Mahallesi&#8217;nde yer alan \u015eehit Nuri Ayd\u0131n Sa\u011f\u0131r Anadolu Lisesi&#8217;ni boyayarak okulun s\u00f6mestir sonras\u0131 e\u011fitim \u00f6\u011fretim d\u00f6nemine haz\u0131rlanmas\u0131na katk\u0131da bulundu. <\/p>\n<p>&#8216;ASIL AMACIMIZ Y\u00dcK\u00dcML\u00dcLER\u0130 MESLEK SAH\u0130B\u0130 YAPMAK&#8217;<\/p>\n<p>\u0130l Milli E\u011fitim M\u00fcd\u00fcr Yard\u0131mc\u0131s\u0131 \u0130lyas Y\u0131lmaz, &#8220;Buradaki amac\u0131m\u0131z hem devletimize maddi katk\u0131 sa\u011flamak hem manevi g\u00fczellikler olu\u015fturmak hem de bu denetimli serbestlik b\u00fcnyesindeki arkada\u015flar\u0131m\u0131z\u0131 g\u00fcnleri bitip de serbest hayata d\u00f6nd\u00fcklerinde i\u015f sahibi yapmak. En \u00f6nemlisi de h\u00fck\u00fcml\u00fcler cezaevinden \u00e7\u0131kt\u0131ktan sonra i\u015f arama diye bir durumlar\u0131 olmayacak. Kendi i\u015flerinde \u00e7al\u0131\u015f\u0131p, in\u015fallah kazan\u00e7lar\u0131n\u0131 elde edip hayatlar\u0131n\u0131 devam ettirecekler. Biz bu i\u015fi genelde \u00f6\u011frencinin olmad\u0131\u011f\u0131 zaman yap\u0131yoruz. Ara tatillerde, yaz tatilinde ve s\u00f6mestir tatilinde yap\u0131yoruz. Devam ediyoruz. Bundan sonra da devam edece\u011fiz. Gelecek y\u0131l daha fazla h\u00fck\u00fcml\u00fc\u011fe e\u011fitim vererek daha fazla arkada\u015f\u0131m\u0131z\u0131 bu i\u015fe ba\u015flataca\u011f\u0131z. A\u015fa\u011f\u0131 yukar\u0131 seneye bu h\u0131zla art\u0131p gidecek. 100&#8217;e kadar \u00e7\u0131karmay\u0131 d\u00fc\u015f\u00fcn\u00fcyoruz. Velilerimiz de bu uygulamay\u0131 \u00e7ok seviyorlar. \u00c7\u00fcnk\u00fc biz okullar\u0131m\u0131z\u0131 Milli E\u011fitim Bakanl\u0131\u011f\u0131 olarak boyuyoruz ama burada da destek al\u0131yoruz. Velilerimiz geldi\u011finde okulu daha temiz g\u00f6r\u00fcyor. Velilerimize bu projeyi anlatt\u0131\u011f\u0131m\u0131zda daha da memnun kal\u0131yorlar. Tabi ki devletimiz bunu yap\u0131yor ve yapmaya devam ediyor ama bizim as\u0131l amac\u0131m\u0131z bu arkada\u015flar\u0131m\u0131z\u0131 i\u015f sahibi yapmak. Velilerimizi de bu konuda bilgilendirdi\u011fimiz zaman takdir ediyor, be\u011feniyor ve te\u015fekk\u00fcr ediyorlar&#8221; diye konu\u015ftu. <\/p>\n","protected":false},"excerpt":{"rendered":"<p>KAYSER\u0130 Cumhuriyet Ba\u015fsavc\u0131l\u0131\u011f\u0131 Denetimli Serbestlik M\u00fcd\u00fcrl\u00fc\u011f\u00fc&#8217;n\u00fcn &#8216;Her F\u0131r\u00e7ada Bir De\u011fi\u015fim&#8217; projesi kapsam\u0131nda 20 y\u00fck\u00fcml\u00fc, \u015eehit Nuri Ayd\u0131n Sa\u011f\u0131r Anadolu Lisesi&#8217;ni boyayarak s\u00f6mestir sonras\u0131 e\u011fitim d\u00f6nemine haz\u0131r hale getirdi.<\/p>\n","protected":false},"author":1,"featured_media":7191,"comment_status":"open","ping_status":"open","sticky":false,"template":"","format":"standard","meta":{"footnotes":""},"categories":[9,4,13],"tags":[233,395,449,1306],"class_list":["post-7190","post","type-post","status-publish","format-standard","has-post-thumbnail","hentry","category-genel","category-gundem","category-son-dakika","tag-egitim","tag-is","tag-mudur","tag-serbest"],"_links":{"self":[{"href":"https:\/\/bihavadis.com\/index.php\/wp-json\/wp\/v2\/posts\/7190","targetHints":{"allow":["GET"]}}],"collection":[{"href":"https:\/\/bihavadis.com\/index.php\/wp-json\/wp\/v2\/posts"}],"about":[{"href":"https:\/\/bihavadis.com\/index.php\/wp-json\/wp\/v2\/types\/post"}],"author":[{"embeddable":true,"href":"https:\/\/bihavadis.com\/index.php\/wp-json\/wp\/v2\/users\/1"}],"replies":[{"embeddable":true,"href":"https:\/\/bihavadis.com\/index.php\/wp-json\/wp\/v2\/comments?post=7190"}],"version-history":[{"count":1,"href":"https:\/\/bihavadis.com\/index.php\/wp-json\/wp\/v2\/posts\/7190\/revisions"}],"predecessor-version":[{"id":7192,"href":"https:\/\/bihavadis.com\/index.php\/wp-json\/wp\/v2\/posts\/7190\/revisions\/7192"}],"wp:featuredmedia":[{"embeddable":true,"href":"https:\/\/bihavadis.com\/index.php\/wp-json\/wp\/v2\/media\/7191"}],"wp:attachment":[{"href":"https:\/\/bihavadis.com\/index.php\/wp-json\/wp\/v2\/media?parent=7190"}],"wp:term":[{"taxonomy":"category","embeddable":true,"href":"https:\/\/bihavadis.com\/index.php\/wp-json\/wp\/v2\/categories?post=7190"},{"taxonomy":"post_tag","embeddable":true,"href":"https:\/\/bihavadis.com\/index.php\/wp-json\/wp\/v2\/tags?post=7190"}],"curies":[{"name":"wp","href":"https:\/\/api.w.org\/{rel}","templated":true}]}}