{"id":71952,"date":"2026-03-28T02:09:07","date_gmt":"2026-03-28T02:09:07","guid":{"rendered":"https:\/\/bihavadis.com\/?p=71952"},"modified":"2026-03-28T02:09:07","modified_gmt":"2026-03-28T02:09:07","slug":"tcg-anadolu-gemisi-hollanda-medyasinda-genis-yer-buldu","status":"publish","type":"post","link":"https:\/\/bihavadis.com\/index.php\/2026\/03\/28\/tcg-anadolu-gemisi-hollanda-medyasinda-genis-yer-buldu\/","title":{"rendered":"TCG Anadolu Gemisi, Hollanda medyas\u0131nda geni\u015f yer buldu"},"content":{"rendered":"<p>NATO&#8217;nun Steadfast Dart tatbikat\u0131 kapsam\u0131nda Rotterdam Liman\u0131&#8217;na demir atan T\u00fcrk Deniz Kuvvetlerine ait\u00a0TCG\u00a0Anadolu S\u0130HA gemisi ve di\u011fer sava\u015f gemileri, Hollanda bas\u0131n\u0131nda geni\u015f yer buldu.<\/p>\n<p><strong>&#8220;ETK\u0130LEY\u0130C\u0130 G\u00d6R\u00dcNT\u00dc&#8221;<\/strong><\/p>\n<p>Beraberindeki 3 sava\u015f gemisiyle 26 \u015eubat&#8217;ta Rotterdam Liman\u0131&#8217;na demirleyen 232 metre uzunlu\u011fundaki\u00a0TCG\u00a0Anadolu S\u0130HA gemisi, Hollanda medyas\u0131nca okuyucular\u0131na <b><em>&#8220;etkileyici g\u00f6r\u00fcnt\u00fc&#8221;<\/em><\/b> olarak duyuruldu.<\/p>\n<p>Yerel gazete Algemeen Dagblad, <b><em>&#8220;Etkileyici g\u00f6r\u00fcnt\u00fc: T\u00fcrk donanmas\u0131n\u0131n 4 gemisi, Rotterdam Liman\u0131&#8217;nda&#8221;<\/em><\/b> ba\u015fl\u0131kl\u0131 haberinde, gemilerin \u015fehrin merkezinde, Erasmus K\u00f6pr\u00fcs\u00fc&#8217;n\u00fcn hemen yan\u0131nda g\u00f6r\u00fcn\u00fcr \u015fekilde demirledi\u011fini aktard\u0131.<\/p>\n<p>Haberde; Rotterdam Liman \u0130\u015fletmesi S\u00f6zc\u00fcs\u00fc&#8217;n\u00fcn, <em>&#8220;Bu \u00e7ok etkileyici bir g\u00f6r\u00fcnt\u00fc. 3 gemi, \u015fehrin tam ortas\u0131nda, Erasmus K\u00f6pr\u00fcs\u00fc&#8217;n\u00fcn yan\u0131nda \u00e7ok g\u00f6r\u00fcn\u00fcr bir \u015fekilde duruyor.&#8221; <\/em>ifadelerine yer verildi.<\/p>\n<p><img decoding=\"async\" src=\"https:\/\/bihavadis.com\/wp-content\/uploads\/2026\/03\/tcg-anadolu-gemisi-hollanda-medyasinda-genis-yer-buldu-0-dQD6vgGA.jpg\"\/><\/p>\n<p><strong>GEM\u0130LER 1 MART&#8217;A KADAR \u015eEH\u0130RDE<\/strong><\/p>\n<p>NU haber sitesi,\u00a0TCG\u00a0Anadolu&#8217;nun Rotterdam Liman\u0131&#8217;na yana\u015fma g\u00f6r\u00fcnt\u00fclerini payla\u015f\u0131rken, BN\/De Stem haber sitesi de benzer \u015fekilde 4 geminin d\u00fcn sabahtan itibaren limanda bulundu\u011funu ve 1 Mart Pazar g\u00fcn\u00fcne kadar \u015fehirde kalaca\u011f\u0131n\u0131 bildirdi.<\/p>\n<p>Denizcilik haberleri payla\u015fan Marina Schepen adl\u0131 site, detayl\u0131 haberinde ayn\u0131 tarihlerde Amsterdam&#8217;da bulunan Frans\u0131z gemileriyle\u00a0TCG\u00a0Anadolu&#8217;nun kar\u015f\u0131la\u015ft\u0131rmas\u0131na yer verdi ve\u00a0TCG\u00a0Anadolu&#8217;nun \u00fcst\u00fcn y\u00f6nlerini anlatt\u0131.<\/p>\n<p><img decoding=\"async\" src=\"https:\/\/bihavadis.com\/wp-content\/uploads\/2026\/03\/tcg-anadolu-gemisi-hollanda-medyasinda-genis-yer-buldu-1-6whkdMcF.jpg\"\/><\/p>\n<p><strong>&#8220;3 T\u00dcRK GEM\u0130S\u0130 \u015eEHR\u0130N KALB\u0130NDE DURUYOR&#8221;<\/strong><\/p>\n<p>Marina Schepen&#8217;in internet sayfas\u0131nda,<b><em> &#8220;Per\u015fembe sabah\u0131ndan bu yana Rotterdam&#8217;da 4 T\u00fcrk deniz kuvveti gemisi bulunuyor. Amsterdam&#8217;daki Frans\u0131z firkateyninin aksine 3 T\u00fcrk gemisi \u015fehrin kalbinde duruyor.&#8221; <\/em><\/b>denilirken \u015fehir merkezindeki k\u00f6pr\u00fclerde, geminin rahatl\u0131kla g\u00f6r\u00fclebildi\u011fi y\u00fcr\u00fcy\u00fc\u015fler yap\u0131labilece\u011fi okuyucuya aktar\u0131ld\u0131.<\/p>\n<p><img decoding=\"async\" src=\"https:\/\/bihavadis.com\/wp-content\/uploads\/2026\/03\/tcg-anadolu-gemisi-hollanda-medyasinda-genis-yer-buldu-2-MOOaljUx.jpg\"\/><\/p>\n<p><strong>&#8220;GEM\u0130DE, AH-1W SUPER COBRA SAVA\u015e HEL\u0130KOPTERLER\u0130 KONU\u015eLANMI\u015e&#8221;<\/strong><\/p>\n<p>Rodi haber sitesi ise \u0130stanbul ve Oru\u00e7reis firkateynleri, ikmal gemisi Derya ve &#8220;en b\u00fcy\u00fc\u011f\u00fc&#8221; olarak nitelendirdi\u011fi amfibi h\u00fccum gemisi\/drone ve helikopter gemisi\u00a0TCG\u00a0Anadolu hakk\u0131nda detayl\u0131 bilgi verdi.<\/p>\n<p>Haberde, <b><em>&#8220;Anadolu, denizalt\u0131 sava\u015f\u0131 ve arama kurtarma operasyonlar\u0131 i\u00e7in uygun S-70B Seahawk gibi helikopterlere ev sahipli\u011fi yap\u0131yor. Ayr\u0131ca gemide, AH-1W Super Cobra sava\u015f helikopterleri konu\u015flanm\u0131\u015f durumda, silahl\u0131 ve silahs\u0131z drone&#8217;lar da ta\u015f\u0131yor.&#8221; <\/em><\/b>ifadeleri kullan\u0131ld\u0131.<\/p>\n<p><img decoding=\"async\" src=\"https:\/\/bihavadis.com\/wp-content\/uploads\/2026\/03\/tcg-anadolu-gemisi-hollanda-medyasinda-genis-yer-buldu-3-XIBFBcz7.jpg\"\/><\/p>\n<p><strong>HOLLANDA&#8217;DAK\u0130 T\u00dcRKLER VE HOLLANDALILAR GEM\u0130N\u0130N BULUNDU\u011eU L\u0130MANI Z\u0130YARET ETT\u0130<\/strong><\/p>\n<p>NATO&#8217;nun Hollanda&#8217;daki Brunssum M\u00fc\u015fterek Kuvvet Komutanl\u0131\u011f\u0131n\u0131n (JFC Brunssum), Almanya&#8217;n\u0131n ev sahipli\u011finde d\u00fczenledi\u011fi <b><em>&#8220;Steadfast Dart 2026&#8221;<\/em><\/b> tatbikat\u0131na, T\u00fcrkiye&#8217;nin yerli ve milli \u00fcretim te\u00e7hizat\u0131 ve ara\u00e7lar\u0131 da g\u00f6r\u00fcc\u00fcye \u00e7\u0131karken; TCG Anadolu, TCG Derya, TCG \u0130stanbul ve TCG Oru\u00e7reis gemilerinin yan\u0131 s\u0131ra 11 \u00fclkeden 10 binden fazla askeri personel kat\u0131l\u0131yor.<\/p>\n<p><img decoding=\"async\" src=\"https:\/\/bihavadis.com\/wp-content\/uploads\/2026\/03\/tcg-anadolu-gemisi-hollanda-medyasinda-genis-yer-buldu-4-4vQMHRfO.jpg\"\/> <\/p>\n<div> <span><strong>Kaynak:<\/strong> Anadolu Ajans\u0131 (AA)<\/span> <\/div>\n","protected":false},"excerpt":{"rendered":"<p>NATO&#8217;nun Steadfast Dart tatbikat\u0131 kapsam\u0131nda Rotterdam Liman\u0131&#8217;na demir atan T\u00fcrk Deniz Kuvvetlerine ait\u00a0TCG\u00a0Anadolu S\u0130HA gemisi ve di\u011fer sava\u015f gemileri, Hollanda bas\u0131n\u0131nda geni\u015f yer buldu. &#8220;ETK\u0130LEY\u0130C\u0130 G\u00d6R\u00dcNT\u00dc&#8221; Beraberindeki 3 sava\u015f gemisiyle 26 \u015eubat &#8230;<\/p>\n","protected":false},"author":1,"featured_media":71953,"comment_status":"open","ping_status":"open","sticky":false,"template":"","format":"standard","meta":{"footnotes":""},"categories":[8],"tags":[3483,1900,3489,1925,517],"class_list":["post-71952","post","type-post","status-publish","format-standard","has-post-thumbnail","hentry","category-ekonomi","tag-anadolu","tag-gemiler","tag-gemisi","tag-tcg","tag-turk"],"_links":{"self":[{"href":"https:\/\/bihavadis.com\/index.php\/wp-json\/wp\/v2\/posts\/71952","targetHints":{"allow":["GET"]}}],"collection":[{"href":"https:\/\/bihavadis.com\/index.php\/wp-json\/wp\/v2\/posts"}],"about":[{"href":"https:\/\/bihavadis.com\/index.php\/wp-json\/wp\/v2\/types\/post"}],"author":[{"embeddable":true,"href":"https:\/\/bihavadis.com\/index.php\/wp-json\/wp\/v2\/users\/1"}],"replies":[{"embeddable":true,"href":"https:\/\/bihavadis.com\/index.php\/wp-json\/wp\/v2\/comments?post=71952"}],"version-history":[{"count":1,"href":"https:\/\/bihavadis.com\/index.php\/wp-json\/wp\/v2\/posts\/71952\/revisions"}],"predecessor-version":[{"id":71959,"href":"https:\/\/bihavadis.com\/index.php\/wp-json\/wp\/v2\/posts\/71952\/revisions\/71959"}],"wp:featuredmedia":[{"embeddable":true,"href":"https:\/\/bihavadis.com\/index.php\/wp-json\/wp\/v2\/media\/71953"}],"wp:attachment":[{"href":"https:\/\/bihavadis.com\/index.php\/wp-json\/wp\/v2\/media?parent=71952"}],"wp:term":[{"taxonomy":"category","embeddable":true,"href":"https:\/\/bihavadis.com\/index.php\/wp-json\/wp\/v2\/categories?post=71952"},{"taxonomy":"post_tag","embeddable":true,"href":"https:\/\/bihavadis.com\/index.php\/wp-json\/wp\/v2\/tags?post=71952"}],"curies":[{"name":"wp","href":"https:\/\/api.w.org\/{rel}","templated":true}]}}