{"id":71960,"date":"2026-03-28T02:12:06","date_gmt":"2026-03-28T02:12:06","guid":{"rendered":"https:\/\/bihavadis.com\/?p=71960"},"modified":"2026-03-28T02:12:06","modified_gmt":"2026-03-28T02:12:06","slug":"bakirhan-bahceliden-ozur-diledi-iddialarini-reddetti","status":"publish","type":"post","link":"https:\/\/bihavadis.com\/index.php\/2026\/03\/28\/bakirhan-bahceliden-ozur-diledi-iddialarini-reddetti\/","title":{"rendered":"Bak\u0131rhan, &#8220;Bah\u00e7eli&#8217;den \u00f6z\u00fcr diledi&#8221; iddialar\u0131n\u0131 reddetti"},"content":{"rendered":"<p> DEM Parti E\u015f Genel Ba\u015fkan\u0131 Tuncer Bak\u0131rhan, MHP Genel Ba\u015fkan\u0131 Devlet Bah\u00e7eli&#8217;nin &#8220;Anadolu huzura, \u00d6calan umuda, Ahmet&#8217;ler makama, Demirta\u015f yuvas\u0131na d\u00f6n\u00fcnceye kadar karar\u0131m\u0131z net&#8221; a\u00e7\u0131klamas\u0131n\u0131 &#8220;S\u00fcrecin tekrar esas g\u00fcndem olmas\u0131n\u0131 sa\u011flayan kritik bir a\u00e7\u0131klamad\u0131r&#8221; ifadeleriyle de\u011ferlendirdi. Bak\u0131rhan ayr\u0131ca, Devlet Bah\u00e7eli&#8217;yi aray\u0131p Nusaybin&#8217;deki konu\u015fmas\u0131 nedeniyle \u00f6z\u00fcr diledi\u011fi iddialar\u0131n\u0131 yalanlad\u0131.<\/p>\n<p><b>&#8220;S\u00dcREC\u0130N ESAS G\u00dcNDEM OLMASINI SA\u011eLAYAN KR\u0130T\u0130K A\u00c7IKLAMA&#8221;<\/b><\/p>\n<p>Bak\u0131rhan, Devlet Bah\u00e7eli&#8217;nin &#8220;Anadolu huzura, \u00d6calan umuda, Ahmet&#8217;ler makama, Demirta\u015f yuvas\u0131na d\u00f6n\u00fcnceye kadar karar\u0131m\u0131z net&#8221; a\u00e7\u0131klamas\u0131n\u0131 de\u011ferlendirdi. Bah\u00e7eli&#8217;nin bu a\u00e7\u0131klamas\u0131 hat\u0131rlat\u0131larak, &#8220;S\u00fcrece etkisi ne olur?&#8221; diye sorulan Bak\u0131rhan, \u015f\u00f6yle yan\u0131t verdi:<\/p>\n<p>&#8220;Say\u0131n Bah\u00e7eli&#8217;nin grup toplant\u0131s\u0131nda umut hakk\u0131na, kayyumlara ve Say\u0131n Demirta\u015f&#8217;a dair s\u00f6yledikleri \u00f6nemlidir. Bir s\u00fcredir Suriye g\u00fcndemiyle sessiz moda al\u0131nan s\u00fcrecin tekrar esas g\u00fcndem olmas\u0131n\u0131 sa\u011flayan kritik bir a\u00e7\u0131klamad\u0131r. Vurgu boyutu ile ikinci bir 22 Ekim diyebiliriz. Say\u0131n Bah\u00e7eli&#8217;nin bahsetti\u011fi ad\u0131mlar\u0131n at\u0131lmas\u0131yla Suriye&#8217;deki geli\u015fmeler ve komisyon s\u00fcrecinden \u00f6t\u00fcr\u00fc bir s\u00fcredir sessiz moda al\u0131nan bar\u0131\u015f ve demokratik toplum s\u00fcrecinin \u00f6n\u00fc a\u00e7\u0131l\u0131r. S\u00fcre\u00e7 g\u00fcndemine d\u00f6nmemiz gereken bu g\u00fcnlerde, \u00f6n a\u00e7\u0131c\u0131 ve h\u0131zland\u0131r\u0131c\u0131 ad\u0131mlar\u0131n iktidar taraf\u0131ndan at\u0131lmas\u0131 gerekiyor.&#8221;<\/p>\n<p>\u00d6te yandan Say\u0131n Bah\u00e7eli&#8217;nin partimize d\u00f6n\u00fck \u00e7a\u011fr\u0131s\u0131 ve kayg\u0131lar\u0131n\u0131 da dinledik. Eminiz ki, en \u00e7ok Say\u0131n Bah\u00e7eli ve MHP&#8217;liler bizim bar\u0131\u015f talebinde ne kadar \u0131srarc\u0131 ve inat\u00e7\u0131 oldu\u011fumuzu biliyor. Say\u0131n \u00d6calan&#8217;\u0131n 27 \u015eubat&#8217;ta yapt\u0131\u011f\u0131 Asr\u0131n \u00c7a\u011fr\u0131s\u0131&#8217;na hem fikri hem de kalben kat\u0131l\u0131yoruz, destek\u00e7isiyiz. \u00c7a\u011fr\u0131n\u0131n bar\u0131\u015fa d\u00f6n\u00fc\u015fmesi i\u00e7in elimizden geleni yapt\u0131k ve yapmaya devam edece\u011fiz. Bu kapsamda, Say\u0131n Bah\u00e7eli&#8217;nin a\u00e7\u0131klamalar\u0131n\u0131n bize bakan y\u00f6n\u00fc a\u00e7\u0131kt\u0131r. \u00dcst\u00fcm\u00fcze d\u00fc\u015feni yapar\u0131z. Fakat iktidar\u0131n, Say\u0131n Bah\u00e7eli&#8217;nin bahsetti\u011fi ve s\u00fcreci h\u0131zland\u0131racak, \u00f6n\u00fcn\u00fc a\u00e7acak ad\u0131mlar\u0131 atmas\u0131 hepimizin ortak beklentisi ve talebidir.&#8221;<\/p>\n<p><b>&#8220;BAH\u00c7EL\u0130&#8217;DEN \u00d6Z\u00dcR D\u0130LED\u0130&#8221; \u0130DD\u0130ALARINI YALANLADI<\/b><\/p>\n<p>Bak\u0131rhan, gazeteci \u00c7i\u00e7ek&#8217;in, &#8220;Ge\u00e7ti\u011fimiz g\u00fcnlerde sosyal medyada ve baz\u0131 haber sitelerinde Devlet Bah\u00e7eli&#8217;yi aray\u0131p Nusaybin&#8217;deki konu\u015fmadan \u00f6t\u00fcr\u00fc \u00f6z\u00fcr diledi\u011finiz yaz\u0131ld\u0131. Haber do\u011fru mu? Say\u0131n Bah\u00e7eli&#8217;den \u00f6z\u00fcr dilediniz mi&#8221; sorusunu \u015f\u00f6yle yan\u0131tlad\u0131:<\/p>\n<p> &#8220;Siyaset diyalogsuz olmaz; g\u00f6r\u00fc\u015fme ve fikir al\u0131\u015fveri\u015fi siyasetin temelidir. Yeri ve zaman\u0131 geldi\u011finde Say\u0131n Bah\u00e7eli ile elbette g\u00f6r\u00fc\u015f\u00fcr\u00fcz. \u00dclkenin bar\u0131\u015fa, demokrasiye ve ortak akla ihtiyac\u0131 var. Bu ihtiya\u00e7 i\u00e7in temas da g\u00f6r\u00fc\u015fme de ilkesel olarak m\u00fcmk\u00fcnd\u00fcr ve olmal\u0131d\u0131r. Ancak yak\u0131n zamanda Say\u0131n Bah\u00e7eli ile herhangi bir g\u00f6r\u00fc\u015fme ger\u00e7ekle\u015fmedi. Ama ger\u00e7ekle\u015fmesi bar\u0131\u015fa ula\u015fma yolunda faydal\u0131 olacakt\u0131r. Bu t\u00fcr operasyonel haberlerle m\u00fczakere ve diyalo\u011fun \u00f6n\u00fcne ge\u00e7ilmesi hedefleniyorsa ba\u015far\u0131l\u0131 olamayacaklar.&#8221;<\/p>\n","protected":false},"excerpt":{"rendered":"<p>DEM Parti E\u015f Genel Ba\u015fkan\u0131 Tuncer Bak\u0131rhan, MHP Genel Ba\u015fkan\u0131 Devlet Bah\u00e7eli&#8217;yi aray\u0131p Nusaybin&#8217;deki konu\u015fmadan dolay\u0131 \u00f6z\u00fcr diledi\u011fi iddialar\u0131na yan\u0131t verdi. Bak\u0131rhan iddialar\u0131 yalanlayarak, &#8220;Yak\u0131n zamanda Say\u0131n Bah\u00e7eli ile herhangi bir g\u00f6r\u00fc\u015fme ger\u00e7ekle\u015fmedi. Ama ger\u00e7ekle\u015fmesi bar\u0131\u015fa ula\u015fma yolunda faydal\u0131 olacakt\u0131r. Bu t\u00fcr operasyonel haberlerle m\u00fczakere ve diyalo\u011fun \u00f6n\u00fcne ge\u00e7ilmesi hedefleniyorsa ba\u015far\u0131l\u0131 olamayacaklar&#8221; dedi.<\/p>\n","protected":false},"author":1,"featured_media":71961,"comment_status":"open","ping_status":"open","sticky":false,"template":"","format":"standard","meta":{"footnotes":""},"categories":[12],"tags":[2621,3905,1888,598,3504],"class_list":["post-71960","post","type-post","status-publish","format-standard","has-post-thumbnail","hentry","category-siyaset","tag-bahceli","tag-bakirhan","tag-baris","tag-dem","tag-surecin"],"_links":{"self":[{"href":"https:\/\/bihavadis.com\/index.php\/wp-json\/wp\/v2\/posts\/71960","targetHints":{"allow":["GET"]}}],"collection":[{"href":"https:\/\/bihavadis.com\/index.php\/wp-json\/wp\/v2\/posts"}],"about":[{"href":"https:\/\/bihavadis.com\/index.php\/wp-json\/wp\/v2\/types\/post"}],"author":[{"embeddable":true,"href":"https:\/\/bihavadis.com\/index.php\/wp-json\/wp\/v2\/users\/1"}],"replies":[{"embeddable":true,"href":"https:\/\/bihavadis.com\/index.php\/wp-json\/wp\/v2\/comments?post=71960"}],"version-history":[{"count":1,"href":"https:\/\/bihavadis.com\/index.php\/wp-json\/wp\/v2\/posts\/71960\/revisions"}],"predecessor-version":[{"id":71962,"href":"https:\/\/bihavadis.com\/index.php\/wp-json\/wp\/v2\/posts\/71960\/revisions\/71962"}],"wp:featuredmedia":[{"embeddable":true,"href":"https:\/\/bihavadis.com\/index.php\/wp-json\/wp\/v2\/media\/71961"}],"wp:attachment":[{"href":"https:\/\/bihavadis.com\/index.php\/wp-json\/wp\/v2\/media?parent=71960"}],"wp:term":[{"taxonomy":"category","embeddable":true,"href":"https:\/\/bihavadis.com\/index.php\/wp-json\/wp\/v2\/categories?post=71960"},{"taxonomy":"post_tag","embeddable":true,"href":"https:\/\/bihavadis.com\/index.php\/wp-json\/wp\/v2\/tags?post=71960"}],"curies":[{"name":"wp","href":"https:\/\/api.w.org\/{rel}","templated":true}]}}