{"id":71973,"date":"2026-03-28T02:21:07","date_gmt":"2026-03-28T02:21:07","guid":{"rendered":"https:\/\/bihavadis.com\/?p=71973"},"modified":"2026-03-28T02:21:07","modified_gmt":"2026-03-28T02:21:07","slug":"ak-parti-istanbul-il-baskanliginda-sendikalar-bulusmasi-yapildi","status":"publish","type":"post","link":"https:\/\/bihavadis.com\/index.php\/2026\/03\/28\/ak-parti-istanbul-il-baskanliginda-sendikalar-bulusmasi-yapildi\/","title":{"rendered":"AK Parti \u0130stanbul \u0130l Ba\u015fkanl\u0131\u011f\u0131&#8217;nda &#8220;Sendikalar Bulu\u015fmas\u0131&#8221; yap\u0131ld\u0131"},"content":{"rendered":"<p> AK Parti Genel Ba\u015fkan Yard\u0131mc\u0131s\u0131 ve \u0130nsan Haklar\u0131 Ba\u015fkan\u0131 Hasan Basri Yal\u00e7\u0131n, &#8220;AK Parti iktidarlar\u0131 olarak \u00e7al\u0131\u015fan\u0131n ya\u015fam kalitesini art\u0131rmak i\u00e7in her t\u00fcrl\u00fc m\u00fccadeleyi verdik, vermeye de devam edece\u011fiz.&#8221; dedi.<\/p>\n<p>AK Parti \u0130stanbul \u0130l Ba\u015fkanl\u0131\u011f\u0131 \u0130nsan Haklar\u0131 Ba\u015fkanl\u0131\u011f\u0131nca d\u00fczenlenen &#8220;\u0130nsan Haklar\u0131 ve \u00d6zg\u00fcrl\u00fckleri Kapsam\u0131nda Sendikalar Bulu\u015fmas\u0131&#8221;nda konu\u015fan Yal\u00e7\u0131n, insan haklar\u0131 kavram\u0131n\u0131n yaln\u0131zca soyut bir \u00e7er\u00e7eve olarak g\u00f6r\u00fclmemesi gerekti\u011fini s\u00f6yledi.<\/p>\n<p>Yal\u00e7\u0131n, sendikalar\u0131n adil bir ekonomi i\u00e7in vazge\u00e7ilmez oldu\u011funu dile getirerek, &#8220;Sendikalar\u0131m\u0131z\u0131n varl\u0131\u011f\u0131 i\u015f\u00e7iyle kaimdir, emek\u00e7iyle kaimdir. Emek\u00e7i oldu\u011fu i\u00e7in, emek\u00e7i \u00f6rg\u00fctlendi\u011fi i\u00e7in sendikalar vard\u0131r. Ayn\u0131 \u015fekilde, \u00fcretimin ve istihdam\u0131n s\u00fcreklili\u011fi de insan unsuruna dayan\u0131r. Bu anlamda i\u015f\u00e7i ve i\u015fveren adil, hakkaniyetli ve hak temelli bir zeminde birbirini tamamlayan iki ana unsurdur. Bizler i\u015f\u00e7iyi de i\u015fvereni de her \u015feyden \u00f6nce bir &#8216;insan&#8217; olarak g\u00f6ren bir yakla\u015f\u0131m\u0131 benimsiyoruz.&#8221; diye konu\u015ftu.<\/p>\n<p>Al\u0131n teri ve helal r\u0131z\u0131k kavram\u0131n\u0131n medeniyetlerinin merkezinde yer ald\u0131\u011f\u0131n\u0131 kaydeden Yal\u00e7\u0131n, al\u0131n teri ve eme\u011fin hi\u00e7bir ideolojiye, hizbe, klik veya gruba ipotek edilemeyecek kadar kutsal oldu\u011funu ifade etti.<\/p>\n<p>HAK-\u0130\u015e, MEMUR-SEN ve T\u00dcRK-\u0130\u015e gibi k\u00f6kl\u00fc sendikalar\u0131n \u00fclkedeki sosyal adalet yolculu\u011funda \u00f6nemli roller \u00fcstlendi\u011fine dikkati \u00e7eken Yal\u00e7\u0131n, sendikal m\u00fccadeleyi y\u0131k\u0131c\u0131 bir \u015fekilde alan zihniyete kar\u015f\u0131 bunlar\u0131n emek\u00e7inin hakk\u0131n\u0131 savunmak, al\u0131n terini korumak i\u00e7in \u00e7ok \u00f6nemli katk\u0131larda bulunduklar\u0131n\u0131 kaydetti.<\/p>\n<p>Yal\u00e7\u0131n, 24 y\u0131ll\u0131k AK Parti iktidar\u0131nda \u00e7al\u0131\u015fanlar\u0131n hakk\u0131n\u0131 savunmak i\u00e7in her t\u00fcrl\u00fc icraat\u0131n ve yasal d\u00fczenlemeyi yapt\u0131klar\u0131n\u0131 vurgulayarak, &#8220;Cumhurba\u015fkan\u0131m\u0131z\u0131n &#8216;\u0130nsan\u0131 ya\u015fat ki devlet ya\u015fas\u0131n.&#8217; felsefesiyle hareket etmesi nedeniyle emek\u00e7i insan t\u00fcm siyasetimizin en temelinde merkezindeki rol. Bug\u00fcn bu isti\u015fare toplant\u0131s\u0131n\u0131 yapmam\u0131z\u0131n temelinde de ayn\u0131 mant\u0131k yat\u0131yor. Biz, AK Parti iktidarlar\u0131 olarak \u00e7al\u0131\u015fan\u0131n ya\u015fam kalitesini art\u0131rmak i\u00e7in her t\u00fcrl\u00fc m\u00fccadeleyi verdik, vermeye de devam edece\u011fiz.&#8221; ifadelerini kulland\u0131.<\/p>\n<p>\u0130ktidar alternatifi oldu\u011funu s\u00f6yleyen siyasi partilerin sendikalarla benzer nitelikte toplant\u0131lar yapmad\u0131\u011f\u0131n\u0131 dile getiren Yal\u00e7\u0131n, \u015f\u00f6yle devam etti: <\/p>\n<p>&#8220;\u00dclkeyi \u015fehir \u015fehir geziyorlar, tek dertleri var. H\u0131rs\u0131zl\u0131k ve yolsuzlu\u011fun her t\u00fcrl\u00fcs\u00fcne bula\u015fm\u0131\u015f belediye ba\u015fkanlar\u0131n\u0131n kendi hakk\u0131n\u0131 savunman\u0131n d\u0131\u015f\u0131nda hi\u00e7bir siyasi g\u00fcndemi milletin \u00f6n\u00fcne getirmiyorlar. 23-24 y\u0131ll\u0131k iktidar\u0131m\u0131z d\u00f6neminde bize muhalefet olarak getirdikleri tek bir fikir, tek bir tutarl\u0131 fikir, tek bir siyaset \u00f6nerisi hat\u0131rlam\u0131yoruz. Bu zamana kadar Recep Tayyip Erdo\u011fan d\u00fc\u015fmanl\u0131\u011f\u0131 d\u0131\u015f\u0131nda, toplumun \u00f6n\u00fcne herhangi ba\u015f\u0131 sonu belirli siyaset bile ortaya koymu\u015f de\u011filler. \u00dc\u00e7 y\u0131l\u0131n ard\u0131ndan deprem b\u00f6lgesine gittiler. Deprem b\u00f6lgesinde yine her zaman oldu\u011fu gibi foto\u011fraf \u00e7ektirip, poz verip geri d\u00f6nd\u00fcler. Utanmaz gibi o b\u00f6lgede yapt\u0131klar\u0131 sadece 3-5 konteyner \u00e7al\u0131\u015fmas\u0131n\u0131n propagandas\u0131n\u0131 yap\u0131p d\u00f6nd\u00fcler. \u00dc\u00e7 y\u0131l boyunca Cumhurba\u015fkan\u0131m\u0131z ba\u015fta olmak \u00fczere bakanlar\u0131m\u0131z, milletvekillerimiz, vekalet amirlerimiz, belediye ba\u015fkanlar\u0131m\u0131z, il ba\u015fkanlar\u0131m\u0131z deprem b\u00f6lgesini bir an dahi yaln\u0131z b\u0131rakmad\u0131.&#8221;<\/p>\n<p>Yal\u00e7\u0131n, depremzedelere 455 bin konutun teslim edilmesinin &#8220;siyasi bir icraat&#8221; de\u011fil, &#8220;insana verilen k\u0131ymetin bir g\u00f6stergesi&#8221; oldu\u011funu belirtti.<\/p>\n<p>\u00dclkenin ekonomisini yeniden in\u015fa etmek, daha g\u00fc\u00e7l\u00fc hale getirmek, bir daha k\u0131r\u0131lgan bir yap\u0131ya u\u011framamas\u0131n\u0131 sa\u011flamak i\u00e7in siyasi ve ekonomik program\u0131 takip ettiklerini vurgulayan Yal\u00e7\u0131n, &#8220;Bu \u00fclkeyi bir daha IMF&#8217;lerin eline b\u0131rakmayacak, bu \u00fclkenin insan\u0131n\u0131n refah\u0131n\u0131 bir daha ekonomik krizler esnas\u0131nda kaybetmeyecek ba\u011f\u0131ms\u0131z bir ekonomik yap\u0131 in\u015fa etmek istiyoruz ki bu \u00fclkenin \u00e7al\u0131\u015fan\u0131, emeklisi refah\u0131n\u0131 bir daha ekonomik krizler esnas\u0131nda kaybetmesin. Bunun ac\u0131 m\u00fccadelesini veriyoruz, bunun ac\u0131 re\u00e7etesini \u00f6d\u00fcyoruz. Bu konuyla ilgili CHP&#8217;nin hala topluma s\u00f6yledi\u011fi tek bir c\u00fcmle yok.&#8221; diye konu\u015ftu.<\/p>\n<p>&#8220;Bug\u00fcnk\u00fc isti\u015faremizle bir araya geli\u015fimiz bir final de\u011fil&#8221;<\/p>\n<p>AK Parti \u0130stanbul \u0130l Ba\u015fkan\u0131 Abdullah \u00d6zdemir ise i\u015f\u00e7i ve emek\u00e7ilerin sesi olan sendikalarla bir araya gelip isti\u015fare yapt\u0131klar\u0131n\u0131 anlatt\u0131.<\/p>\n<p>\u00d6zdemir, isti\u015fareyle al\u0131nan kararlar\u0131n\u0131n \u00fclkeyi ve milleti daha ayd\u0131nl\u0131k g\u00fcnlere getirebilece\u011fine y\u00fcrekten inand\u0131klar\u0131n\u0131 ifade ederek, &#8220;Bug\u00fcnk\u00fc isti\u015faremizle bir araya geli\u015fimiz bir final de\u011fil. Bu, sadece bir ba\u015flang\u0131\u00e7.&#8221; dedi.<\/p>\n<p>Siyasi hayat\u0131 boyunca farkl\u0131 g\u00f6revlerde bulundu\u011funu aktaran \u00d6zdemir, &#8220;G\u00f6rev ald\u0131\u011f\u0131m\u0131z her alanda sendikalar\u0131m\u0131z\u0131n a\u00e7\u0131k kabul politikalar\u0131n\u0131 ve kol kola y\u00fcr\u00fcme anlay\u0131\u015f\u0131n\u0131 hamdolsun en \u00fcst \u00f6l\u00e7ekte g\u00f6stermeye gayret ettik. Meclisteki \u00fcyelikten belediye ba\u015fkanl\u0131\u011f\u0131 g\u00f6revimize, ard\u0131ndan il ba\u015fkanl\u0131\u011f\u0131 s\u00fcrecimizde de ayn\u0131 anlay\u0131\u015f\u0131 kuvvetli bir \u015fekilde b\u00fcy\u00fctmenin gayreti i\u00e7erisinde olaca\u011f\u0131z.&#8221; ifadelerini kulland\u0131.<\/p>\n<p>Programa, AK Parti \u0130stanbul \u0130l Ba\u015fkan Yard\u0131mc\u0131s\u0131 Muammer Birdal, HAK-\u0130\u015e \u0130stanbul \u0130l Ba\u015fkan\u0131 Mustafa \u0130luk, Memur-Sen \u0130stanbul \u0130l Ba\u015fkan\u0131 Cesur \u00d6zt\u00fcrk ve T\u00dcRK-\u0130\u015e \u0130stanbul \u0130l Ba\u015fkan\u0131 Halil Faik Erdal da kat\u0131ld\u0131.<\/p>\n<p>Toplant\u0131da insan haklar\u0131, emek ve \u00f6zg\u00fcrl\u00fckler konusunda de\u011ferlendirmeler yap\u0131ld\u0131.<\/p>\n","protected":false},"excerpt":{"rendered":"<p>AK Parti Genel Ba\u015fkan Yard\u0131mc\u0131s\u0131 ve \u0130nsan Haklar\u0131 Ba\u015fkan\u0131 Hasan Basri Yal\u00e7\u0131n, &#8220;AK Parti iktidarlar\u0131 olarak \u00e7al\u0131\u015fan\u0131n ya\u015fam kalitesini art\u0131rmak i\u00e7in her t\u00fcrl\u00fc m\u00fccadeleyi verdik, vermeye de devam edece\u011fiz.<\/p>\n","protected":false},"author":1,"featured_media":71974,"comment_status":"open","ping_status":"open","sticky":false,"template":"","format":"standard","meta":{"footnotes":""},"categories":[12],"tags":[1389,516,1693,7924,2556],"class_list":["post-71973","post","type-post","status-publish","format-standard","has-post-thumbnail","hentry","category-siyaset","tag-ak-parti","tag-baskan","tag-hak","tag-sendikalar","tag-yalcin"],"_links":{"self":[{"href":"https:\/\/bihavadis.com\/index.php\/wp-json\/wp\/v2\/posts\/71973","targetHints":{"allow":["GET"]}}],"collection":[{"href":"https:\/\/bihavadis.com\/index.php\/wp-json\/wp\/v2\/posts"}],"about":[{"href":"https:\/\/bihavadis.com\/index.php\/wp-json\/wp\/v2\/types\/post"}],"author":[{"embeddable":true,"href":"https:\/\/bihavadis.com\/index.php\/wp-json\/wp\/v2\/users\/1"}],"replies":[{"embeddable":true,"href":"https:\/\/bihavadis.com\/index.php\/wp-json\/wp\/v2\/comments?post=71973"}],"version-history":[{"count":1,"href":"https:\/\/bihavadis.com\/index.php\/wp-json\/wp\/v2\/posts\/71973\/revisions"}],"predecessor-version":[{"id":71975,"href":"https:\/\/bihavadis.com\/index.php\/wp-json\/wp\/v2\/posts\/71973\/revisions\/71975"}],"wp:featuredmedia":[{"embeddable":true,"href":"https:\/\/bihavadis.com\/index.php\/wp-json\/wp\/v2\/media\/71974"}],"wp:attachment":[{"href":"https:\/\/bihavadis.com\/index.php\/wp-json\/wp\/v2\/media?parent=71973"}],"wp:term":[{"taxonomy":"category","embeddable":true,"href":"https:\/\/bihavadis.com\/index.php\/wp-json\/wp\/v2\/categories?post=71973"},{"taxonomy":"post_tag","embeddable":true,"href":"https:\/\/bihavadis.com\/index.php\/wp-json\/wp\/v2\/tags?post=71973"}],"curies":[{"name":"wp","href":"https:\/\/api.w.org\/{rel}","templated":true}]}}