{"id":72008,"date":"2026-03-28T02:48:05","date_gmt":"2026-03-28T02:48:05","guid":{"rendered":"https:\/\/bihavadis.com\/?p=72008"},"modified":"2026-03-28T02:48:05","modified_gmt":"2026-03-28T02:48:05","slug":"saglik-bakanligindan-okullarda-uyusturucu-testi-iddialarina-yanit","status":"publish","type":"post","link":"https:\/\/bihavadis.com\/index.php\/2026\/03\/28\/saglik-bakanligindan-okullarda-uyusturucu-testi-iddialarina-yanit\/","title":{"rendered":"Sa\u011fl\u0131k Bakanl\u0131\u011f\u0131\u2019ndan &#8216;Okullarda Uyu\u015fturucu Testi&#8217; iddialar\u0131na yan\u0131t"},"content":{"rendered":"<p>Sa\u011fl\u0131k Bakanl\u0131\u011f\u0131&#8217;n\u0131n yaz\u0131l\u0131 a\u00e7\u0131klamas\u0131nda, <em><b>\u201cBaz\u0131 bas\u0131n yay\u0131n organlar\u0131nda yer alan ve okullar\u0131m\u0131zda \u00e7ocuklara y\u00f6nelik \u2018uyu\u015fturucu testi yap\u0131laca\u011f\u0131\u2019 y\u00f6n\u00fcndeki haberler, kamuoyunda yanl\u0131\u015f anlamalara yol a\u00e7m\u0131\u015ft\u0131r\u201d <\/b><\/em>ifadeleri yer ald\u0131. A\u00e7\u0131klamada, \u00f6zellikle 12-18 ya\u015f aras\u0131 gen\u00e7ler \u00fczerinde davran\u0131\u015fsal dijital ba\u011f\u0131ml\u0131l\u0131k, t\u00fct\u00fcn kullan\u0131m\u0131 ve di\u011fer ba\u011f\u0131ml\u0131l\u0131k risklerinin de\u011ferlendirilece\u011fi bir tarama program\u0131 geli\u015ftirilece\u011fi kaydedildi.<\/p>\n<p><strong>B\u0130L\u0130MSEL VE ET\u0130K TEMELL\u0130 B\u0130R YAKLA\u015eIM<\/strong><\/p>\n<p>Sa\u011fl\u0131k Bakanl\u0131\u011f\u0131, program\u0131n Ba\u011f\u0131ml\u0131l\u0131k Bilim Kurulu akademisyenleriyle i\u015f birli\u011fi i\u00e7inde haz\u0131rlanaca\u011f\u0131n\u0131 ve uluslararas\u0131 bilimsel standartlara uygun olaca\u011f\u0131n\u0131 duyurdu. A\u00e7\u0131klamada, s\u00fcrecin etik ve bilimsel ilkelere uygun y\u00fcr\u00fct\u00fclece\u011fi vurgulanarak \u015fu ifadeler kullan\u0131ld\u0131:<\/p>\n<p>S\u00f6z konusu \u00e7al\u0131\u015fma, herhangi bir biyolojik test uygulamas\u0131n\u0131 de\u011fil, ileti\u015fim dili \u00f6zenle haz\u0131rlanm\u0131\u015f, bilimsel ge\u00e7erlili\u011fi olan anket ve soru formlar\u0131 arac\u0131l\u0131\u011f\u0131yla risk durumlar\u0131n\u0131n erken d\u00f6nemde tespit edilmesini ama\u00e7layan koruyucu bir halk sa\u011fl\u0131\u011f\u0131 yakla\u015f\u0131m\u0131n\u0131 i\u00e7ermektedir.<\/p>\n<p>Program, Milli E\u011fitim Bakanl\u0131\u011f\u0131 i\u015f birli\u011fiyle hayata ge\u00e7irilecek ve gen\u00e7lerin geli\u015fim s\u00fcrecinde ailelerin rol\u00fc merkeze al\u0131nacak.<\/p>\n<p><img decoding=\"async\" src=\"https:\/\/bihavadis.com\/wp-content\/uploads\/2026\/03\/saglik-bakanligindan-okullarda-uyusturucu-testi-iddialarina-yanit-0-c5E2ZixR.jpg\"\/><\/p>\n<p><strong>A\u0130LE B\u0130LG\u0130LEND\u0130RMES\u0130 VE DESTEK MEKAN\u0130ZMASI<\/strong><\/p>\n<p>Bakanl\u0131k, tarama sonu\u00e7lar\u0131na g\u00f6re risk alt\u0131nda olabilece\u011fi belirlenen gen\u00e7lerin, psikolog ve psikiyatri uzmanlar\u0131n\u0131n bulundu\u011fu dan\u0131\u015fmanl\u0131k hizmetlerine y\u00f6nlendirilece\u011fini bildirdi. S\u00fcre\u00e7te ailelerin de bilgilendirilece\u011fi ve destek mekanizmas\u0131n\u0131n bir par\u00e7as\u0131 olaca\u011f\u0131 kaydedildi:<\/p>\n<p>\u00d6zellikle dijital ba\u011f\u0131ml\u0131l\u0131k ba\u015fta olmak \u00fczere ba\u011f\u0131ml\u0131l\u0131k risklerinin, \u00e7o\u011fu zaman aileler taraf\u0131ndan dahi fark edilmeden ilerleyebildi\u011fi erken d\u00f6nemlerde bilimsel destek mekanizmalar\u0131 devreye al\u0131nacakt\u0131r.<\/p>\n<div> <span><strong>Kaynak:<\/strong> Anadolu Ajans\u0131 (AA)<\/span> <\/div>\n","protected":false},"excerpt":{"rendered":"<p>Sa\u011fl\u0131k Bakanl\u0131\u011f\u0131&#8217;n\u0131n yaz\u0131l\u0131 a\u00e7\u0131klamas\u0131nda, \u201cBaz\u0131 bas\u0131n yay\u0131n organlar\u0131nda yer alan ve okullar\u0131m\u0131zda \u00e7ocuklara y\u00f6nelik \u2018uyu\u015fturucu testi yap\u0131laca\u011f\u0131\u2019 y\u00f6n\u00fcndeki haberler, kamuoyunda yanl\u0131\u015f anlamalara yol a\u00e7m\u0131\u015ft\u0131r\u201d ifadeleri yer ald\u0131. A\u00e7\u0131klamada &#8230;<\/p>\n","protected":false},"author":1,"featured_media":72009,"comment_status":"open","ping_status":"open","sticky":false,"template":"","format":"standard","meta":{"footnotes":""},"categories":[11],"tags":[3345,3527],"class_list":["post-72008","post","type-post","status-publish","format-standard","has-post-thumbnail","hentry","category-saglik","tag-bagimlilik","tag-bilimsel"],"_links":{"self":[{"href":"https:\/\/bihavadis.com\/index.php\/wp-json\/wp\/v2\/posts\/72008","targetHints":{"allow":["GET"]}}],"collection":[{"href":"https:\/\/bihavadis.com\/index.php\/wp-json\/wp\/v2\/posts"}],"about":[{"href":"https:\/\/bihavadis.com\/index.php\/wp-json\/wp\/v2\/types\/post"}],"author":[{"embeddable":true,"href":"https:\/\/bihavadis.com\/index.php\/wp-json\/wp\/v2\/users\/1"}],"replies":[{"embeddable":true,"href":"https:\/\/bihavadis.com\/index.php\/wp-json\/wp\/v2\/comments?post=72008"}],"version-history":[{"count":1,"href":"https:\/\/bihavadis.com\/index.php\/wp-json\/wp\/v2\/posts\/72008\/revisions"}],"predecessor-version":[{"id":72011,"href":"https:\/\/bihavadis.com\/index.php\/wp-json\/wp\/v2\/posts\/72008\/revisions\/72011"}],"wp:featuredmedia":[{"embeddable":true,"href":"https:\/\/bihavadis.com\/index.php\/wp-json\/wp\/v2\/media\/72009"}],"wp:attachment":[{"href":"https:\/\/bihavadis.com\/index.php\/wp-json\/wp\/v2\/media?parent=72008"}],"wp:term":[{"taxonomy":"category","embeddable":true,"href":"https:\/\/bihavadis.com\/index.php\/wp-json\/wp\/v2\/categories?post=72008"},{"taxonomy":"post_tag","embeddable":true,"href":"https:\/\/bihavadis.com\/index.php\/wp-json\/wp\/v2\/tags?post=72008"}],"curies":[{"name":"wp","href":"https:\/\/api.w.org\/{rel}","templated":true}]}}