{"id":72026,"date":"2026-03-28T03:03:07","date_gmt":"2026-03-28T03:03:07","guid":{"rendered":"https:\/\/bihavadis.com\/?p=72026"},"modified":"2026-03-28T03:03:07","modified_gmt":"2026-03-28T03:03:07","slug":"baskan-dutlulu-basin-mensuplari-ve-meclis-uyeleriyle-iftarda-bulustu","status":"publish","type":"post","link":"https:\/\/bihavadis.com\/index.php\/2026\/03\/28\/baskan-dutlulu-basin-mensuplari-ve-meclis-uyeleriyle-iftarda-bulustu\/","title":{"rendered":"Ba\u015fkan Dutlulu, Bas\u0131n Mensuplar\u0131 ve Meclis \u00dcyeleriyle \u0130ftarda Bulu\u015ftu"},"content":{"rendered":"<p>Manisa B\u00fcy\u00fck\u015fehir Belediye Ba\u015fkan\u0131 Besim Dutlulu, Ramazan ay\u0131n\u0131n birlik ve dayan\u0131\u015fma ruhunu payla\u015fmak amac\u0131yla B\u00fcy\u00fck\u015fehir Belediyesi Meclis \u00fcyeleri, siyasi parti temsilcileri ve Manisa\u2019da g\u00f6rev yapan bas\u0131n mensuplar\u0131yla iftar program\u0131nda bir araya geldi. Ortak ak\u0131l vurgusu yapan Ba\u015fkan Dutlulu, \u201cSiyasi g\u00f6r\u00fc\u015fleri bir kenara b\u0131rak\u0131p ortak hareket etmemiz gerekti\u011fine inan\u0131yoruz. Tek amac\u0131m\u0131z, 17 il\u00e7esiyle Manisa\u2019ya e\u015fit ve adil hizmet etmektir\u201d dedi.<\/p>\n<p>Saruhan Otel\u2019de d\u00fczenlenen programa Ba\u015fkan Besim Dutlulu\u2019nun yan\u0131 s\u0131ra; CHP Manisa \u0130l Ba\u015fkan\u0131 \u0130lksen \u00d6zalper, il\u00e7e belediye ba\u015fkanlar\u0131, belediye meclis \u00fcyeleri, siyasi parti temsilcileri, B\u00fcy\u00fck\u015fehir Belediyesi Genel Sekreteri Burak Deste, MASK\u0130 Genel M\u00fcd\u00fcr\u00fc Ali K\u0131l\u0131\u00e7, genel sekreter yard\u0131mc\u0131lar\u0131, Manisa Kent Konseyi Ba\u015fkan\u0131 Hakk\u0131 Bayraktar ve y\u00f6netimi, Manisa Gazeteciler Cemiyeti Ba\u015fkan\u0131 \u00d6nder Ayd\u0131n, B\u00fcy\u00fck\u015fehir ve MASK\u0130 daire ba\u015fkanlar\u0131 ile \u00e7ok say\u0131da bas\u0131n mensubu kat\u0131ld\u0131.<\/p>\n<p><b>\u201cYard\u0131mla\u015fman\u0131n ve Payla\u015fman\u0131n Zaman\u0131\u201d<\/b><\/p>\n<p>\u0130ftar \u00f6ncesinde konuklar\u0131n masalar\u0131n\u0131 tek tek ziyaret ederek sohbet eden Ba\u015fkan Besim Dutlulu, kat\u0131l\u0131mlar\u0131 i\u00e7in t\u00fcm konuklara te\u015fekk\u00fcr etti. Ramazan ay\u0131n\u0131n sadece oru\u00e7 tutulan bir d\u00f6nem olmad\u0131\u011f\u0131n\u0131, g\u00f6n\u00fcllerin birbirine yak\u0131nla\u015ft\u0131\u011f\u0131 \u00f6zel bir zaman dilimi oldu\u011funu vurgulayan Dutlulu, \u015funlar\u0131 s\u00f6yledi: \u201cRamazan ay\u0131, birlik ve beraberli\u011fin en g\u00fc\u00e7l\u00fc \u015fekilde hissedildi\u011fi g\u00fcnlerdir. Toplumsal huzurun artt\u0131\u011f\u0131, yard\u0131mla\u015fma ve payla\u015fman\u0131n \u00f6ne \u00e7\u0131kmas\u0131 gereken bir d\u00f6nemdeyiz. \u00dclkemiz de bu m\u00fcbarek ay\u0131 dayan\u0131\u015fma ruhu i\u00e7inde ge\u00e7iriyor. Bizler de iftar sofralar\u0131m\u0131zda \u015fu ana kadar 100 bini a\u015fk\u0131n hem\u015fehrimizle bir araya geldik. Ayr\u0131ca g\u0131da deste\u011fi \u00e7al\u0131\u015fmalar\u0131m\u0131z\u0131 s\u00fcrd\u00fcr\u00fcyoruz. Siyasi partilerimiz de iftar d\u00fczenliyor. Onlar\u0131n da kabul olmas\u0131n\u0131 diliyor; d\u00fcnyada bar\u0131\u015f\u0131n ve huzurun h\u00e2kim oldu\u011fu bir iklim temenni ediyorum.\u201d<\/p>\n<p><b>Ortak Ak\u0131l ve \u0130\u015f Birli\u011fi Vurgusu<\/b><\/p>\n<p>Manisa\u2019da ortak ak\u0131l ve i\u015f birli\u011fi ile hareket etmenin \u00f6nemine dikkat \u00e7eken Ba\u015fkan Dutlulu, s\u00f6zlerine \u015f\u00f6yle devam etti: \u201cBeni en \u00e7ok mutlu eden tablo, \u015fehrimiz i\u00e7in bir araya gelmi\u015f olmam\u0131zd\u0131r. 17 il\u00e7emize e\u015fit, adil ve hakkaniyetli hizmet g\u00f6t\u00fcrmek i\u00e7in siyasi g\u00f6r\u00fc\u015fleri bir kenara b\u0131rakarak ortak hareket etmemiz gerekti\u011fine inan\u0131yoruz. Bug\u00fcn sofram\u0131zda farkl\u0131 siyasi partilerimizden temsilciler, b\u00fcrokratlar\u0131m\u0131z ve Kent Konseyi \u00fcyelerimizle hep birlikteyiz. Bu birliktelik bizi son derece mutlu ediyor. \u00d6n\u00fcm\u00fczdeki g\u00fcnlerde Ankara\u2019da ger\u00e7ekle\u015ftirece\u011fimiz temaslarda; milletvekillerimizle bir araya gelerek Manisa\u2019n\u0131n ihtiya\u00e7lar\u0131n\u0131 ve projelerimizi aktaraca\u011f\u0131z. \u00d6zellikle imar ve su altyap\u0131s\u0131 konusundaki \u00e7al\u0131\u015fmalar\u0131m\u0131z i\u00e7in destek isteyece\u011fiz. Tek amac\u0131m\u0131z, siyasi ayr\u0131m g\u00f6zetmeden 17 il\u00e7esiyle Manisa\u2019ya en iyi hizmeti sunmakt\u0131r.\u201d<\/p>\n<p>Programda konu\u015fan Manisa Kent Konseyi Ba\u015fkan\u0131 Hakk\u0131 Bayraktar ise Ramazan ay\u0131n\u0131n hay\u0131rlara vesile olmas\u0131n\u0131 dileyerek, ev sahipli\u011fi i\u00e7in Ba\u015fkan Besim Dutlulu\u2019ya te\u015fekk\u00fcr etti ve Kent Konseyi\u2019nin y\u00fcr\u00fctt\u00fc\u011f\u00fc \u00e7al\u0131\u015fmalar hakk\u0131nda kat\u0131l\u0131mc\u0131lara bilgi verdi.<\/p>\n<p>\u00a0<\/p>\n<p>Kaynak: (BYZHA) Beyaz Haber Ajans\u0131<\/p>\n","protected":false},"excerpt":{"rendered":"<p>Manisa B\u00fcy\u00fck\u015fehir Belediye Ba\u015fkan\u0131 Besim Dutlulu, Ramazan ay\u0131n\u0131n birlik ve dayan\u0131\u015fma ruhunu payla\u015fmak amac\u0131yla B\u00fcy\u00fck\u015fehir Belediyesi Meclis \u00fcyeleri, siyasi parti temsilcileri ve Manisa\u2019da g\u00f6rev yapan bas\u0131n mensuplar\u0131yla iftar program\u0131nda bir araya geldi.<\/p>\n","protected":false},"author":1,"featured_media":72027,"comment_status":"open","ping_status":"open","sticky":false,"template":"","format":"standard","meta":{"footnotes":""},"categories":[4],"tags":[516,5595,1207,3848,2003],"class_list":["post-72026","post","type-post","status-publish","format-standard","has-post-thumbnail","hentry","category-gundem","tag-baskan","tag-dutlulu","tag-manisa","tag-ortak","tag-siyasi"],"_links":{"self":[{"href":"https:\/\/bihavadis.com\/index.php\/wp-json\/wp\/v2\/posts\/72026","targetHints":{"allow":["GET"]}}],"collection":[{"href":"https:\/\/bihavadis.com\/index.php\/wp-json\/wp\/v2\/posts"}],"about":[{"href":"https:\/\/bihavadis.com\/index.php\/wp-json\/wp\/v2\/types\/post"}],"author":[{"embeddable":true,"href":"https:\/\/bihavadis.com\/index.php\/wp-json\/wp\/v2\/users\/1"}],"replies":[{"embeddable":true,"href":"https:\/\/bihavadis.com\/index.php\/wp-json\/wp\/v2\/comments?post=72026"}],"version-history":[{"count":1,"href":"https:\/\/bihavadis.com\/index.php\/wp-json\/wp\/v2\/posts\/72026\/revisions"}],"predecessor-version":[{"id":72028,"href":"https:\/\/bihavadis.com\/index.php\/wp-json\/wp\/v2\/posts\/72026\/revisions\/72028"}],"wp:featuredmedia":[{"embeddable":true,"href":"https:\/\/bihavadis.com\/index.php\/wp-json\/wp\/v2\/media\/72027"}],"wp:attachment":[{"href":"https:\/\/bihavadis.com\/index.php\/wp-json\/wp\/v2\/media?parent=72026"}],"wp:term":[{"taxonomy":"category","embeddable":true,"href":"https:\/\/bihavadis.com\/index.php\/wp-json\/wp\/v2\/categories?post=72026"},{"taxonomy":"post_tag","embeddable":true,"href":"https:\/\/bihavadis.com\/index.php\/wp-json\/wp\/v2\/tags?post=72026"}],"curies":[{"name":"wp","href":"https:\/\/api.w.org\/{rel}","templated":true}]}}