{"id":72077,"date":"2026-03-28T03:45:09","date_gmt":"2026-03-28T03:45:09","guid":{"rendered":"https:\/\/bihavadis.com\/?p=72077"},"modified":"2026-03-28T03:45:09","modified_gmt":"2026-03-28T03:45:09","slug":"abdulkadir-uraloglu-15-yas-altinin-sosyal-medyada-zaman-gecirmesini-istemiyoruz","status":"publish","type":"post","link":"https:\/\/bihavadis.com\/index.php\/2026\/03\/28\/abdulkadir-uraloglu-15-yas-altinin-sosyal-medyada-zaman-gecirmesini-istemiyoruz\/","title":{"rendered":"Abdulkadir Uralo\u011flu: 15 ya\u015f alt\u0131n\u0131n sosyal medyada zaman ge\u00e7irmesini istemiyoruz"},"content":{"rendered":"<p>K\u00fclliye&#8217;de Ramazan etkinlikleri devam ediyor.\u00a0<\/p>\n<p>Bir\u00e7ok faaliyetin\u00a0Cumhurba\u015fkanl\u0131\u011f\u0131n\u0131n ev sahipli\u011finde, Be\u015ftepe Millet Sergi Salonu&#8217;nda d\u00fczenlenen etkinliklere Ula\u015ft\u0131ma ve Altyap\u0131 Bakan\u0131 Abdulkadir Uralo\u011flu da kat\u0131ld\u0131.\u00a0<\/p>\n<p>Uralo\u011flu burada\u00a0stantlar\u0131 gezerek \u00e7ocuklarla sohbet etti.<\/p>\n<p><strong>&#8220;RAMAZAN&#8217;IN HO\u015eG\u00d6R\u00dcS\u00dcN\u00dc YA\u015eATMAK \u00c7OK KIYMETL\u0130&#8221;<\/strong><\/p>\n<p>Burada gazetecilere de\u011ferlendirmede bulunan\u00a0Uralo\u011flu, kat\u0131l\u0131m\u0131n \u00e7ok fazla oldu\u011fu &#8220;K\u00fclliye&#8217;de Ramazan&#8221; etkinli\u011fiyle, \u00e7ocuklar\u0131n sanal ortamdan ger\u00e7ek ortama do\u011fru \u00e7ekildi\u011fini belirterek, <em><b>&#8220;Burada sadece ho\u015f vakit ge\u00e7irmek de\u011fil, \u00e7ocuklar\u0131m\u0131za milli ve manevi de\u011ferlerimizi \u00f6\u011fretmek, onlara oyunlarla e\u011flenceli \u015fekilde ramazan\u0131n ho\u015fg\u00f6r\u00fcs\u00fcn\u00fc, mutlulu\u011funu ya\u015fatmak k\u0131ymetli.&#8221; <\/b><\/em>diye konu\u015ftu.<\/p>\n<p>Uralo\u011flu, burada yapt\u0131\u011f\u0131 a\u00e7\u0131klamada ayr\u0131ca \u00e7ocuklara y\u00f6nelik sosyal medya d\u00fczenlemesine de de\u011findi.\u00a0<\/p>\n<p><img decoding=\"async\" src=\"https:\/\/bihavadis.com\/wp-content\/uploads\/2026\/03\/abdulkadir-uraloglu-15-yas-altinin-sosyal-medyada-zaman-gecirmesini-istemiyoruz-0-Zilk5pzP.jpg\"\/><\/p>\n<p><strong>&#8220;\u00c7OCUKLARIMIZ \u0130NTERNET ORTAMINDA OLMASI GEREKT\u0130\u011e\u0130 KADAR OLACAK&#8221;<\/strong><\/p>\n<p>Bunun bir zorunluluk oldu\u011funu vurgulayan Uralo\u011flu, <em><b>&#8220;\u00c7ocuklar\u0131m\u0131z, internet ortam\u0131nda, dijital platformlarda olmas\u0131 gerekti\u011fi kadar olacak. Olmas\u0131 gerekti\u011finden kast\u0131m\u0131z nedir? <\/b><\/em><\/p>\n<p><em><b>Gerek kendi \u00f6devlerini yapma, gerek geli\u015fimlerini sa\u011flamak, kendilerini geli\u015ftirmek i\u00e7in bizim k\u00fclt\u00fcr\u00fcm\u00fcze uygun oyunlar\u0131 oymalar\u0131n\u0131 istiyoruz. Bunun d\u0131\u015f\u0131nda \u00e7ocuklar\u0131m\u0131z\u0131n bu mecralar\u0131n d\u0131\u015f\u0131na bir yerlere g\u00f6t\u00fcr\u00fclmelerini istemiyoruz.&#8221;<\/b><\/em> dedi.\u00a0<\/p>\n<p><strong>&#8220;15 YA\u015e ALTININ SOSYAL MEDYADA OLMASINI \u0130STEM\u0130YORUZ&#8221;<\/strong><\/p>\n<p>Baz\u0131 mecralar\u0131n 15 ya\u015f alt\u0131 i\u00e7in uygunsuz oldu\u011funu ifade eden Bakan,<em><b> &#8220;Dolay\u0131s\u0131yla 15 ya\u015f alt\u0131 \u00e7ocuklar\u0131m\u0131z\u0131n bu anlamdaki sosyal medya platformlar\u0131nda zaman ge\u00e7irmelerini istemiyoruz. <\/b><\/em><\/p>\n<p><em><b>Onlar\u0131n kendi ya\u015flar\u0131na uygun oyun platformlar\u0131na eri\u015fimlerini sa\u011flayaca\u011f\u0131z. Aile ve Sosyal Hizmetler <\/b><\/em><em><b>Bakanl\u0131\u011f\u0131m\u0131zla \u00e7al\u0131\u015fma y\u00fcr\u00fct\u00fcyoruz. Bu yasama d\u00f6neminde Meclisimizin takdirine sunduk.&#8221;<\/b><\/em> ifadelerini kulland\u0131.\u00a0<\/p>\n<p><img decoding=\"async\" src=\"https:\/\/bihavadis.com\/wp-content\/uploads\/2026\/03\/abdulkadir-uraloglu-15-yas-altinin-sosyal-medyada-zaman-gecirmesini-istemiyoruz-1-L4uwZI1L.jpg\"\/><\/p>\n<p><strong>&#8220;KAMUOYUNUN DESTE\u011e\u0130 ARKAMIZDA&#8221;<\/strong><\/p>\n<p>Konuya ili\u015fkin \u00e7al\u0131\u015fmalar\u0131n devam etti\u011fini belirten Uralo\u011flu, <em><b>&#8220;Meclisimiz bunu de\u011ferlendirecektir. <\/b><\/em><\/p>\n<p><em><b>Bu y\u00f6nde yapt\u0131\u011f\u0131m\u0131z kamuoyu ara\u015ft\u0131rmalar\u0131nda, y\u00fczde 80&#8217;in \u00fczerinde bu \u00e7al\u0131\u015fman\u0131n desteklendi\u011fini s\u00f6ylemek istiyorum.&#8221; <\/b><\/em>\u015feklinde konu\u015ftu.\u00a0<\/p>\n<div> <span><strong>Kaynak:<\/strong> Ensonhaber Haber Merkezi<\/span> <\/div>\n","protected":false},"excerpt":{"rendered":"<p>K\u00fclliye&#8217;de Ramazan etkinlikleri devam ediyor.\u00a0 Bir\u00e7ok faaliyetin\u00a0Cumhurba\u015fkanl\u0131\u011f\u0131n\u0131n ev sahipli\u011finde, Be\u015ftepe Millet Sergi Salonu&#8217;nda d\u00fczenlenen etkinliklere Ula\u015ft\u0131ma ve Altyap\u0131 Bakan\u0131 Abdulkadir Uralo\u011flu da kat\u0131ld\u0131.\u00a0 Uralo\u011flu burada\u00a0stantlar\u0131 &#8230;<\/p>\n","protected":false},"author":1,"featured_media":72078,"comment_status":"open","ping_status":"open","sticky":false,"template":"","format":"standard","meta":{"footnotes":""},"categories":[9,13],"tags":[267,379],"class_list":["post-72077","post","type-post","status-publish","format-standard","has-post-thumbnail","hentry","category-genel","category-son-dakika","tag-uraloglu","tag-yas"],"_links":{"self":[{"href":"https:\/\/bihavadis.com\/index.php\/wp-json\/wp\/v2\/posts\/72077","targetHints":{"allow":["GET"]}}],"collection":[{"href":"https:\/\/bihavadis.com\/index.php\/wp-json\/wp\/v2\/posts"}],"about":[{"href":"https:\/\/bihavadis.com\/index.php\/wp-json\/wp\/v2\/types\/post"}],"author":[{"embeddable":true,"href":"https:\/\/bihavadis.com\/index.php\/wp-json\/wp\/v2\/users\/1"}],"replies":[{"embeddable":true,"href":"https:\/\/bihavadis.com\/index.php\/wp-json\/wp\/v2\/comments?post=72077"}],"version-history":[{"count":1,"href":"https:\/\/bihavadis.com\/index.php\/wp-json\/wp\/v2\/posts\/72077\/revisions"}],"predecessor-version":[{"id":72081,"href":"https:\/\/bihavadis.com\/index.php\/wp-json\/wp\/v2\/posts\/72077\/revisions\/72081"}],"wp:featuredmedia":[{"embeddable":true,"href":"https:\/\/bihavadis.com\/index.php\/wp-json\/wp\/v2\/media\/72078"}],"wp:attachment":[{"href":"https:\/\/bihavadis.com\/index.php\/wp-json\/wp\/v2\/media?parent=72077"}],"wp:term":[{"taxonomy":"category","embeddable":true,"href":"https:\/\/bihavadis.com\/index.php\/wp-json\/wp\/v2\/categories?post=72077"},{"taxonomy":"post_tag","embeddable":true,"href":"https:\/\/bihavadis.com\/index.php\/wp-json\/wp\/v2\/tags?post=72077"}],"curies":[{"name":"wp","href":"https:\/\/api.w.org\/{rel}","templated":true}]}}