{"id":72116,"date":"2026-03-28T04:15:07","date_gmt":"2026-03-28T04:15:07","guid":{"rendered":"https:\/\/bihavadis.com\/?p=72116"},"modified":"2026-03-28T04:15:07","modified_gmt":"2026-03-28T04:15:07","slug":"baskan-tugaydan-onay-bekleyen-kredi-yorumu","status":"publish","type":"post","link":"https:\/\/bihavadis.com\/index.php\/2026\/03\/28\/baskan-tugaydan-onay-bekleyen-kredi-yorumu\/","title":{"rendered":"Ba\u015fkan Tugay&#8217;dan onay bekleyen kredi yorumu"},"content":{"rendered":"<p>\u0130zmir B\u00fcy\u00fck\u015fehir Belediye Meclisi toplant\u0131s\u0131nda konu\u015fan Ba\u015fkan Dr. Cemil Tugay, tamam\u0131 altyap\u0131 ve ula\u015f\u0131mla ilgili yakla\u015f\u0131k dokuz kredinin iki y\u0131ld\u0131r onay bekledi\u011fini belirterek \u201cBu, \u0130zmir\u2019in sorunlar\u0131na duyars\u0131zl\u0131kt\u0131r. Bu, \u0130zmir\u2019in ihtiya\u00e7lar\u0131n\u0131 umursamamakt\u0131r. Bunun ad\u0131 \u0130zmir\u2019in yat\u0131r\u0131m yapmas\u0131n\u0131n \u00f6n\u00fcnde engel olmakt\u0131r\u201d dedi.<\/p>\n<p>\u0130zmir B\u00fcy\u00fck\u015fehir Belediye Meclisi\u2019nin mart ay\u0131 ola\u011fan meclis toplant\u0131lar\u0131n\u0131n ikinci birle\u015fimi, \u0130zmir B\u00fcy\u00fck\u015fehir Belediye Ba\u015fkan\u0131 Dr. Cemil Tugay\u2019\u0131n ba\u015fkanl\u0131\u011f\u0131nda yap\u0131ld\u0131. Meclisin dilek ve temenniler b\u00f6l\u00fcm\u00fcnde, \u0130zmir B\u00fcy\u00fck\u015fehir Belediyesi\u2019nin kredi onaylar\u0131 konusu g\u00fcndeme geldi. Pek \u00e7ok kredinin hala onay bekledi\u011fini kaydeden Ba\u015fkan Tugay, \u201cBu d\u00f6nem 400\u00a0 elektrikli otob\u00fcs almak i\u00e7in \u00f6n kredi onay\u0131m\u0131z var. Yeni nesil troleyb\u00fcs ya da dinamik \u015farjl\u0131 elektrikli otob\u00fcs olarak bilinen bir grup ara\u00e7 al\u0131m\u0131 i\u00e7in bir d\u0131\u015f finans kurulu\u015fu ile 80 milyon Euro\u2019luk \u00f6n kredi anla\u015fmam\u0131z var. Bunlar hala onay bekliyor. Bunu dedi\u011fimde \u00a0\u2018SGK borcu nedeniyle onaylanm\u0131yor\u2019 diyorlar. Ge\u00e7en y\u0131l may\u0131s ay\u0131nda \u00e7\u0131kan bir kanun, o zamana kadar b\u00f6yle bir \u015fart yoktu. Bu ba\u015fvurular bu kanundan \u00f6nce yap\u0131lm\u0131\u015f ba\u015fvurular. O g\u00fcn gerek\u00e7e neydi? Hi\u00e7bir gerek\u00e7e yoktu. \u0130ki y\u0131ld\u0131r yakla\u015f\u0131k dokuz kalem kredi hala bekliyor. Bunlar\u0131n hepsi altyap\u0131 ve ula\u015f\u0131m kredileri. Bunun hi\u00e7bir a\u00e7\u0131klamas\u0131 yok. Ge\u00e7en y\u0131l may\u0131s ay\u0131nda \u00e7\u0131kan o kanundan \u00f6nce neden bu kredilerin onaylanmad\u0131\u011f\u0131n\u0131 kimse bize a\u00e7\u0131klayam\u0131yor. Tamamen keyfi. Bu, \u0130zmir\u2019in sorunlar\u0131na duyars\u0131zl\u0131kt\u0131r. Bu, \u0130zmir\u2019in ihtiya\u00e7lar\u0131n\u0131 umursamamakt\u0131r. Bunun ad\u0131 \u0130zmir\u2019in yat\u0131r\u0131m yapmas\u0131n\u0131n \u00f6n\u00fcnde engel olmakt\u0131r\u201d diye konu\u015ftu.<\/p>\n<p><strong>\u201c9 bin 121 m\u00fclk\u00fcnde i\u015fgalci pozisyonda birileri var\u201d<\/strong><\/p>\n<p>\u0130zmir B\u00fcy\u00fck\u015fehir Belediyesi m\u00fclkiyetinde bulunan \u00fc\u00e7 yap\u0131ya Vak\u0131flar Genel M\u00fcd\u00fcrl\u00fc\u011f\u00fc taraf\u0131ndan el koyma giri\u015fimlerine ili\u015fkin de a\u00e7\u0131klama yapan Ba\u015fkan Tugay, \u201cHukuki s\u00fcre\u00e7 devam ediyor. Vak\u0131flar\u0131n bir m\u00fclke ihtiyac\u0131 oldu\u011funa dair iddia do\u011fru de\u011fil. Bunu \u0131srarla s\u00f6yl\u00fcyoruz. \u0130zmir\u2019de pek \u00e7ok m\u00fclk\u00fcn\u00fc ba\u015fkalar\u0131na kiral\u0131yor. Say\u0131\u015ftay raporundan \u00e7\u0131kar\u0131lan bulgulara g\u00f6re 9 bin 121\u00a0 m\u00fclk\u00fcnde i\u015fgalci pozisyonda birileri var. Bunlarla ilgili bir sahip \u00e7\u0131kmama durumu varken, elinde \u00e7ok fazla say\u0131da m\u00fclk varken, arka planda m\u00fclkiyetle ilgili bir sorun yokken, kamu hizmeti y\u00fcr\u00fct\u00fclen \u0130zmir B\u00fcy\u00fck\u015fehir Belediyesi\u2019nin m\u00fclkelerine tamamen habersiz, tamamen hukuksuzca bir kanundan kendince bir gerek\u00e7e \u00fcretiyor. Bunlar belediye ba\u015fkan\u0131 olarak bana ait bir m\u00fclk de\u011fil. Meclis \u00fcyeleri olarak sizlere de ait de\u011fil. \u0130zmir B\u00fcy\u00fck\u015fehir Belediyesi\u2019ne ait, dolay\u0131s\u0131yla \u0130zmir halk\u0131na ait. Orada ne hizmetler g\u00f6r\u00fcld\u00fc\u011f\u00fcn\u00fc defalarca anlatt\u0131k. Kendi elindeki m\u00fclkleri de\u011ferlendiremeyen, bunlar\u0131 kiraya veren, 9 binden fazla m\u00fclk\u00fcnde i\u015fgalci varken onlara kira \u00f6detemeyen Vak\u0131flar, \u00e7ok yanl\u0131\u015f bir i\u015f yap\u0131yor. Hukuk yolunda bu i\u015fin \u00e7\u00f6z\u00fclece\u011fini umuyorum, biliyorum, tahmin ediyorum. \u00c7\u00f6z\u00fclmesi laz\u0131m yoksa hakikaten herkes i\u00e7in kabul edilemez bir sonu\u00e7 \u00e7\u0131kacak ortaya. Bu s\u00fcreci takip etmeye devam edece\u011fiz. \u00c7ok b\u00fcy\u00fck bir yanl\u0131\u015f, \u00e7ok b\u00fcy\u00fck bir hata. En k\u0131sa zamanda geri d\u00f6n\u00fclece\u011fini umuyorum\u201d ifadelerini kulland\u0131.<\/p>\n<p>CHP Grup S\u00f6zc\u00fcs\u00fc Ya\u011fmur Yurdakul \u00d6zkan ise Vak\u0131flar Genel M\u00fcd\u00fcrl\u00fc\u011f\u00fc Entegre\u00a0 Vak\u0131f Otomasyon Sistemi\u2019nden al\u0131nan verilere g\u00f6re Vak\u0131flar Genel M\u00fcd\u00fcrl\u00fc\u011f\u00fc\u2019n\u00fcn 64 bin 146 ta\u015f\u0131nmaz\u0131ndan 9 bin 121\u2019inde i\u015fgalci bulundu\u011funu, nizal\u0131 (ihtilafl\u0131) kirac\u0131 say\u0131s\u0131n\u0131n ise bin 377 oldu\u011funu belirtti.<\/p>\n<p>\u00a0<\/p>\n<p>\u00a0<\/p>\n<p>Kaynak: (BYZHA) Beyaz Haber Ajans\u0131<\/p>\n","protected":false},"excerpt":{"rendered":"<p>\u0130zmir B\u00fcy\u00fck\u015fehir Belediye Meclisi toplant\u0131s\u0131nda konu\u015fan Ba\u015fkan Dr. Cemil Tugay, tamam\u0131 altyap\u0131 ve ula\u015f\u0131mla ilgili yakla\u015f\u0131k dokuz kredinin iki y\u0131ld\u0131r onay bekledi\u011fini belirterek \u201cBu, \u0130zmir\u2019in sorunlar\u0131na duyars\u0131zl\u0131kt\u0131r.<\/p>\n","protected":false},"author":1,"featured_media":72117,"comment_status":"open","ping_status":"open","sticky":false,"template":"","format":"standard","meta":{"footnotes":""},"categories":[4],"tags":[395,978,903,7935,2192],"class_list":["post-72116","post","type-post","status-publish","format-standard","has-post-thumbnail","hentry","category-gundem","tag-is","tag-izmir","tag-kredi","tag-mulk","tag-onay"],"_links":{"self":[{"href":"https:\/\/bihavadis.com\/index.php\/wp-json\/wp\/v2\/posts\/72116","targetHints":{"allow":["GET"]}}],"collection":[{"href":"https:\/\/bihavadis.com\/index.php\/wp-json\/wp\/v2\/posts"}],"about":[{"href":"https:\/\/bihavadis.com\/index.php\/wp-json\/wp\/v2\/types\/post"}],"author":[{"embeddable":true,"href":"https:\/\/bihavadis.com\/index.php\/wp-json\/wp\/v2\/users\/1"}],"replies":[{"embeddable":true,"href":"https:\/\/bihavadis.com\/index.php\/wp-json\/wp\/v2\/comments?post=72116"}],"version-history":[{"count":1,"href":"https:\/\/bihavadis.com\/index.php\/wp-json\/wp\/v2\/posts\/72116\/revisions"}],"predecessor-version":[{"id":72118,"href":"https:\/\/bihavadis.com\/index.php\/wp-json\/wp\/v2\/posts\/72116\/revisions\/72118"}],"wp:featuredmedia":[{"embeddable":true,"href":"https:\/\/bihavadis.com\/index.php\/wp-json\/wp\/v2\/media\/72117"}],"wp:attachment":[{"href":"https:\/\/bihavadis.com\/index.php\/wp-json\/wp\/v2\/media?parent=72116"}],"wp:term":[{"taxonomy":"category","embeddable":true,"href":"https:\/\/bihavadis.com\/index.php\/wp-json\/wp\/v2\/categories?post=72116"},{"taxonomy":"post_tag","embeddable":true,"href":"https:\/\/bihavadis.com\/index.php\/wp-json\/wp\/v2\/tags?post=72116"}],"curies":[{"name":"wp","href":"https:\/\/api.w.org\/{rel}","templated":true}]}}