{"id":72335,"date":"2026-03-28T07:09:12","date_gmt":"2026-03-28T07:09:12","guid":{"rendered":"https:\/\/bihavadis.com\/?p=72335"},"modified":"2026-03-28T07:09:12","modified_gmt":"2026-03-28T07:09:12","slug":"meric-nehrinde-debi-dusuyor","status":"publish","type":"post","link":"https:\/\/bihavadis.com\/index.php\/2026\/03\/28\/meric-nehrinde-debi-dusuyor\/","title":{"rendered":"Meri\u00e7 Nehri&#8217;nde Debi D\u00fc\u015f\u00fcyor"},"content":{"rendered":"<p>\n<p>ED\u0130RNE&#8217;de, son ya\u011f\u0131\u015flar ve Bulgaristan&#8217;daki barajlardan su b\u0131rak\u0131lmas\u0131yla &#8216;turuncu&#8217; alarm verilen Meri\u00e7 Nehri&#8217;nin debisi d\u00fc\u015f\u00fc\u015fe ge\u00e7ti. <\/p>\n<p>Bulgaristan&#8217;da son ya\u011f\u0131\u015flar ve karlar\u0131n erimesinin ard\u0131ndan barajlardan su b\u0131rak\u0131lmas\u0131yla birlikte kentteki nehirlerde su seviyesi h\u0131zla artt\u0131. Meri\u00e7 Nehri&#8217;nin debisi ise d\u00fcn sabah 1119 metrek\u00fcp\/saniyeye \u00e7\u0131kt\u0131. Baz\u0131 kesimlerde yata\u011f\u0131ndan ta\u015fan nehir i\u00e7in DS\u0130 &#8216;turuncu alarm&#8217; uyar\u0131s\u0131nda bulundu. Nehirdeki debi, ilerleyen saatlerde artarak 1251 metrek\u00fcp\/saniye seviyesini g\u00f6rd\u00fc. Nehirde AFAD, Edirne Arama Kurtarma ve jandarma ekipleri g\u00fcn boyu ta\u015fan alandaki \u00e7iftliklerdeki hayvanlar\u0131 tahliye etti. <\/p>\n<p>3 KED\u0130 AFAD TARAFINDAN KURTARILDI<\/p>\n<p>Nehir debisinde, bu sabah itibar\u0131yla d\u00fc\u015f\u00fc\u015f g\u00f6zlendi. Sabah saatlerinde 1229 metrek\u00fcp\/saniyeye d\u00fc\u015fen nehirin debisi, saat 14.00 itibar\u0131yla 1184 metrek\u00fcp\/saniyeye geriledi. Nehrin ta\u015ft\u0131\u011f\u0131 b\u00f6lgede Umut Cevher&#8217;in, \u00e7iftli\u011finde kedilerin mahsur kald\u0131\u011f\u0131 bildirmesi \u00fczerine AFAD ekipleri harekete ge\u00e7ti. Botla gidilen b\u00f6lgede kurtar\u0131lan 3 kedi, karaya \u00e7\u0131kar\u0131larak koruma alt\u0131na al\u0131nd\u0131. Kedileri kurtar\u0131lan Umut Cevher de ekiplere te\u015fekk\u00fcr etti. <\/p>\n","protected":false},"excerpt":{"rendered":"<p>Edirne&#8217;de Meri\u00e7 Nehri&#8217;nin debisi d\u00fc\u015ferken, AFAD 3 kediyi kurtard\u0131.<\/p>\n","protected":false},"author":1,"featured_media":72336,"comment_status":"open","ping_status":"open","sticky":false,"template":"","format":"standard","meta":{"footnotes":""},"categories":[9,4,13],"tags":[7348],"class_list":["post-72335","post","type-post","status-publish","format-standard","has-post-thumbnail","hentry","category-genel","category-gundem","category-son-dakika","tag-nehir"],"_links":{"self":[{"href":"https:\/\/bihavadis.com\/index.php\/wp-json\/wp\/v2\/posts\/72335","targetHints":{"allow":["GET"]}}],"collection":[{"href":"https:\/\/bihavadis.com\/index.php\/wp-json\/wp\/v2\/posts"}],"about":[{"href":"https:\/\/bihavadis.com\/index.php\/wp-json\/wp\/v2\/types\/post"}],"author":[{"embeddable":true,"href":"https:\/\/bihavadis.com\/index.php\/wp-json\/wp\/v2\/users\/1"}],"replies":[{"embeddable":true,"href":"https:\/\/bihavadis.com\/index.php\/wp-json\/wp\/v2\/comments?post=72335"}],"version-history":[{"count":1,"href":"https:\/\/bihavadis.com\/index.php\/wp-json\/wp\/v2\/posts\/72335\/revisions"}],"predecessor-version":[{"id":72337,"href":"https:\/\/bihavadis.com\/index.php\/wp-json\/wp\/v2\/posts\/72335\/revisions\/72337"}],"wp:featuredmedia":[{"embeddable":true,"href":"https:\/\/bihavadis.com\/index.php\/wp-json\/wp\/v2\/media\/72336"}],"wp:attachment":[{"href":"https:\/\/bihavadis.com\/index.php\/wp-json\/wp\/v2\/media?parent=72335"}],"wp:term":[{"taxonomy":"category","embeddable":true,"href":"https:\/\/bihavadis.com\/index.php\/wp-json\/wp\/v2\/categories?post=72335"},{"taxonomy":"post_tag","embeddable":true,"href":"https:\/\/bihavadis.com\/index.php\/wp-json\/wp\/v2\/tags?post=72335"}],"curies":[{"name":"wp","href":"https:\/\/api.w.org\/{rel}","templated":true}]}}