{"id":72376,"date":"2026-03-28T07:48:09","date_gmt":"2026-03-28T07:48:09","guid":{"rendered":"https:\/\/bihavadis.com\/?p=72376"},"modified":"2026-03-28T07:48:09","modified_gmt":"2026-03-28T07:48:09","slug":"brezilyada-sellerde-olenlerin-sayisi-68e-yukseldi","status":"publish","type":"post","link":"https:\/\/bihavadis.com\/index.php\/2026\/03\/28\/brezilyada-sellerde-olenlerin-sayisi-68e-yukseldi\/","title":{"rendered":"Brezilya&#8217;da sellerde \u00f6lenlerin say\u0131s\u0131 68&#8217;e y\u00fckseldi"},"content":{"rendered":"<p>Brezilya&#8217;da Minas Gerais Eyaleti \u0130tfaiye Te\u015fkilat\u0131&#8217;ndan yap\u0131lan a\u00e7\u0131klamada Juiz de Fora ve Uba kentlerini vuran sellerin ard\u0131ndan yeni cesetlere ula\u015f\u0131ld\u0131\u011f\u0131 belirtildi.<\/p>\n<p>Can kayb\u0131n\u0131n 62&#8217;sinin Juiz de Fora&#8217;da, 6&#8217;s\u0131n\u0131n ise Uba&#8217;da oldu\u011fu ifade edildi.<\/p>\n<p>Kay\u0131p 5 ki\u015fi i\u00e7in arama \u00e7al\u0131\u015fmalar\u0131n\u0131n devam etti\u011fi vurgulanan a\u00e7\u0131klamada heyelanlar nedeniyle \u00e7\u00f6ken evlere dikkat \u00e7ekildi.<\/p>\n<p><strong>YA\u011eI\u015eLAR DEVAM EDECEK<\/strong><\/p>\n<p>Ulusal Do\u011fal Afet \u0130zleme ve Uyar\u0131 Merkezi&#8217;nden yap\u0131lan a\u00e7\u0131klamada ya\u011f\u0131\u015flar\u0131n s\u00fcrece\u011fi belirtilerek yeni sel ve ani ta\u015fk\u0131n riskine kar\u015f\u0131 uyar\u0131da bulunuldu.<\/p>\n<p>Eyalet ve federal yetkililer afetten etkilenenlere yard\u0131m i\u00e7in sivil savunma ekipleri, g\u00fcvenlik g\u00fc\u00e7leri ve sa\u011fl\u0131k personelini g\u00f6revlendirdi.<\/p>\n<p>Devlet Ba\u015fkan\u0131 Luiz Inacio Lula da Silva y\u00f6netimi sel nedeniyle evsiz kalanlar i\u00e7in yeni yard\u0131m paketinin belediyelere aktar\u0131laca\u011f\u0131n\u0131 a\u00e7\u0131klam\u0131\u015ft\u0131.<\/p>\n<p><img decoding=\"async\" src=\"https:\/\/bihavadis.com\/wp-content\/uploads\/2026\/03\/brezilyada-sellerde-olenlerin-sayisi-68e-yukseldi-0-8hSY69Hj.jpg\"\/> <\/p>\n<div> <span><strong>Kaynak:<\/strong> Ensonhaber Haber Merkezi<\/span> <\/div>\n","protected":false},"excerpt":{"rendered":"<p>Brezilya&#8217;da Minas Gerais Eyaleti \u0130tfaiye Te\u015fkilat\u0131&#8217;ndan yap\u0131lan a\u00e7\u0131klamada Juiz de Fora ve Uba kentlerini vuran sellerin ard\u0131ndan yeni cesetlere ula\u015f\u0131ld\u0131\u011f\u0131 belirtildi. Can kayb\u0131n\u0131n 62&#8217;sinin Juiz de Fora&#8217;da, 6&#8217;s\u0131n\u0131n ise Uba&#8217;da oldu\u011fu ifade edildi &#8230;<\/p>\n","protected":false},"author":1,"featured_media":72377,"comment_status":"open","ping_status":"open","sticky":false,"template":"","format":"standard","meta":{"footnotes":""},"categories":[6],"tags":[],"class_list":["post-72376","post","type-post","status-publish","format-standard","has-post-thumbnail","hentry","category-dunya"],"_links":{"self":[{"href":"https:\/\/bihavadis.com\/index.php\/wp-json\/wp\/v2\/posts\/72376","targetHints":{"allow":["GET"]}}],"collection":[{"href":"https:\/\/bihavadis.com\/index.php\/wp-json\/wp\/v2\/posts"}],"about":[{"href":"https:\/\/bihavadis.com\/index.php\/wp-json\/wp\/v2\/types\/post"}],"author":[{"embeddable":true,"href":"https:\/\/bihavadis.com\/index.php\/wp-json\/wp\/v2\/users\/1"}],"replies":[{"embeddable":true,"href":"https:\/\/bihavadis.com\/index.php\/wp-json\/wp\/v2\/comments?post=72376"}],"version-history":[{"count":1,"href":"https:\/\/bihavadis.com\/index.php\/wp-json\/wp\/v2\/posts\/72376\/revisions"}],"predecessor-version":[{"id":72379,"href":"https:\/\/bihavadis.com\/index.php\/wp-json\/wp\/v2\/posts\/72376\/revisions\/72379"}],"wp:featuredmedia":[{"embeddable":true,"href":"https:\/\/bihavadis.com\/index.php\/wp-json\/wp\/v2\/media\/72377"}],"wp:attachment":[{"href":"https:\/\/bihavadis.com\/index.php\/wp-json\/wp\/v2\/media?parent=72376"}],"wp:term":[{"taxonomy":"category","embeddable":true,"href":"https:\/\/bihavadis.com\/index.php\/wp-json\/wp\/v2\/categories?post=72376"},{"taxonomy":"post_tag","embeddable":true,"href":"https:\/\/bihavadis.com\/index.php\/wp-json\/wp\/v2\/tags?post=72376"}],"curies":[{"name":"wp","href":"https:\/\/api.w.org\/{rel}","templated":true}]}}