{"id":72390,"date":"2026-03-28T08:00:08","date_gmt":"2026-03-28T08:00:08","guid":{"rendered":"https:\/\/bihavadis.com\/?p=72390"},"modified":"2026-03-28T08:00:08","modified_gmt":"2026-03-28T08:00:08","slug":"israilin-eski-savunma-bakani-yoav-gallant-turkiye-bolgesel-guc-merkezi-haline-geldi","status":"publish","type":"post","link":"https:\/\/bihavadis.com\/index.php\/2026\/03\/28\/israilin-eski-savunma-bakani-yoav-gallant-turkiye-bolgesel-guc-merkezi-haline-geldi\/","title":{"rendered":"\u0130srail\u2019in eski Savunma Bakan\u0131 Yoav Gallant: T\u00fcrkiye b\u00f6lgesel g\u00fc\u00e7 merkezi haline geldi"},"content":{"rendered":"<p>\u0130srail\u2019in eski Savunma Bakan\u0131 Yoav Gallant, Orta Do\u011fu\u2019daki yeni g\u00fc\u00e7 dengeleri ve T\u00fcrkiye\u2019nin artan etkisine ili\u015fkin dikkat \u00e7eken de\u011ferlendirmelerde bulundu.<\/p>\n<p>B\u00f6lgenin tarihi bir d\u00f6neme\u00e7ten ge\u00e7ti\u011fini vurgulayan Gallant, \u00f6n\u00fcm\u00fczdeki haftalarda al\u0131nacak kararlar\u0131n Orta Do\u011fu\u2019nun gelecek on y\u0131llar\u0131n\u0131 belirleyece\u011fini ifade etti.<\/p>\n<p><strong>\u201cYEN\u0130 B\u00d6LGESEL D\u00dcZEN\u0130N MERKEZ\u0130NE T\u00dcRK\u0130YE YERLE\u015e\u0130YOR\u201d<\/strong><\/p>\n<p>\u0130ran&#8217;\u0131n b\u00f6lgedeki etkisinin azalmas\u0131yla ortaya \u00e7\u0131kan bo\u015flu\u011fun T\u00fcrkiye taraf\u0131ndan dolduruldu\u011funu belirten Gallant, <em><b>&#8220;\u0130ran\u2019\u0131n zay\u0131flamas\u0131yla olu\u015fan yeni b\u00f6lgesel d\u00fczenin merkezine T\u00fcrkiye yerle\u015fiyor. T\u00fcrkiye; askeri kapasitesi, kurumsal g\u00fcc\u00fc ve stratejik h\u0131rs\u0131yla yeni d\u00fczeni \u015fekillendirebilecek ba\u015fl\u0131ca akt\u00f6rd\u00fcr. \u00d6n\u00fcm\u00fczdeki haftalarda al\u0131nacak kararlar T\u00fcrkiye\u2019nin bu konumunu kal\u0131c\u0131 hale getirebilir.&#8221;<\/b><\/em> ifadelerini kulland\u0131.<\/p>\n<p>T\u00fcrkiye&#8217;nin bu durumu uzun vadeli bir stratejik f\u0131rsat olarak g\u00f6rd\u00fc\u011f\u00fcn\u00fcn alt\u0131n\u0131 \u00e7izen Gallant, <em><b>&#8220;T\u00fcrkiye art\u0131k \u00e7evredeki bir ortak de\u011fil, b\u00f6lgesel g\u00fc\u00e7 merkezlerinden biri.&#8221;<\/b><\/em> diye konu\u015ftu.<\/p>\n<p><img decoding=\"async\" src=\"https:\/\/bihavadis.com\/wp-content\/uploads\/2026\/03\/israilin-eski-savunma-bakani-yoav-gallant-turkiye-bolgesel-guc-merkezi-haline-geldi-0-1GGzfrk7.jpg\"\/><\/p>\n<p><strong>SUR\u0130YE&#8217;DE BEL\u0130RLEY\u0130C\u0130 DI\u015e G\u00dc\u00c7 VURGUSU<\/strong><\/p>\n<p>T\u00fcrkiye&#8217;nin Suriye&#8217;deki etkinli\u011fine ve askeri varl\u0131\u011f\u0131na dikkat \u00e7eken  Gallant, Ankara&#8217;n\u0131n Suriye ge\u00e7i\u015f y\u00f6netiminin ana destek\u00e7isi oldu\u011funu  kaydetti.<\/p>\n<p>Kuzey Suriye&#8217;deki askeri kontrol\u00fcn stratejik bir derinlik  olu\u015fturdu\u011funu anlatan Gallant, <em><b>&#8220;T\u00fcrkiye\u2019nin askeri,  istihbarat ve hava savunma varl\u0131\u011f\u0131 stratejik derinlik olu\u015fturuyor. Etki,  \u0130srail s\u0131n\u0131r\u0131na yak\u0131n b\u00f6lgelere kadar uzan\u0131yor.&#8221;<\/b><\/em> de\u011ferlendirmesinde bulundu.<\/p>\n<p>T\u00fcrkiye&#8217;nin n\u00fcfuz alan\u0131n\u0131n sadece Suriye ile s\u0131n\u0131rl\u0131 kalmad\u0131\u011f\u0131n\u0131  vurgulayan Gallant, Kuzey ve Do\u011fu Afrika&#8217;n\u0131n yan\u0131 s\u0131ra Kud\u00fcs ve Gazze&#8217;de  de T\u00fcrkiye&#8217;nin varl\u0131k g\u00f6sterme aray\u0131\u015f\u0131nda oldu\u011funu belirtti.<\/p>\n<p><img decoding=\"async\" src=\"https:\/\/bihavadis.com\/wp-content\/uploads\/2026\/03\/israilin-eski-savunma-bakani-yoav-gallant-turkiye-bolgesel-guc-merkezi-haline-geldi-1-ZVavHnf8.jpg\"\/><\/p>\n<p><strong>&#8220;BU DURUM T\u00dcRK\u0130YE\u2019Y\u0130 \u0130RAN\u2019DAN DAHA KARMA\u015eIK VE ETK\u0130L\u0130 B\u0130R AKT\u00d6R H\u00c2L\u0130NE GET\u0130R\u0130YOR&#8221;<\/strong><\/p>\n<p>T\u00fcrkiye&#8217;nin savunma sanayisindeki ba\u015far\u0131s\u0131n\u0131 rakamlarla ortaya koyan  Gallant, savunma ihracat\u0131n\u0131n 10 milyar dolar\u0131 a\u015ft\u0131\u011f\u0131n\u0131 hat\u0131rlatt\u0131.  NATO&#8217;nun ikinci b\u00fcy\u00fck ordusuna sahip olan T\u00fcrkiye&#8217;nin Bat\u0131 sistemi  i\u00e7indeki ba\u011f\u0131ms\u0131z duru\u015funa i\u015faret eden Gallant, \u015funlar\u0131 kaydetti:<\/p>\n<p>&#8220;T\u00fcrkiye, NATO \u00fcyesi olarak Bat\u0131 sisteminin par\u00e7as\u0131yken ayn\u0131 zamanda kendi ba\u011f\u0131ms\u0131z b\u00f6lgesel stratejisinden taviz vermiyor. Bu durum T\u00fcrkiye\u2019yi \u0130ran\u2019dan daha karma\u015f\u0131k ve etkili bir akt\u00f6r h\u00e2line getiriyor. \u015eii eksenin zay\u0131flamas\u0131yla S\u00fcnni g\u00fc\u00e7ler aras\u0131nda rekabet artacak ve T\u00fcrkiye bu rekabette en b\u00fcy\u00fck kapasiteye sahip \u00fclke olarak kendisini b\u00f6lgesel lider olarak konumland\u0131r\u0131yor.&#8221;<\/p>\n<p><img decoding=\"async\" src=\"https:\/\/bihavadis.com\/wp-content\/uploads\/2026\/03\/israilin-eski-savunma-bakani-yoav-gallant-turkiye-bolgesel-guc-merkezi-haline-geldi-2-RvLue65C.jpg\"\/><\/p>\n<p><strong>&#8220;\u0130SRA\u0130L\u2019\u0130N T\u00dcRK\u0130YE \u0130LE \u0130L\u0130\u015eK\u0130LER\u0130 ONARMASI GEREK\u0130YOR&#8221;<\/strong><\/p>\n<p>\u0130srail&#8217;in T\u00fcrkiye ile olan ili\u015fkilerini yeniden de\u011ferlendirmesi  gerekti\u011fini ifade eden Gallant, g\u00fcvenlik hassasiyetlerine de de\u011findi.<\/p>\n<p>\u0130li\u015fkilerin onar\u0131lmas\u0131 gerekti\u011fini ancak ihtiyatl\u0131 olunmas\u0131 gerekti\u011fini  savunan Gallant, <em><b>&#8220;\u0130srail\u2019in T\u00fcrkiye ile ili\u015fkileri onarmas\u0131  gerekiyor ancak T\u00fcrkiye\u2019nin \u0130srail s\u0131n\u0131r\u0131na yak\u0131n askeri etkisi risk  olu\u015fturabilir. \u0130srail ulusal g\u00fcvenli\u011fini korumakta kararl\u0131.&#8221;<\/b><\/em> s\u00f6zleriyle konuya i\u015faret etti.<\/p>\n<div> <span><strong>Kaynak:<\/strong> Ensonhaber Haber Merkezi<\/span> <\/div>\n","protected":false},"excerpt":{"rendered":"<p>\u0130srail\u2019in eski Savunma Bakan\u0131 Yoav Gallant, Orta Do\u011fu\u2019daki yeni g\u00fc\u00e7 dengeleri ve T\u00fcrkiye\u2019nin artan etkisine ili\u015fkin dikkat \u00e7eken de\u011ferlendirmelerde bulundu. B\u00f6lgenin tarihi bir d\u00f6neme\u00e7ten ge\u00e7ti\u011fini vurgulayan Gallant, \u00f6n\u00fcm\u00fczdeki haftalarda al\u0131nacak &#8230;<\/p>\n","protected":false},"author":1,"featured_media":72391,"comment_status":"open","ping_status":"open","sticky":false,"template":"","format":"standard","meta":{"footnotes":""},"categories":[6],"tags":[2032,7953,792,361,197],"class_list":["post-72390","post","type-post","status-publish","format-standard","has-post-thumbnail","hentry","category-dunya","tag-askeri","tag-gallant","tag-israil","tag-suriye","tag-turkiye"],"_links":{"self":[{"href":"https:\/\/bihavadis.com\/index.php\/wp-json\/wp\/v2\/posts\/72390","targetHints":{"allow":["GET"]}}],"collection":[{"href":"https:\/\/bihavadis.com\/index.php\/wp-json\/wp\/v2\/posts"}],"about":[{"href":"https:\/\/bihavadis.com\/index.php\/wp-json\/wp\/v2\/types\/post"}],"author":[{"embeddable":true,"href":"https:\/\/bihavadis.com\/index.php\/wp-json\/wp\/v2\/users\/1"}],"replies":[{"embeddable":true,"href":"https:\/\/bihavadis.com\/index.php\/wp-json\/wp\/v2\/comments?post=72390"}],"version-history":[{"count":1,"href":"https:\/\/bihavadis.com\/index.php\/wp-json\/wp\/v2\/posts\/72390\/revisions"}],"predecessor-version":[{"id":72395,"href":"https:\/\/bihavadis.com\/index.php\/wp-json\/wp\/v2\/posts\/72390\/revisions\/72395"}],"wp:featuredmedia":[{"embeddable":true,"href":"https:\/\/bihavadis.com\/index.php\/wp-json\/wp\/v2\/media\/72391"}],"wp:attachment":[{"href":"https:\/\/bihavadis.com\/index.php\/wp-json\/wp\/v2\/media?parent=72390"}],"wp:term":[{"taxonomy":"category","embeddable":true,"href":"https:\/\/bihavadis.com\/index.php\/wp-json\/wp\/v2\/categories?post=72390"},{"taxonomy":"post_tag","embeddable":true,"href":"https:\/\/bihavadis.com\/index.php\/wp-json\/wp\/v2\/tags?post=72390"}],"curies":[{"name":"wp","href":"https:\/\/api.w.org\/{rel}","templated":true}]}}