{"id":72402,"date":"2026-03-28T08:09:09","date_gmt":"2026-03-28T08:09:09","guid":{"rendered":"https:\/\/bihavadis.com\/?p=72402"},"modified":"2026-03-28T08:09:09","modified_gmt":"2026-03-28T08:09:09","slug":"canakkalede-is-yerine-silahli-saldirida-1-kisi-yaralandi","status":"publish","type":"post","link":"https:\/\/bihavadis.com\/index.php\/2026\/03\/28\/canakkalede-is-yerine-silahli-saldirida-1-kisi-yaralandi\/","title":{"rendered":"\u00c7anakkale&#8217;de i\u015f yerine silahl\u0131 sald\u0131r\u0131da 1 ki\u015fi yaraland\u0131"},"content":{"rendered":"<p>\u00c7anakkale merkez \u0130smetpa\u015fa Mahallesi&#8217;ndeki i\u015f yeri iddiaya g\u00f6re alacak verecek meselesi nedeniyle kur\u015funland\u0131.<\/p>\n<p>\u015e\u00fcpheliler motosikletle olay yerinden ka\u00e7arken sald\u0131r\u0131da 1 ki\u015fi yaraland\u0131.<\/p>\n<p>\u0130hbar \u00fczerine b\u00f6lgeye sa\u011fl\u0131k ve polis ekipleri sevk edildi.<\/p>\n<p>Yaral\u0131, sa\u011fl\u0131k ekiplerince hastaneye kald\u0131r\u0131l\u0131rken hayati tehlikesinin bulunmad\u0131\u011f\u0131 \u00f6\u011frenildi.<\/p>\n<p><strong>2 G\u00d6ZALTI<\/strong><\/p>\n<p>Kur\u015funlama olay\u0131n\u0131 ger\u00e7ekle\u015ftiren \u015f\u00fcphelilerin yakalanmas\u0131 i\u00e7in polis ekipleri \u00e7al\u0131\u015fma ba\u015flatt\u0131.<\/p>\n<p>Olay\u0131 ger\u00e7ekle\u015ftiren 2 \u015f\u00fcpheli, Esenler Mahallesi&#8217;nde polisler taraf\u0131ndan ara\u00e7 i\u00e7erisinde yakaland\u0131.<\/p>\n<p>\u015e\u00fcpheliler ifadeleri al\u0131nmak \u00fczere emniyete g\u00f6t\u00fcr\u00fcld\u00fc.<\/p>\n<p>Olayla ilgili inceleme s\u00fcr\u00fcyor.<\/p>\n<p><img decoding=\"async\" src=\"https:\/\/bihavadis.com\/wp-content\/uploads\/2026\/03\/canakkalede-is-yerine-silahli-saldirida-1-kisi-yaralandi-0-gMgBqmLk.jpg\"\/> <\/p>\n<div> <span><strong>Kaynak:<\/strong> \u0130hlas Haber Ajans\u0131 (\u0130HA)<\/span> <\/div>\n","protected":false},"excerpt":{"rendered":"<p>\u00c7anakkale merkez \u0130smetpa\u015fa Mahallesi&#8217;ndeki i\u015f yeri iddiaya g\u00f6re alacak verecek meselesi nedeniyle kur\u015funland\u0131. \u015e\u00fcpheliler motosikletle olay yerinden ka\u00e7arken sald\u0131r\u0131da 1 ki\u015fi yaraland\u0131. \u0130hbar \u00fczerine b\u00f6lgeye sa\u011fl\u0131k ve polis ekipleri sevk edildi &#8230;<\/p>\n","protected":false},"author":1,"featured_media":72403,"comment_status":"open","ping_status":"open","sticky":false,"template":"","format":"standard","meta":{"footnotes":""},"categories":[4,13],"tags":[],"class_list":["post-72402","post","type-post","status-publish","format-standard","has-post-thumbnail","hentry","category-gundem","category-son-dakika"],"_links":{"self":[{"href":"https:\/\/bihavadis.com\/index.php\/wp-json\/wp\/v2\/posts\/72402","targetHints":{"allow":["GET"]}}],"collection":[{"href":"https:\/\/bihavadis.com\/index.php\/wp-json\/wp\/v2\/posts"}],"about":[{"href":"https:\/\/bihavadis.com\/index.php\/wp-json\/wp\/v2\/types\/post"}],"author":[{"embeddable":true,"href":"https:\/\/bihavadis.com\/index.php\/wp-json\/wp\/v2\/users\/1"}],"replies":[{"embeddable":true,"href":"https:\/\/bihavadis.com\/index.php\/wp-json\/wp\/v2\/comments?post=72402"}],"version-history":[{"count":1,"href":"https:\/\/bihavadis.com\/index.php\/wp-json\/wp\/v2\/posts\/72402\/revisions"}],"predecessor-version":[{"id":72405,"href":"https:\/\/bihavadis.com\/index.php\/wp-json\/wp\/v2\/posts\/72402\/revisions\/72405"}],"wp:featuredmedia":[{"embeddable":true,"href":"https:\/\/bihavadis.com\/index.php\/wp-json\/wp\/v2\/media\/72403"}],"wp:attachment":[{"href":"https:\/\/bihavadis.com\/index.php\/wp-json\/wp\/v2\/media?parent=72402"}],"wp:term":[{"taxonomy":"category","embeddable":true,"href":"https:\/\/bihavadis.com\/index.php\/wp-json\/wp\/v2\/categories?post=72402"},{"taxonomy":"post_tag","embeddable":true,"href":"https:\/\/bihavadis.com\/index.php\/wp-json\/wp\/v2\/tags?post=72402"}],"curies":[{"name":"wp","href":"https:\/\/api.w.org\/{rel}","templated":true}]}}