{"id":72429,"date":"2026-03-28T08:33:07","date_gmt":"2026-03-28T08:33:07","guid":{"rendered":"https:\/\/bihavadis.com\/?p=72429"},"modified":"2026-03-28T08:33:07","modified_gmt":"2026-03-28T08:33:07","slug":"izmirin-zirvesi-bucadaki-iftar-sofrasinda-bulustu","status":"publish","type":"post","link":"https:\/\/bihavadis.com\/index.php\/2026\/03\/28\/izmirin-zirvesi-bucadaki-iftar-sofrasinda-bulustu\/","title":{"rendered":"\u0130zmir&#8217;in zirvesi Buca&#8217;daki iftar sofras\u0131nda bulu\u015ftu"},"content":{"rendered":"<p>Buca Belediyesi ve Forbes Esnaf Derne\u011fi\u2019nin ortakla\u015fa d\u00fczenledi\u011fi iftar program\u0131 \u0130zmir B\u00fcy\u00fck\u015fehir Belediye Ba\u015fkan\u0131 Cemil Tugay, CHP \u0130zmir \u0130l Ba\u015fkan\u0131 \u00c7a\u011fatay G\u00fc\u00e7, CHP Buca \u0130l\u00e7e Ba\u015fkan\u0131 Suat Bulut ve \u00e7ok say\u0131da siyasi ismin kat\u0131l\u0131m\u0131yla birlik ve dayan\u0131\u015fma g\u00f6sterisine d\u00f6n\u00fc\u015ft\u00fc. Programda konu\u015fan Buca Belediye Ba\u015fkan\u0131 G\u00f6rkem Duman, \u0130zmir B\u00fcy\u00fck\u015fehir Belediyesi ile birlikte y\u00fcr\u00fct\u00fclen asfalt seferberli\u011finin m\u00fcjdesini verdi.<\/p>\n<p>Buca Belediyesi ve Forbes Esnaf Derne\u011fi i\u015f birli\u011fiyle Forbes Caddesi\u2019nde d\u00fczenlenen iftar program\u0131 yo\u011fun bir kat\u0131l\u0131m ile ger\u00e7ekle\u015fti. \u0130ftara, Buca Belediye Ba\u015fkan\u0131 G\u00f6rkem Duman\u2019\u0131n yan\u0131 s\u0131ra \u0130zmir B\u00fcy\u00fck\u015fehir Belediye Ba\u015fkan\u0131 Cemil Tugay, Cumhuriyet Halk Partisi (CHP) \u0130zmir \u0130l Ba\u015fkan\u0131 \u00c7a\u011fatay G\u00fc\u00e7, CHP Buca \u0130l\u00e7e Ba\u015fkan\u0131 ve Forbes Esnaf Derne\u011fi Ba\u015fkan\u0131 Suat Bulut, CHP il ve il\u00e7e y\u00f6neticileri, Buca Belediyesi meclis \u00fcyeleri, muhtarlar, esnaf ve vatanda\u015flar kat\u0131l\u0131m sa\u011flad\u0131. Buca Belediye Ba\u015fkan\u0131 G\u00f6rkem Duman, iftar \u00f6ncesinde masalar\u0131 dola\u015farak vatanda\u015flarla bol bol sohbet etti.<\/p>\n<p>\u201cBUCA\u2019YI \u00c7OK SEV\u0130YORUM\u201d<\/p>\n<p>\u0130zmir B\u00fcy\u00fck\u015fehir Belediye Ba\u015fkan\u0131 Cemil Tugay, burada yapt\u0131\u011f\u0131 konu\u015fmada, \u201cSizlerle birlikte olmak, maneviyat\u0131 payla\u015fmak benim i\u00e7in \u00e7ok de\u011ferli. Sizin g\u00fclen y\u00fcz\u00fcn\u00fcze, g\u00fcveninize her zaman ihtiyac\u0131m\u0131z var. Buca&#8217;y\u0131 \u00e7ok seviyorum, burada \u00fcniversite y\u0131llar\u0131m\u0131 ge\u00e7irdim. \u00dclkemiz iyi olacak, \u00e7\u00fcnk\u00fc de\u011ferli insanlar\u0131m\u0131z var. Bizler \u00e7al\u0131\u015farak, birbirimize destek olarak her t\u00fcrl\u00fc zorlu\u011fu a\u015faca\u011f\u0131z. S\u00f6z veriyorum, bu \u015fehirde, Buca\u2019da ve \u00fclkemizde daha iyi g\u00fcnler olacak. Son nefesimize kadar birlikte m\u00fccadele edece\u011fiz\u201d diye konu\u015ftu.<\/p>\n<p>\u201cASFALT SEFERBERL\u0130\u011e\u0130 Y\u00dcR\u00dcT\u00dcYORUZ\u201d<\/p>\n<p>Buca Belediye Ba\u015fkan\u0131 G\u00f6rkem Duman ise Ramazan ay\u0131n\u0131n manevi \u00f6nemine de\u011findi. \u0130l\u00e7e genelinde hayata ge\u00e7irdikleri \u00e7al\u0131\u015fmalardan da bahseden Buca Belediye Ba\u015fkan\u0131 G\u00f6rkem Duman, Ramazan ay\u0131 boyunca 2 bin 518 ihtiya\u00e7 sahibi haneye ula\u015farak erzak kolisi teslim ettiklerini ifade etti. Ba\u015fkan G\u00f6rkem Duman, s\u00f6zlerini \u015f\u00f6yle s\u00fcrd\u00fcrd\u00fc:<\/p>\n<p>\u201cSizin derdiniz bizim derdimizdir, mahallemizin eksi\u011fi bizim \u00f6nceli\u011fimizdir. Bu anlay\u0131\u015fla Buca\u2019m\u0131z\u0131n sokaklar\u0131nda, caddelerinde yo\u011fun bir mesai harc\u0131yoruz. \u015eu an \u0130zmir B\u00fcy\u00fck\u015fehir Belediyemizin \u00f6nc\u00fcl\u00fc\u011f\u00fcnde il\u00e7emizde b\u00fcy\u00fck bir asfalt seferberli\u011fi y\u00fcr\u00fct\u00fcyoruz. \u0130zmir B\u00fcy\u00fck\u015fehir Belediye Ba\u015fkan\u0131m\u0131z Say\u0131n Cemil Tugay&#8217;a da bu \u00e7al\u0131\u015fmalar i\u00e7in t\u00fcm hem\u015fehrilerimin ad\u0131na te\u015fekk\u00fcr ediyorum. Buradan sizlere \u00e7ok \u00f6nemli bir m\u00fcjdeyi de vermek isterim: Yak\u0131n zamanda B\u00fcy\u00fck\u015fehir Belediyemizle g\u00fc\u00e7lerimizi birle\u015ftirerek Asfalt Plent Tesisimizi hizmete a\u00e7\u0131yoruz. \u0130zmir B\u00fcy\u00fck\u015fehir Belediye Ba\u015fkan\u0131m\u0131z Say\u0131n Cemil Tugay \u00f6nc\u00fcl\u00fc\u011f\u00fcnde kendi asfalt\u0131m\u0131zla sokaklar\u0131m\u0131z\u0131, yollar\u0131m\u0131z\u0131 \u00e7ok daha h\u0131zl\u0131 ve g\u00fc\u00e7l\u00fc bir \u015fekilde yenileyece\u011fiz. Bizim i\u00e7in yollar\u0131 yapmak kadar, g\u00f6n\u00fclleri yapmak, ailemizin temeli olan kad\u0131nlar\u0131m\u0131za destek olmak da \u00e7ok k\u0131ymetli. Ova b\u00f6lgemizde kad\u0131nlar\u0131m\u0131z i\u00e7in \u00e7ok g\u00fczel bir projeyi hayata ge\u00e7irdik. De\u011ferli yol arkada\u015f\u0131m\u0131z G\u00fcl\u015fah Durbay\u2019\u0131n ad\u0131n\u0131 ya\u015fataca\u011f\u0131m\u0131z Kad\u0131n Dan\u0131\u015fma Merkezimizi tamamlad\u0131k.\u201d<\/p>\n<p>\u00a0<\/p>\n<p>\u00a0<\/p>\n<p>Kaynak: (BYZHA) Beyaz Haber Ajans\u0131<\/p>\n","protected":false},"excerpt":{"rendered":"<p>Buca Belediyesi ve Forbes Esnaf Derne\u011fi\u2019nin ortakla\u015fa d\u00fczenledi\u011fi iftar program\u0131 \u0130zmir B\u00fcy\u00fck\u015fehir Belediye Ba\u015fkan\u0131 Cemil Tugay, CHP \u0130zmir \u0130l Ba\u015fkan\u0131 \u00c7a\u011fatay G\u00fc\u00e7, CHP Buca \u0130l\u00e7e Ba\u015fkan\u0131 Suat Bulut ve \u00e7ok say\u0131da siyasi ismin kat\u0131l\u0131m\u0131yla birlik ve dayan\u0131\u015fma g\u00f6sterisine d\u00f6n\u00fc\u015ft\u00fc. Programda konu\u015fan Buca Belediye Ba\u015fkan\u0131 G\u00f6rkem Duman, \u0130zmir B\u00fcy\u00fck\u015fehir Belediyesi ile birlikte y\u00fcr\u00fct\u00fclen asfalt seferberli\u011finin m\u00fcjdesini verdi.<\/p>\n","protected":false},"author":1,"featured_media":72430,"comment_status":"open","ping_status":"open","sticky":false,"template":"","format":"standard","meta":{"footnotes":""},"categories":[4],"tags":[1740,372,1707,1637,1124],"class_list":["post-72429","post","type-post","status-publish","format-standard","has-post-thumbnail","hentry","category-gundem","tag-asfalt","tag-belediye","tag-buca","tag-chp","tag-duman"],"_links":{"self":[{"href":"https:\/\/bihavadis.com\/index.php\/wp-json\/wp\/v2\/posts\/72429","targetHints":{"allow":["GET"]}}],"collection":[{"href":"https:\/\/bihavadis.com\/index.php\/wp-json\/wp\/v2\/posts"}],"about":[{"href":"https:\/\/bihavadis.com\/index.php\/wp-json\/wp\/v2\/types\/post"}],"author":[{"embeddable":true,"href":"https:\/\/bihavadis.com\/index.php\/wp-json\/wp\/v2\/users\/1"}],"replies":[{"embeddable":true,"href":"https:\/\/bihavadis.com\/index.php\/wp-json\/wp\/v2\/comments?post=72429"}],"version-history":[{"count":1,"href":"https:\/\/bihavadis.com\/index.php\/wp-json\/wp\/v2\/posts\/72429\/revisions"}],"predecessor-version":[{"id":72431,"href":"https:\/\/bihavadis.com\/index.php\/wp-json\/wp\/v2\/posts\/72429\/revisions\/72431"}],"wp:featuredmedia":[{"embeddable":true,"href":"https:\/\/bihavadis.com\/index.php\/wp-json\/wp\/v2\/media\/72430"}],"wp:attachment":[{"href":"https:\/\/bihavadis.com\/index.php\/wp-json\/wp\/v2\/media?parent=72429"}],"wp:term":[{"taxonomy":"category","embeddable":true,"href":"https:\/\/bihavadis.com\/index.php\/wp-json\/wp\/v2\/categories?post=72429"},{"taxonomy":"post_tag","embeddable":true,"href":"https:\/\/bihavadis.com\/index.php\/wp-json\/wp\/v2\/tags?post=72429"}],"curies":[{"name":"wp","href":"https:\/\/api.w.org\/{rel}","templated":true}]}}