{"id":72483,"date":"2026-03-28T09:03:11","date_gmt":"2026-03-28T09:03:11","guid":{"rendered":"https:\/\/bihavadis.com\/?p=72483"},"modified":"2026-03-28T09:03:11","modified_gmt":"2026-03-28T09:03:11","slug":"golbasinda-istinad-duvari-coktu","status":"publish","type":"post","link":"https:\/\/bihavadis.com\/index.php\/2026\/03\/28\/golbasinda-istinad-duvari-coktu\/","title":{"rendered":"G\u00f6lba\u015f\u0131&#8217;nda \u0130stinad Duvar\u0131 \u00c7\u00f6kt\u00fc"},"content":{"rendered":"<p>Ankara&#8217;n\u0131n G\u00f6lba\u015f\u0131 il\u00e7esinde istinat duvar\u0131 \u00e7\u00f6ken 4 katl\u0131 bir bina ile \u00e7evresindeki 4 apartman tedbir amac\u0131yla tahliye edildi.<\/p>\n<p>\u015eafak Mahallesi 886&#8217;nc\u0131 Sokak&#8217;ta 4 katl\u0131 bir apartman\u0131n istinat duvar\u0131 gece saatlerinde \u00e7\u00f6kt\u00fc.<\/p>\n<p> \u00c7evre, \u015eehircilik ve \u0130klim De\u011fi\u015fikli\u011fi \u0130l M\u00fcd\u00fcrl\u00fc\u011f\u00fc ekipleri ve M\u00fchendisler Odas\u0131 g\u00f6revlileri olay yerine y\u00f6nlendirildi.<\/p>\n<p>\u0130stinat duvar\u0131 \u00e7\u00f6ken bina ile \u00e7evresindeki 4 apartman gece saatlerinde tedbir amac\u0131yla tahliye edildi.<\/p>\n<p>Bina giri\u015fleri \u015feritlerle kapat\u0131ld\u0131, b\u00f6lgede polis, sa\u011fl\u0131k ve sosyal hizmet ekipleri g\u00f6revlendirildi.<\/p>\n<p>Bu binalardaki 29 hanede ya\u015fayan 81 ki\u015finin tahliye edildi\u011fi, ailelerden birinin Ulus&#8217;taki B\u00fcy\u00fck\u015fehir Belediyesine ba\u011fl\u0131 \u015eefkatevi&#8217;ne yerle\u015ftirildi\u011fi, di\u011fer ailelerin akrabalar\u0131n\u0131n yan\u0131na gittikleri \u00f6\u011frenildi.<\/p>\n<p>G\u00f6lba\u015f\u0131 Kaymakam\u0131 Erol R\u00fcstemo\u011flu, gece saatlerinde olay yerine gelerek \u00e7al\u0131\u015fmalar\u0131 koordine etti.<\/p>\n<p>G\u00f6lba\u015f\u0131 Belediyesinden b\u00f6lgede y\u00fcr\u00fct\u00fclen \u00e7al\u0131\u015fmalara ili\u015fkin yap\u0131lan a\u00e7\u0131klamada, &#8220;\u015eafak Mahallesi 886. Sokak&#8217;ta ya\u015fanan istinat duvar\u0131 \u00e7\u00f6kmesi sonras\u0131 Kaymakam\u0131m\u0131z Erol R\u00fcstemo\u011flu, Ba\u015fkan\u0131m\u0131z Yakup Odaba\u015f\u0131 ve \u00c7evre, \u015eehircilik ve \u0130klim De\u011fi\u015fikli\u011fi Bakanl\u0131\u011f\u0131 yetkilileri ile belediye ekiplerimiz sahada incelemelerini s\u00fcrd\u00fcr\u00fcyor.&#8221; ifadelerine yer verildi.<\/p>\n<p>&#8220;Vatanda\u015flar\u0131m\u0131z in\u015fallah evlerine girerler&#8221;<\/p>\n<p>\u015eafak Mahallesi Muhtar\u0131 Bayram \u00d6zkan, gece saatlerinde olaydan haberdar oldu\u011funu s\u00f6yledi.<\/p>\n<p>Olay\u0131 duymas\u0131n\u0131n ard\u0131ndan b\u00f6lgeye geldi\u011fini ifade eden \u00d6zkan, &#8220;Kaymakam, Emniyet m\u00fcd\u00fcrler, zab\u0131ta, ambulans, itfaiye buradayd\u0131. Mevcut 5 binay\u0131 bo\u015faltt\u0131k. B\u00fcy\u00fck\u015fehirden de geldiler. Binadan 81 ki\u015fiyi tahliye ettik. Can kayb\u0131 da yok.&#8221; dedi.<\/p>\n<p>Burada ya\u015fayanlar\u0131n \u00e7ok tedirgin oldu\u011funu, ekiplerin \u00e7al\u0131\u015fmalar\u0131n\u0131 s\u00fcrd\u00fcrd\u00fc\u011f\u00fcn\u00fc belirten \u00d6zkan, &#8220;\u00c7evre Bakanl\u0131\u011f\u0131ndan m\u00fchendisler geldi. Kaymakam\u0131m\u0131z buradayd\u0131. Belediye Fen \u0130\u015fleri M\u00fcd\u00fcr\u00fc vard\u0131. \u00d6l\u00e7\u00fcmc\u00fcler gelecek. Vatanda\u015flar\u0131m\u0131z in\u015fallah evlerine girerler. Binalarda pek bir \u015fey yok.&#8221; dedi.<\/p>\n<p>&#8220;Zemin et\u00fcd\u00fc yap\u0131lmal\u0131&#8221;<\/p>\n<p>Ma\u011fdur yak\u0131n\u0131 Ferit \u00d6zdemir ise bo\u015falt\u0131lan binada karde\u015finin oturdu\u011funu dile getirerek, &#8220;Karde\u015fim arad\u0131. Duvar\u0131n y\u0131k\u0131ld\u0131\u011f\u0131n\u0131, kendilerinin iyi oldu\u011funu s\u00f6yledi. Bu binayla birlikte 5 binay\u0131 tahliye etmi\u015fler.&#8221; ifadelerini kulland\u0131.<\/p>\n<p>\u00c7al\u0131\u015fmalar\u0131n detayl\u0131 \u015fekilde yap\u0131lmas\u0131n\u0131 isteyen \u00d6zdemir, binalar\u0131n ne kadar sa\u011flam oldu\u011funun bilinmedi\u011fini s\u00f6yledi.<\/p>\n<p>Tedirgin olduklar\u0131n\u0131 belirten \u00d6zdemir, sadece istinat duvar\u0131n\u0131n de\u011fil, binalar\u0131n\u0131n zemin et\u00fcd\u00fcn\u00fcn de yap\u0131lmas\u0131 gerekti\u011fini vurgulad\u0131.<\/p>\n","protected":false},"excerpt":{"rendered":"<p>Ankara G\u00f6lba\u015f\u0131&#8217;nda \u00e7\u00f6ken istinat duvar\u0131 sonras\u0131 5 bina tedbir amac\u0131yla tahliye edildi.<\/p>\n","protected":false},"author":1,"featured_media":72484,"comment_status":"open","ping_status":"open","sticky":false,"template":"","format":"standard","meta":{"footnotes":""},"categories":[9,4,13],"tags":[1656,7958,5819],"class_list":["post-72483","post","type-post","status-publish","format-standard","has-post-thumbnail","hentry","category-genel","category-gundem","category-son-dakika","tag-bina","tag-istinat-duvari","tag-tahliye"],"_links":{"self":[{"href":"https:\/\/bihavadis.com\/index.php\/wp-json\/wp\/v2\/posts\/72483","targetHints":{"allow":["GET"]}}],"collection":[{"href":"https:\/\/bihavadis.com\/index.php\/wp-json\/wp\/v2\/posts"}],"about":[{"href":"https:\/\/bihavadis.com\/index.php\/wp-json\/wp\/v2\/types\/post"}],"author":[{"embeddable":true,"href":"https:\/\/bihavadis.com\/index.php\/wp-json\/wp\/v2\/users\/1"}],"replies":[{"embeddable":true,"href":"https:\/\/bihavadis.com\/index.php\/wp-json\/wp\/v2\/comments?post=72483"}],"version-history":[{"count":1,"href":"https:\/\/bihavadis.com\/index.php\/wp-json\/wp\/v2\/posts\/72483\/revisions"}],"predecessor-version":[{"id":72485,"href":"https:\/\/bihavadis.com\/index.php\/wp-json\/wp\/v2\/posts\/72483\/revisions\/72485"}],"wp:featuredmedia":[{"embeddable":true,"href":"https:\/\/bihavadis.com\/index.php\/wp-json\/wp\/v2\/media\/72484"}],"wp:attachment":[{"href":"https:\/\/bihavadis.com\/index.php\/wp-json\/wp\/v2\/media?parent=72483"}],"wp:term":[{"taxonomy":"category","embeddable":true,"href":"https:\/\/bihavadis.com\/index.php\/wp-json\/wp\/v2\/categories?post=72483"},{"taxonomy":"post_tag","embeddable":true,"href":"https:\/\/bihavadis.com\/index.php\/wp-json\/wp\/v2\/tags?post=72483"}],"curies":[{"name":"wp","href":"https:\/\/api.w.org\/{rel}","templated":true}]}}