{"id":72509,"date":"2026-03-28T09:21:08","date_gmt":"2026-03-28T09:21:08","guid":{"rendered":"https:\/\/bihavadis.com\/?p=72509"},"modified":"2026-03-28T09:21:08","modified_gmt":"2026-03-28T09:21:08","slug":"izmir-iktisat-kongresinde-genel-kurul-yapildi","status":"publish","type":"post","link":"https:\/\/bihavadis.com\/index.php\/2026\/03\/28\/izmir-iktisat-kongresinde-genel-kurul-yapildi\/","title":{"rendered":"\u0130zmir \u0130ktisat Kongresi&#8217;nde Genel Kurul Yap\u0131ld\u0131"},"content":{"rendered":"<p>\n<p>AK Parti Genel Sekreteri Eyy\u00fcp Kadir \u0130nan, &#8220;Buras\u0131, iktisat kongresi binas\u0131. Gazi Mustafa Kemal Atat\u00fcrk&#8217;\u00fcn iktisat m\u00fccadelesini ba\u015flatt\u0131\u011f\u0131 yer. Buras\u0131 at\u0131l bir yerdi, bizler \u0130zmirlilerin hizmetine kazand\u0131rd\u0131k. T\u0131pk\u0131 Selanik&#8217;teki Gazi Mustafa Kemal Atat\u00fcrk&#8217;\u00fcn evini nas\u0131l \u015fahland\u0131r\u0131p, 10 Kas\u0131m&#8217;da hizmete a\u00e7t\u0131ysak, ayn\u0131 \u015fekilde buray\u0131 da hayata ge\u00e7irdik. \u0130zmir ne demekse Selanik de o demektir&#8221; dedi.<\/p>\n<p>\u0130zmir Balkan G\u00f6\u00e7menleri (BAL-G\u00d6\u00c7) K\u00fclt\u00fcr ve Dayan\u0131\u015fma Derne\u011fi&#8217;nin \u0130zmir \u0130ktisat Kongre Merkezi&#8217;nde, 18&#8217;inci Ola\u011fan Genel Kurulu ger\u00e7ekle\u015ftirildi. Genel Kurul&#8217;a; \u0130zmir Vali Yard\u0131mc\u0131s\u0131 Mehmet Sad\u0131k Tun\u00e7, AK Parti Genel Sekreteri ve \u0130zmir Milletvekili Eyy\u00fcp Kadir \u0130nan, AK Parti \u0130zmir milletvekilleri Ya\u015far K\u0131rkp\u0131nar, Ceyda B\u00f6l\u00fcnmez \u00c7ank\u0131r\u0131, CHP \u0130zmir milletvekilleri Murat Bakan, Sevda Erdan K\u0131l\u0131\u00e7, MHP \u0130zmir \u0130l Ba\u015fkan\u0131 Veysel \u015eahin, BAL-G\u00d6\u00c7 K\u00fclt\u00fcr ve Dayan\u0131\u015fma Derne\u011fi Ba\u015fkan\u0131 Abd\u00fcrrahim Nursoy ile birlikte dernek \u00fcyeleri ve \u00e7e\u015fitli parti temsilcileri kat\u0131ld\u0131. AK Parti Genel Sekreteri Eyy\u00fcp Kadir \u0130nan, babas\u0131n\u0131n \u015eanl\u0131urfal\u0131, annesinin \u0130zmir Tireli bir Balkan g\u00f6\u00e7meni oldu\u011funu belirtip, &#8220;Bu Genel Kurul&#8217;a davet edildi\u011fimde siyasi konu\u015fma yapmamak i\u00e7in tavsiyeler ald\u0131m. Arkada\u015flar\u0131m \u00e7ok yak\u0131ndan bilir. Birisi, bana &#8216;Bu konu siyaset d\u0131\u015f\u0131&#8217; dedi\u011finde cinlerim tepeme \u00e7\u0131k\u0131yor. Her nefes ald\u0131\u011f\u0131m saniye siyasetin ve se\u00e7ilmi\u015flerin do\u011frudan alan\u0131d\u0131r. Biz bunlar i\u00e7in m\u00fccadele ediyoruz. Milletvekili olarak sizin vekaletinizi ald\u0131k, bunun m\u00fccadelesini veriyoruz. K\u0131br\u0131s meselesi ya da Balkanlar i\u00e7in &#8216;Bu konu siyaset d\u0131\u015f\u0131&#8217; dediler. Bakanlar kurulu ve se\u00e7ilmi\u015f bir ba\u015fbakan \u00fcst\u00fcne b\u00fcrokratik cumhurba\u015fkanl\u0131\u011f\u0131 koyarak getirilen meseleleri \u00e7e\u015fitli zamanlar g\u00f6rd\u00fck. Biz siyaseti ve se\u00e7ilmi\u015flerin g\u00f6r\u00fc\u015f\u00fcn\u00fc \u00f6nemsiyoruz&#8221; dedi.<\/p>\n<p>&#8216;M\u00dcCADELEM\u0130Z, HAK M\u00dcCADELES\u0130&#8217;<\/p>\n<p>Balkan T\u00fcrklerinin gaddarca bir tutum ile kar\u015f\u0131la\u015ft\u0131\u011f\u0131n\u0131 anlatan \u0130nan, &#8220;Etnik soyk\u0131r\u0131m ile kar\u015f\u0131la\u015ft\u0131lar. O nedenle onlar\u0131n \u00e7ekti\u011fi ac\u0131lar bizim pusulam\u0131zd\u0131r. Onlar\u0131n \u00e7ekti\u011fi m\u00fccadele bizim onur ni\u015fanemizdir. AK Parti olarak 25 sene boyunca d\u0131\u015flananlar\u0131n haklar\u0131n\u0131 savunduk. M\u00fccadelemiz, hak m\u00fccadelesi. Buras\u0131, iktisat kongresi binas\u0131. Gazi Mustafa Kemal Atat\u00fcrk&#8217;\u00fcn iktisat m\u00fccadelesini ba\u015flatt\u0131\u011f\u0131 yer. Buras\u0131 at\u0131l bir yerdi, bizler \u0130zmirlilerin hizmetine kazand\u0131rd\u0131k. T\u0131pk\u0131 Selanik&#8217;teki Gazi Mustafa Kemal Atat\u00fcrk&#8217;\u00fcn evini nas\u0131l \u015fahland\u0131r\u0131p, 10 Kas\u0131m&#8217;da hizmete a\u00e7t\u0131ysak, ayn\u0131 \u015fekilde buray\u0131 da hayata ge\u00e7irdik. \u0130zmir ne demekse Selanik de o demektir. \u00d6te yandan Bulgaristan ve bizlerin gururu &#8216;Cep Herk\u00fcl&#8217;\u00fc Naim S\u00fcleymano\u011flu&#8217;nun evini de m\u00fczeye d\u00f6n\u00fc\u015ft\u00fcr\u00fcyoruz&#8221; diye konu\u015ftu.<\/p>\n<p>&#8216;\u0130ZM\u0130R&#8217;DEK\u0130 BU \u00c7\u0130LEL\u0130 D\u00d6NEM\u0130 B\u0130T\u0130RECE\u011e\u0130Z&#8217;<\/p>\n<p>Eyy\u00fcp Kadir \u0130nan, toplant\u0131n\u0131n ard\u0131ndan gazetecilerin sorular\u0131n\u0131 yan\u0131tlad\u0131. Son g\u00fcnlerde \u0130zmir B\u00fcy\u00fck\u015fehir Belediye Ba\u015fkan\u0131 Cemil Tugay ile aralar\u0131nda ge\u00e7en diyalo\u011fun sorulmas\u0131 \u00fczerine \u0130nan, \u015funlar\u0131 s\u00f6yledi: <\/p>\n<p>&#8220;\u0130zmir&#8217;de s\u0131k\u0131nt\u0131lar giderilsin diye yo\u011fun bir m\u00fccadele ortaya koyuyoruz. Bizim iyi niyetimiz zay\u0131fl\u0131k san\u0131l\u0131yor. Se\u00e7imlere az zaman kald\u0131. Beceriksizliklerini \u00e7e\u015fitli ideolojik iftiralarla \u00f6rtmeye kalkmas\u0131nlar. \u0130zmir&#8217;in \u00e7\u00f6p konusunda tesisle\u015fme s\u00f6zlerini versinler. \u00c7\u00fcnk\u00fc ka\u00e7ak izinleri o s\u00f6zler i\u00e7in ald\u0131lar. K\u00f6rfezi temizlesinler, kay\u0131p ka\u00e7ak sorununu da \u00e7\u00f6zs\u00fcnler. Art\u0131k bakanl\u0131k koridorlar\u0131nda yapamayaca\u011f\u0131 s\u00f6zleri vererek, \u0130zmirlileri kand\u0131rd\u0131klar\u0131n\u0131 bizler vatanda\u015f\u0131m\u0131za anlat\u0131yoruz. En son yapt\u0131\u011f\u0131 kadraj terbiyesizli\u011fini de misliyle kendisine iade ettik. Bizim hi\u00e7bir milletvekilimiz kadraj merakl\u0131s\u0131 de\u011fil. \u0130zmir&#8217;e hizmet merakl\u0131s\u0131. Biraz onlar da bu meselelerle ilgilensinler. Ama onlar\u0131n sadece tembellikleri var. \u0130n\u015fallah bu \u00e7ileli d\u00f6nemi bitirece\u011fiz. \u0130zmir&#8217;de en fazla \u00e7al\u0131\u015fan kadrolar oldu\u011fumuzu vatanda\u015flar da takdir ediyor. Kendi partisindeki aktarmal\u0131 vekillerle asla bizi kar\u0131\u015ft\u0131rmas\u0131n. Biz aktarmas\u0131z vekiliz. Do\u011frudan \u0130zmirliyiz. Ama onlar maalesef bu \u015fehirde belediye ba\u015fkan\u0131n\u0131n beceriksizli\u011fini millete anlat\u0131yorlar. \u00c7\u00fcnk\u00fc yapt\u0131klar\u0131 icraat yok. Bu \u015fehre en ufak katk\u0131da bulunmak istiyorlarsa \u0130zmirlilik ad\u0131na, belediye koridorlar\u0131nda her t\u00fcrl\u00fc komisyonculu\u011fu yapan Veli A\u011fbaba, Ali Mahir Ba\u015far\u0131rlar\u0131n akrabalar\u0131n\u0131 temizlesinler. Buras\u0131 \u0130stanbul de\u011fil, kooperatif yolsuzlu\u011funda oldu\u011fu gibi h\u0131rs\u0131zl\u0131klara m\u00fcsaade etmeyiz. Etkin muhalefete devam ederiz. \u0130yi niyetimiz istismar edilirse cevab\u0131 veririz. S\u00fcrekli kar\u015f\u0131mda yalan s\u00f6yleyen biri var. Borcunu \u00f6deyememi\u015f hala &#8216;Krediden yararlanam\u0131yoruz, Ankara engel oluyor&#8217; diyerek yalanlar\u0131n en b\u00fcy\u00fc\u011f\u00fcn\u00fc s\u00f6yleyen birileri var. Zaten bu CHP&#8217;lilerin 25 senede \u0130zmir&#8217;de s\u00f6yledi\u011fi yalanlar\u0131 toplay\u0131n d\u00fcnya tarihinde yoktur.&#8221;<\/p>\n<p>&#8216;\u00c7OK \u015eEY BOR\u00c7LUYUZ&#8217;<\/p>\n<p>CHP \u0130zmir Milletvekili Sevda Erdan K\u0131l\u0131\u00e7 da Genel Kurul&#8217;da bir konu\u015fma yapt\u0131. K\u0131l\u0131\u00e7, &#8220;K\u00fclt\u00fcr\u00fc yok say\u0131lan ama teslim olmayan bir halk\u0131n torunlar\u0131y\u0131z. Bizi ayakta tutan \u015fey, bu haf\u0131zam\u0131z. Herkes bilsin ki kimli\u011fimizi yolda kaybetmedik. Bu topraklara sonradan eklenmedik. E\u011fer bug\u00fcn burada ba\u015f\u0131m\u0131z dik, \u00f6zg\u00fcrce ve bir arada ya\u015f\u0131yorsak, bunun da mimar\u0131 Mustafa Kemal Atat\u00fcrk&#8217;t\u00fcr. \u00c7ok \u015fey bor\u00e7luyuz ve o borcumuzu hi\u00e7bir \u015fekilde \u00f6demeyiz&#8221; dedi. <\/p>\n<p>CHP \u0130zmir Milletvekili Murat Bakan da Bulgaristan T\u00fcrklerinin 200 y\u0131ll\u0131k bir hikayeye sahip oldu\u011funu belirtip, &#8220;Bu bir dramd\u0131r, bir m\u00fccadeledir, bir direni\u015ftir. Osmanl\u0131-Rus Harbi&#8217;nden ba\u015flay\u0131p Birinci Balkan Sava\u015f\u0131, \u0130kinci Balkan Sava\u015f\u0131 ve bug\u00fcne kadar bir direni\u015fin \u00f6yk\u00fcs\u00fcd\u00fcr. Sizin m\u00fccadelenizin her zaman yan\u0131nda olduk, bundan sonra da olaca\u011f\u0131z&#8221; diye konu\u015ftu.<\/p>\n<p>&#8216;BU YOL G\u00d6\u00c7 YOLU DE\u011e\u0130L, HAYS\u0130YET YOLUDUR&#8217;<\/p>\n<p>MHP \u0130zmir \u0130l Ba\u015fkan\u0131 Veysel \u015eahin ise &#8220;\u0130zmir&#8217;in mayas\u0131nda Balkanlar\u0131n eme\u011fi, duas\u0131 vard\u0131r. Bu \u015fehrin geli\u015fmesinde al\u0131n terleri vard\u0131r. Devlet zay\u0131flarsa millet yara al\u0131r, millet b\u00f6l\u00fcn\u00fcrse tarih tekerr\u00fcr eder. Kimli\u011fimizi tart\u0131\u015fma konusu yapanlara, karde\u015fli\u011fimizi zedelemek isteyenlere cevab\u0131m\u0131z; birli\u011fimiz, karde\u015fli\u011fimizdir. Balkan g\u00f6\u00e7menleri bu topraklara keyfinden gelmedi. Kimse ata topra\u011f\u0131n\u0131 b\u0131rakmak istemezdi. Bu yol g\u00f6\u00e7 yolu de\u011fil, bir haysiyet yoludur. Sizi buraya getiren \u015fey teslimiyet de\u011fil, ba\u015fkald\u0131r\u0131d\u0131r&#8221; dedi. <\/p>\n<p>Genel Kurul&#8217;da tek aday olan mevcut ba\u015fkan BAL-G\u00d6\u00c7 K\u00fclt\u00fcr ve Dayan\u0131\u015fma Derne\u011fi Ba\u015fkan\u0131 Abd\u00fcrrahim Nursoy ve y\u00f6netim kurulu yeniden g\u00f6reve getirildi. <\/p>\n","protected":false},"excerpt":{"rendered":"<p>Eyy\u00fcp Kadir \u0130nan, \u0130zmir \u0130ktisat Kongresi&#8217;nde Balkan T\u00fcrklerinin hak m\u00fccadelesini vurgulad\u0131.<\/p>\n","protected":false},"author":1,"featured_media":72510,"comment_status":"open","ping_status":"open","sticky":false,"template":"","format":"standard","meta":{"footnotes":""},"categories":[12],"tags":[5233,1713,978,1007,531],"class_list":["post-72509","post","type-post","status-publish","format-standard","has-post-thumbnail","hentry","category-siyaset","tag-balkan","tag-goc","tag-izmir","tag-mucadele","tag-yol"],"_links":{"self":[{"href":"https:\/\/bihavadis.com\/index.php\/wp-json\/wp\/v2\/posts\/72509","targetHints":{"allow":["GET"]}}],"collection":[{"href":"https:\/\/bihavadis.com\/index.php\/wp-json\/wp\/v2\/posts"}],"about":[{"href":"https:\/\/bihavadis.com\/index.php\/wp-json\/wp\/v2\/types\/post"}],"author":[{"embeddable":true,"href":"https:\/\/bihavadis.com\/index.php\/wp-json\/wp\/v2\/users\/1"}],"replies":[{"embeddable":true,"href":"https:\/\/bihavadis.com\/index.php\/wp-json\/wp\/v2\/comments?post=72509"}],"version-history":[{"count":1,"href":"https:\/\/bihavadis.com\/index.php\/wp-json\/wp\/v2\/posts\/72509\/revisions"}],"predecessor-version":[{"id":72511,"href":"https:\/\/bihavadis.com\/index.php\/wp-json\/wp\/v2\/posts\/72509\/revisions\/72511"}],"wp:featuredmedia":[{"embeddable":true,"href":"https:\/\/bihavadis.com\/index.php\/wp-json\/wp\/v2\/media\/72510"}],"wp:attachment":[{"href":"https:\/\/bihavadis.com\/index.php\/wp-json\/wp\/v2\/media?parent=72509"}],"wp:term":[{"taxonomy":"category","embeddable":true,"href":"https:\/\/bihavadis.com\/index.php\/wp-json\/wp\/v2\/categories?post=72509"},{"taxonomy":"post_tag","embeddable":true,"href":"https:\/\/bihavadis.com\/index.php\/wp-json\/wp\/v2\/tags?post=72509"}],"curies":[{"name":"wp","href":"https:\/\/api.w.org\/{rel}","templated":true}]}}