{"id":72532,"date":"2026-03-28T09:39:08","date_gmt":"2026-03-28T09:39:08","guid":{"rendered":"https:\/\/bihavadis.com\/?p=72532"},"modified":"2026-03-28T09:39:08","modified_gmt":"2026-03-28T09:39:08","slug":"adalet-bakani-tunc-ssc-duzenlemesi-meclise-gelecek","status":"publish","type":"post","link":"https:\/\/bihavadis.com\/index.php\/2026\/03\/28\/adalet-bakani-tunc-ssc-duzenlemesi-meclise-gelecek\/","title":{"rendered":"Adalet Bakan\u0131 Tun\u00e7: SS\u00c7 d\u00fczenlemesi meclise gelecek"},"content":{"rendered":"<p>Adalet Bakan\u0131 Y\u0131lmaz Tun\u00e7, Kad\u0131k\u00f6y&#8217;de re\u015fit olmayan \u00e7ocuklar\u0131n sald\u0131r\u0131s\u0131na u\u011fray\u0131p b\u0131\u00e7aklanarak \u00f6ld\u00fcr\u00fclen Mattia Ahmet Minguzzi (15) i\u00e7in Sultanahmet Camii&#8217;nde d\u00fczenlenen Mevlidi \u015eerife kat\u0131ld\u0131. \u00c7\u0131k\u0131\u015fta gazetecilere a\u00e7\u0131klamalarda bulunan Bakan Tun\u00e7, kamuoyunun bekledi\u011fi &#8220;Su\u00e7a S\u00fcr\u00fcklenen \u00c7ocuk d\u00fczenlemesi&#8221; ile ilgili konu\u015ftu. <\/p>\n<p><b>&#8220;MECL\u0130S\u0130M\u0130ZDE YASAL D\u00dcZENLEMELER G\u00dcNDEME GELECEK&#8221;<\/b><\/p>\n<p>Bakan Tun\u00e7, Bu tasla\u011f\u0131 meclis grubumuza intikal ettirdik, meclis grubumuz de\u011ferlendirdi ve ard\u0131ndan di\u011fer siyasi partilerle de g\u00f6r\u00fc\u015fmeler yap\u0131ld\u0131; meclisteki b\u00fct\u00fcn siyasi parti gruplar\u0131yla bir mutabakata var\u0131ld\u0131. \u00d6zellikle \u00e7ocuklar\u0131 su\u00e7a s\u00fcr\u00fckleyen nedenlerin belirlenmesi, bu nedenlerin ortadan kald\u0131r\u0131lmas\u0131 ve al\u0131nmas\u0131 gereken tedbirlerin, gerek cezaland\u0131rma gerekse \u00f6nleyici tedbirler bak\u0131m\u0131ndan etrafl\u0131ca ara\u015ft\u0131r\u0131lmas\u0131 ve sonucuna g\u00f6re bir kanun de\u011fi\u015fikli\u011fi yap\u0131lmas\u0131 gerekti\u011fi kanaati olu\u015ftu. H\u00e2lihaz\u0131rda \u0130stanbul milletvekilimiz Say\u0131n Tu\u011fba Turgut ba\u015fkanl\u0131\u011f\u0131nda bu komisyon \u00e7al\u0131\u015fmalar\u0131n\u0131 s\u00fcrd\u00fcrmektedir ve komisyonun \u00e7al\u0131\u015fmalar\u0131 tamamland\u0131ktan sonra olu\u015facak rapora g\u00f6re meclisimizde yasal d\u00fczenlemeler g\u00fcndeme gelecektir&#8221; ifadelerini kulland\u0131. <\/p>\n<p><b>&#8220;18 YA\u015eINDAN K\u00dc\u00c7\u00dcKLER\u0130N CEZALANDIRILMASI TCK&#8217;N\u0130N 31. MADDES\u0130NDE D\u00dcZENLENM\u0130\u015eT\u0130R&#8221;<\/b><\/p>\n<p>Adalet Bakan\u0131 Tun\u00e7&#8217;un a\u00e7\u0131klamas\u0131n\u0131n tamam\u0131 \u015f\u00f6yle: <\/p>\n<p>&#8220;\u00c7ocuklar\u0131n bu \u015fekilde birbirlerine kar\u015f\u0131 su\u00e7 i\u015flemeleri ya da \u00e7ocuklar\u0131n b\u00fcy\u00fcklere kar\u015f\u0131 su\u00e7 i\u015flemeleri, su\u00e7a s\u00fcr\u00fcklenen \u00e7ocuklar konusunu \u00fclkenin g\u00fcndemine getirmi\u015f oldu. Burada \u00f6zellikle \u00e7ocuklar\u0131n, 18 ya\u015f\u0131ndan k\u00fc\u00e7\u00fcklerin cezaland\u0131r\u0131lmas\u0131 ile ilgili hususlar T\u00fcrk Ceza Kanunu&#8217;nun 31. maddesinde d\u00fczenlenmi\u015f olan konulard\u0131r.<\/p>\n<p>Bununla ilgili olarak uzun y\u0131llardan beri T\u00fcrkiye&#8217;nin uygulamas\u0131 \u00fc\u00e7 kademeden m\u00fcte\u015fekkildir. 12 ya\u015f\u0131ndan \u00f6nceki \u00e7ocuklar\u0131n ceza sorumlulu\u011fu yoktur ve bu ya\u015f grubuna \u00e7ocuklara \u00f6zg\u00fc tedbirler uygulan\u0131r. 12\u201315 ya\u015f grubunda cezada yar\u0131 oran\u0131nda indirim s\u00f6z konusudur. 15\u201318 ya\u015f grubunda da indirim uygulanmaktad\u0131r. Kasten \u00f6ld\u00fcrme su\u00e7lar\u0131nda ise a\u011f\u0131rla\u015ft\u0131r\u0131lm\u0131\u015f m\u00fcebbet ve m\u00fcebbet hapis cezalar\u0131 bak\u0131m\u0131ndan, 15\u201318 ya\u015f grubu i\u00e7in a\u011f\u0131rla\u015ft\u0131r\u0131lm\u0131\u015f m\u00fcebbet kar\u015f\u0131l\u0131\u011f\u0131 24 y\u0131la kadar, 12\u201315 ya\u015f grubu i\u00e7in ise 15 y\u0131la kadar ceza verilebilmektedir, kanunumuz bu \u015fekildedir.<\/p>\n<p>Di\u011fer \u00fclke uygulamalar\u0131na bakt\u0131\u011f\u0131m\u0131zda da benzer d\u00fczenlemeler g\u00f6r\u00fclmektedir. Baz\u0131 \u00fclkelerde ceza sorumlulu\u011fu 15 ya\u015f\u0131n alt\u0131nda yoktur, baz\u0131lar\u0131nda 14, baz\u0131lar\u0131nda ise 13 ya\u015f s\u0131n\u0131r\u0131 vard\u0131r ve T\u00fcrkiye&#8217;de bu uygulama 2005&#8217;ten bu yana 12 ya\u015f olarak s\u00fcrd\u00fcr\u00fclmektedir.<\/p>\n<p><b>&#8220;MEVZUATIMIZI YEN\u0130DEN DE\u011eERLEND\u0130RMEK GEREKT\u0130\u011e\u0130 A\u00c7IK\u00c7A ORTADADIR&#8221;<\/b><\/p>\n<p>Gelinen noktada, \u00e7ocuklar\u0131n bu t\u00fcr su\u00e7lara i\u015ftirak etmemesi amac\u0131yla hem cayd\u0131r\u0131c\u0131l\u0131\u011f\u0131 sa\u011flamak hem de mevzuat\u0131m\u0131z\u0131 yeniden de\u011ferlendirmek gerekti\u011fi, kamuoyunun hassasiyeti ve cayd\u0131r\u0131c\u0131l\u0131k ihtiyac\u0131 a\u00e7\u0131k\u00e7a ortadad\u0131r. Bu kapsamda Adalet Bakanl\u0131\u011f\u0131 olarak meclis grubumuza bir taslak \u00fczerinde \u00e7al\u0131\u015ft\u0131k. Bu taslakta, \u00f6zellikle bu ya\u015f grubundaki \u00e7ocuklar\u0131n su\u00e7a kar\u0131\u015fmas\u0131 h\u00e2linde, kasten \u00f6ld\u00fcrme su\u00e7lar\u0131nda su\u00e7un i\u015fleni\u015f \u015fekli, \u00e7ocu\u011fun su\u00e7 i\u015fleme e\u011filimi, ge\u00e7mi\u015fteki su\u00e7 kayd\u0131, sab\u0131ka durumu ve kast\u0131n yo\u011funlu\u011fu gibi hususlar g\u00f6z \u00f6n\u00fcnde bulundurularak her dosya ve her olay baz\u0131nda h\u00e2kimlere takdir yetkisi verilmesi gerekti\u011fi d\u00fc\u015f\u00fcncesi yer ald\u0131.<\/p>\n<p><b>&#8220;TASLA\u011eI MECL\u0130S GRUBUMUZA \u0130NT\u0130KAL ETT\u0130RD\u0130K&#8221;<\/b><\/p>\n<p>Bu tasla\u011f\u0131 meclis grubumuza intikal ettirdik, meclis grubumuz de\u011ferlendirdi ve ard\u0131ndan di\u011fer siyasi partilerle de g\u00f6r\u00fc\u015fmeler yap\u0131ld\u0131; meclisteki b\u00fct\u00fcn siyasi parti gruplar\u0131yla bir mutabakata var\u0131ld\u0131. \u00d6zellikle \u00e7ocuklar\u0131 su\u00e7a s\u00fcr\u00fckleyen nedenlerin belirlenmesi, bu nedenlerin ortadan kald\u0131r\u0131lmas\u0131 ve al\u0131nmas\u0131 gereken tedbirlerin, gerek cezaland\u0131rma gerekse \u00f6nleyici tedbirler bak\u0131m\u0131ndan etrafl\u0131ca ara\u015ft\u0131r\u0131lmas\u0131 ve sonucuna g\u00f6re bir kanun de\u011fi\u015fikli\u011fi yap\u0131lmas\u0131 gerekti\u011fi kanaati olu\u015ftu. H\u00e2lihaz\u0131rda \u0130stanbul milletvekilimiz Say\u0131n Tu\u011fba Turgut ba\u015fkanl\u0131\u011f\u0131nda bu komisyon \u00e7al\u0131\u015fmalar\u0131n\u0131 s\u00fcrd\u00fcrmektedir ve komisyonun \u00e7al\u0131\u015fmalar\u0131 tamamland\u0131ktan sonra olu\u015facak rapora g\u00f6re meclisimizde yasal d\u00fczenlemeler g\u00fcndeme gelecektir.<\/p>\n<p><b>&#8220;11. YARGI PAKET\u0130&#8217;NDE YASALA\u015eAN B\u0130R MADDE BULUNMAKTADIR&#8221;<\/b><\/p>\n<p>Bununla birlikte 11. Yarg\u0131 Paketi&#8217;nde bu anlamda yasala\u015fan bir madde bulunmaktad\u0131r. \u00c7ocuklar\u0131n \u00f6rg\u00fct su\u00e7lar\u0131 kapsam\u0131nda kullan\u0131lmas\u0131 durumunda, \u00f6rg\u00fct y\u00f6neticilerine ve \u00f6rg\u00fct \u00fcyelerine, \u00e7ocuklar\u0131 su\u00e7ta kullananlara verilecek cezalar\u0131n yar\u0131 oran\u0131nda art\u0131r\u0131lmas\u0131na ili\u015fkin d\u00fczenleme 11. Yarg\u0131 Paketi ile yasala\u015fm\u0131\u015ft\u0131r. T\u00fcrk Ceza Kanunu&#8217;nun 31. maddesindeki ceza s\u00fcreleriyle ilgili d\u00fczenlemeler de komisyon \u00e7al\u0131\u015fmalar\u0131ndan sonra ger\u00e7ekle\u015ftirilecektir.<\/p>\n<p>Her iki evlad\u0131m\u0131zla ve di\u011fer \u00e7ocuklarla ilgili davalar\u0131n s\u00fcre\u00e7leri devam etmektedir. \u00dclke genelinde isimlerini burada sayamad\u0131\u011f\u0131m\u0131z baz\u0131 soru\u015fturma ve davalar da bulunmaktad\u0131r. Atlas \u00c7a\u011flayan&#8217;\u0131n soru\u015fturmas\u0131 Bak\u0131rk\u00f6y Cumhuriyet Ba\u015fsavc\u0131l\u0131\u011f\u0131nda devam etmekte olup, 12\u201315 ya\u015f grubunda su\u00e7u i\u015fleyenlerle ilgili s\u00fcre\u00e7 titizlikle takip edilmektedir. Ayr\u0131ca sosyal medya \u00fczerinden \u00c7a\u011flayan ailesini tehdit eden ki\u015filerle ilgili soru\u015fturma a\u00e7\u0131lm\u0131\u015f, d\u00f6rt ki\u015fi tespit edilerek tutuklanm\u0131\u015ft\u0131r.<\/p>\n<p>Yine Ahmet Ming\u00fczi&#8217;nin ailesine y\u00f6nelik sosyal medya \u00fczerinden yap\u0131lan tehdit ve hakaretlerle ilgili de tespit edilen ki\u015filer hakk\u0131nda soru\u015fturmalar a\u00e7\u0131lm\u0131\u015f, tutuklamalar yap\u0131lm\u0131\u015f ve gerekli cezai yapt\u0131r\u0131mlar uygulanm\u0131\u015ft\u0131r. Aileyi tehdit eden, su\u00e7u ve su\u00e7luyu \u00f6vme ve hakaret su\u00e7lar\u0131ndan \u00fc\u00e7 ki\u015fi, mezar\u0131 tahrip eden bir ki\u015fi olmak \u00fczere toplam d\u00f6rt ki\u015fi be\u015f y\u0131la kadar cezalarla cezaland\u0131r\u0131lm\u0131\u015ft\u0131r.<\/p>\n<p><b>&#8220;BU KONUDA HASSAS\u0130YET\u0130M\u0130Z SON DERECE B\u00dcY\u00dcK, KARARLILI\u011eIMIZ TAMDIR&#8221;<\/b><\/p>\n<p>Bu konudaki hassasiyetimiz son derece b\u00fcy\u00fckt\u00fcr. Say\u0131n Cumhurba\u015fkan\u0131m\u0131z\u0131n kabine toplant\u0131lar\u0131nda ve sonras\u0131ndaki a\u00e7\u0131klamalar\u0131ndan da g\u00f6r\u00fclece\u011fi \u00fczere bu konudaki kararl\u0131l\u0131\u011f\u0131m\u0131z tamd\u0131r. \u00c7ocuklar\u0131m\u0131z\u0131 korumam\u0131z, onlar\u0131 hem sosyal medyan\u0131n olumsuz etkilerinden hem de su\u00e7a bula\u015fmaktan uzak tutmak i\u00e7in aileler ve devletimizin ilgili kurumlar\u0131 taraf\u0131ndan gerekli tedbirleri hassasiyetle almam\u0131z gerekmektedir. \u00c7ocuklar\u0131n korunmas\u0131 t\u00fcm d\u00fcnyada \u00f6nemli bir sorun h\u00e2line gelmi\u015f olup, T\u00fcrkiye&#8217;de de \u00c7ocuk Koruma Kanunu 2005 y\u0131l\u0131nda y\u00fcr\u00fcrl\u00fc\u011fe girmi\u015f, anayasam\u0131zda \u00e7ocuklar\u0131n korunmas\u0131 ve istismar\u0131n \u00f6nlenmesine y\u00f6nelik d\u00fczenlemeler hayata ge\u00e7irilmi\u015ftir. Bu anayasal ve yasal d\u00fczenlemelerin uygulamaya yans\u0131t\u0131lmas\u0131 noktas\u0131ndaki hassasiyetimizi s\u00fcrd\u00fcrmekteyiz.<\/p>\n<p>Soru\u015fturmalar\u0131 yak\u0131ndan takip ediyor, Ahmet Ming\u00fczi evlad\u0131m\u0131za, Atlas \u00c7a\u011flayan evlad\u0131m\u0131za ve hunharca katledilen t\u00fcm \u00e7ocuklar\u0131m\u0131za Allah&#8217;tan rahmet diliyor, ailelerinin ac\u0131s\u0131n\u0131 y\u00fcrekten payla\u015f\u0131yoruz. Bir evlad\u0131n\u0131 kaybetmi\u015f bir annenin ac\u0131s\u0131n\u0131n tarif edilemez oldu\u011funu biliyor, bu hassasiyeti sayg\u0131yla kar\u015f\u0131l\u0131yor ve buna uygun tedbirleri alma kararl\u0131l\u0131\u011f\u0131m\u0131z\u0131 vurguluyoruz.<\/p>\n<p><b>&#8220;A\u0130LEY\u0130 YALNIZ BIRAKMADIK, BIRAKMAYACA\u011eIZ&#8221;<\/b><\/p>\n<p>Ahmet evlad\u0131m\u0131z\u0131n vefat\u0131n\u0131n birinci y\u0131l d\u00f6n\u00fcm\u00fcnde aileyi yaln\u0131z b\u0131rakmad\u0131k, aileyle s\u00fcrekli irtibat h\u00e2linde olduk ve mevlid program\u0131na kat\u0131larak dualar ettik. Rabbim bir daha ailelerimize b\u00f6yle ac\u0131lar ya\u015fatmas\u0131n. Bu s\u00fcre\u00e7te Ming\u00fczi ailesinin ve \u00e7ocuklar\u0131n\u0131 kaybeden t\u00fcm ailelerimizin yan\u0131nda oldu\u011fumuzu, Say\u0131n Cumhurba\u015fkan\u0131m\u0131z\u0131n da olay\u0131n ba\u015f\u0131ndan itibaren aileyle g\u00f6r\u00fc\u015ferek talimatlar\u0131n\u0131 verdi\u011fini ve komisyon \u00e7al\u0131\u015fmalar\u0131 tamamland\u0131\u011f\u0131nda gerekli yasal d\u00fczenlemelerin g\u00fcndeme gelece\u011fini ifade ediyoruz. Bir kez daha Ahmet yavrumuza, Atlas yavrumuza ve di\u011fer \u00e7ocuklar\u0131m\u0131za Allah&#8217;tan rahmet diliyor, ailelerine ve milletimize ba\u015fsa\u011fl\u0131\u011f\u0131 ve sab\u0131r temenni ediyoruz.<\/p>\n","protected":false},"excerpt":{"rendered":"<p>Ahmet Minguzzi i\u00e7in Sultanahmet Camii&#8217;nde d\u00fczenlenen Mevlidi \u015eerif&#8217;e kat\u0131lan Adalet Bakan\u0131 Y\u0131lmaz Tun\u00e7 \u00e7\u0131k\u0131\u015fta, beklenen &#8220;Su\u00e7a S\u00fcr\u00fcklenen \u00c7ocuk d\u00fczenlemesi&#8221; ile ilgili konu\u015ftu. &#8220;Aileyi yaln\u0131z b\u0131rakmad\u0131k, b\u0131rakmayaca\u011f\u0131z&#8221; diyen Bakan Tun\u00e7, &#8220;Su\u00e7a s\u00fcr\u00fcklenen \u00e7ocuklarla ilgili komisyon \u00e7al\u0131\u015fmalar\u0131 s\u00fcrmektedir. \u00c7al\u0131\u015fmalar tamamland\u0131ktan sonra olu\u015facak rapora g\u00f6re meclisimizde yasal d\u00fczenlemeler g\u00fcndeme gelecektir&#8221; dedi.<\/p>\n","protected":false},"author":1,"featured_media":72533,"comment_status":"open","ping_status":"open","sticky":false,"template":"","format":"standard","meta":{"footnotes":""},"categories":[12],"tags":[258,242,255,286,4560],"class_list":["post-72532","post","type-post","status-publish","format-standard","has-post-thumbnail","hentry","category-siyaset","tag-ceza","tag-cocuk","tag-cocuklarin","tag-suc","tag-yas-grubu"],"_links":{"self":[{"href":"https:\/\/bihavadis.com\/index.php\/wp-json\/wp\/v2\/posts\/72532","targetHints":{"allow":["GET"]}}],"collection":[{"href":"https:\/\/bihavadis.com\/index.php\/wp-json\/wp\/v2\/posts"}],"about":[{"href":"https:\/\/bihavadis.com\/index.php\/wp-json\/wp\/v2\/types\/post"}],"author":[{"embeddable":true,"href":"https:\/\/bihavadis.com\/index.php\/wp-json\/wp\/v2\/users\/1"}],"replies":[{"embeddable":true,"href":"https:\/\/bihavadis.com\/index.php\/wp-json\/wp\/v2\/comments?post=72532"}],"version-history":[{"count":1,"href":"https:\/\/bihavadis.com\/index.php\/wp-json\/wp\/v2\/posts\/72532\/revisions"}],"predecessor-version":[{"id":72534,"href":"https:\/\/bihavadis.com\/index.php\/wp-json\/wp\/v2\/posts\/72532\/revisions\/72534"}],"wp:featuredmedia":[{"embeddable":true,"href":"https:\/\/bihavadis.com\/index.php\/wp-json\/wp\/v2\/media\/72533"}],"wp:attachment":[{"href":"https:\/\/bihavadis.com\/index.php\/wp-json\/wp\/v2\/media?parent=72532"}],"wp:term":[{"taxonomy":"category","embeddable":true,"href":"https:\/\/bihavadis.com\/index.php\/wp-json\/wp\/v2\/categories?post=72532"},{"taxonomy":"post_tag","embeddable":true,"href":"https:\/\/bihavadis.com\/index.php\/wp-json\/wp\/v2\/tags?post=72532"}],"curies":[{"name":"wp","href":"https:\/\/api.w.org\/{rel}","templated":true}]}}