{"id":72669,"date":"2026-03-28T11:30:07","date_gmt":"2026-03-28T11:30:07","guid":{"rendered":"https:\/\/bihavadis.com\/?p=72669"},"modified":"2026-03-28T11:30:07","modified_gmt":"2026-03-28T11:30:07","slug":"israilden-iranda-ust-duzey-isimler-hedef-alindi-iddiasi","status":"publish","type":"post","link":"https:\/\/bihavadis.com\/index.php\/2026\/03\/28\/israilden-iranda-ust-duzey-isimler-hedef-alindi-iddiasi\/","title":{"rendered":"\u0130srail&#8217;den \u0130ran&#8217;da \u00fcst d\u00fczey isimler hedef al\u0131nd\u0131 iddias\u0131"},"content":{"rendered":"<p>Orta Do\u011fu&#8217;da s\u0131cak saatler&#8230;<\/p>\n<p>ABD ile \u0130ran aras\u0131ndaki kar\u015f\u0131l\u0131kl\u0131 restle\u015fmelerin s\u00fcrd\u00fc\u011f\u00fc bug\u00fcnlerde g\u00f6zler ABD&#8217;nin Orta Do\u011fu m\u00fcttefiki \u0130srail&#8217;e \u00e7evrilmi\u015fken beklenen hamle geldi.\u00a0<\/p>\n<p><strong>\u0130SRA\u0130L SALDIRI D\u00dcZENLED\u0130 <\/strong><\/p>\n<p>\u0130srail Savunma Bakan\u0131 Yisrael Katz, \u0130ran\u2019a kar\u015f\u0131<em><b> \u201c\u00f6nleyici sald\u0131r\u0131\u201d<\/b><\/p>\n<p>Katz&#8217;\u0131n operasyon a\u00e7\u0131klamas\u0131n\u0131n hemen ard\u0131ndan \u0130srail genelinde siren sesleri yank\u0131lanmaya ba\u015flad\u0131.<\/p>\n<p><strong>\u0130SRA\u0130L&#8217;DE OHAL \u0130LAN ED\u0130LD\u0130 <\/strong><\/p>\n<p>\u0130srail ordusu, sivilleri bomba s\u0131\u011f\u0131naklar\u0131na yak\u0131n durmalar\u0131 ve zorunlu olmayan t\u00fcm seyahatlerden ka\u00e7\u0131nmalar\u0131 konusunda uyard\u0131.<\/p>\n<p>Ordudan yap\u0131lan bilgilendirmede, s\u00f6z konusu proaktif uyar\u0131n\u0131n \u0130srail topraklar\u0131na y\u00f6nelik olas\u0131 bir misilleme f\u00fcze sald\u0131r\u0131s\u0131na kar\u015f\u0131 halk\u0131 haz\u0131rlamak amac\u0131yla yap\u0131ld\u0131\u011f\u0131, ancak \u015fu an i\u00e7in fiili olarak s\u0131\u011f\u0131naklara inilmesine gerek olmad\u0131\u011f\u0131 kaydedildi.<\/p>\n<p><img decoding=\"async\" src=\"https:\/\/bihavadis.com\/wp-content\/uploads\/2026\/03\/israilden-iranda-ust-duzey-isimler-hedef-alindi-iddiasi-0-9WZrP33X.jpg\"\/><\/p>\n<p><strong>TAHRAN&#8217;DA PATLAMA SESLER\u0130 DUYULDU<\/strong><\/p>\n<p>\u0130srail&#8217;in sald\u0131r\u0131 ilan\u0131n\u0131n ard\u0131ndan \u0130ran&#8217;\u0131n ba\u015fkenti Tahran&#8217;da, art arda \u015fiddetli patlama sesleri duyuldu\u011fu bildirildi.<\/p>\n<p>Patlamalar\u0131n hedefinin ve olas\u0131 can kayb\u0131n\u0131n boyutuna ili\u015fkin hen\u00fcz resmi bir a\u00e7\u0131klama yap\u0131lmad\u0131.<\/p>\n<p><strong>\u00dcST D\u00dcZEY \u0130S\u0130MLER HEDEF ALINDI \u0130DD\u0130ASI <\/strong><\/p>\n<p>Tahran&#8217;da yeni patlamalar meydana gelirken, \u0130srail bas\u0131n\u0131, sald\u0131r\u0131larda \u0130ranl\u0131 \u00fcst d\u00fczey y\u00f6neticilerin hedef al\u0131nd\u0131\u011f\u0131 iddia etti<\/p>\n<div> <span><strong>Kaynak:<\/strong> Anadolu Ajans\u0131 (AA)<\/span> <\/div>\n","protected":false},"excerpt":{"rendered":"<p>Orta Do\u011fu&#8217;da s\u0131cak saatler&#8230; ABD ile \u0130ran aras\u0131ndaki kar\u015f\u0131l\u0131kl\u0131 restle\u015fmelerin s\u00fcrd\u00fc\u011f\u00fc bug\u00fcnlerde g\u00f6zler ABD&#8217;nin Orta Do\u011fu m\u00fcttefiki \u0130srail&#8217;e \u00e7evrilmi\u015fken beklenen hamle geldi.\u00a0 \u0130SRA\u0130L SALDIRI D\u00dcZENLED\u0130 \u0130srail Savunma Bakan\u0131 Yisrael Katz, \u0130ran\u2019a &#8230;<\/p>\n","protected":false},"author":1,"featured_media":72670,"comment_status":"open","ping_status":"open","sticky":false,"template":"","format":"standard","meta":{"footnotes":""},"categories":[6],"tags":[792,794],"class_list":["post-72669","post","type-post","status-publish","format-standard","has-post-thumbnail","hentry","category-dunya","tag-israil","tag-saldiri"],"_links":{"self":[{"href":"https:\/\/bihavadis.com\/index.php\/wp-json\/wp\/v2\/posts\/72669","targetHints":{"allow":["GET"]}}],"collection":[{"href":"https:\/\/bihavadis.com\/index.php\/wp-json\/wp\/v2\/posts"}],"about":[{"href":"https:\/\/bihavadis.com\/index.php\/wp-json\/wp\/v2\/types\/post"}],"author":[{"embeddable":true,"href":"https:\/\/bihavadis.com\/index.php\/wp-json\/wp\/v2\/users\/1"}],"replies":[{"embeddable":true,"href":"https:\/\/bihavadis.com\/index.php\/wp-json\/wp\/v2\/comments?post=72669"}],"version-history":[{"count":1,"href":"https:\/\/bihavadis.com\/index.php\/wp-json\/wp\/v2\/posts\/72669\/revisions"}],"predecessor-version":[{"id":72672,"href":"https:\/\/bihavadis.com\/index.php\/wp-json\/wp\/v2\/posts\/72669\/revisions\/72672"}],"wp:featuredmedia":[{"embeddable":true,"href":"https:\/\/bihavadis.com\/index.php\/wp-json\/wp\/v2\/media\/72670"}],"wp:attachment":[{"href":"https:\/\/bihavadis.com\/index.php\/wp-json\/wp\/v2\/media?parent=72669"}],"wp:term":[{"taxonomy":"category","embeddable":true,"href":"https:\/\/bihavadis.com\/index.php\/wp-json\/wp\/v2\/categories?post=72669"},{"taxonomy":"post_tag","embeddable":true,"href":"https:\/\/bihavadis.com\/index.php\/wp-json\/wp\/v2\/tags?post=72669"}],"curies":[{"name":"wp","href":"https:\/\/api.w.org\/{rel}","templated":true}]}}