{"id":72679,"date":"2026-03-28T11:39:09","date_gmt":"2026-03-28T11:39:09","guid":{"rendered":"https:\/\/bihavadis.com\/?p=72679"},"modified":"2026-03-28T11:39:09","modified_gmt":"2026-03-28T11:39:09","slug":"irandan-aciklama-geldi-hamaney-tahranda-degil","status":"publish","type":"post","link":"https:\/\/bihavadis.com\/index.php\/2026\/03\/28\/irandan-aciklama-geldi-hamaney-tahranda-degil\/","title":{"rendered":"\u0130ran&#8217;dan a\u00e7\u0131klama geldi: Hamaney Tahran&#8217;da de\u011fil"},"content":{"rendered":"<p>\u0130srail, \u0130ran&#8217;a sald\u0131r\u0131 ba\u015flatt\u0131.\u00a0<\/p>\n<p>\u0130srail, \u0130ran&#8217;a kar\u015f\u0131 <em><b>&#8220;\u00f6nleyici&#8221; <\/b><\/p>\n<p>Bunun akabinde ise Tahran&#8217;\u0131n bir\u00e7ok noktas\u0131nda patlamalar meydana gelirken, Hamaney&#8217;in durumu da merak edildi.<\/p>\n<p><strong>\u0130RAN&#8217;DAN A\u00c7IKLAMA GELD\u0130: HAMANEY TAHRAN&#8217;DA DE\u011e\u0130L<\/strong><\/p>\n<p>\u0130ran&#8217;dan yap\u0131lan a\u00e7\u0131klamada, <em><b>&#8220;\u0130ran lideri Hamaney Tahran&#8217;da de\u011fil, g\u00fcvenli bir lokasyonda&#8221; <\/b><\/em>denildi.\u00a0<\/p>\n<p><img decoding=\"async\" src=\"https:\/\/bihavadis.com\/wp-content\/uploads\/2026\/03\/irandan-aciklama-geldi-hamaney-tahranda-degil-0-NhUEu5NN.jpg\"\/><\/p>\n<p><strong>MEHRABAD HAVAALANI HEDEFTE<\/strong><\/p>\n<p>\u0130ran&#8217;\u0131n ba\u015fkenti Tahran&#8217;\u0131n do\u011fu ve bat\u0131 k\u0131s\u0131mlar\u0131nda patlama sesleri duyuldu.<\/p>\n<p>Mehrabad Havaalan\u0131 da bu sald\u0131r\u0131larla hedef al\u0131nd\u0131.\u00a0<\/p>\n<p><strong>&#8220;\u0130NTERNET ZAYIFLADI&#8221;<\/strong><\/p>\n<p>\u0130ran medyas\u0131n\u0131n aktard\u0131\u011f\u0131na g\u00f6re Tahran&#8217;\u0131n do\u011fu ve bat\u0131 b\u00f6lgelerinde cep telefonu hatlar\u0131 kesildi, baz\u0131 b\u00f6lgelerde ise internet ba\u011flant\u0131s\u0131 zay\u0131flad\u0131.<\/p>\n<p><strong>&#8220;SALDIRI ABD \u0130LE KOORD\u0130NEL\u0130 GER\u00c7EKLE\u015eT\u0130&#8221;<\/strong><\/p>\n<p>\u0130srail merkezli Kanal 12&#8217;ye konu\u015fan Netanyahu&#8217;ya yak\u0131n kaynaklar \u0130ran&#8217;a yap\u0131lan sald\u0131r\u0131n\u0131n ABD ile koordineli \u015fekilde ger\u00e7ekle\u015ftirildi\u011fini aktard\u0131.<\/p>\n<p>Sald\u0131r\u0131da ilk hedefin \u0130ran Cumhurba\u015fkanl\u0131\u011f\u0131 Konutu oldu\u011fu \u00f6ne s\u00fcr\u00fcld\u00fc.<\/p>\n<p>Hedefin duyurulmas\u0131n\u0131n ard\u0131ndan da \u0130srail medyas\u0131ndan yap\u0131lan a\u00e7\u0131klamada, \u0130srail sava\u015f u\u00e7aklar\u0131n\u0131n \u0130ran Cumhurba\u015fkanl\u0131\u011f\u0131 Saray\u0131n\u0131 vurdu\u011fu duyuruldu.\u00a0<\/p>\n<p><img decoding=\"async\" src=\"https:\/\/bihavadis.com\/wp-content\/uploads\/2026\/03\/irandan-aciklama-geldi-hamaney-tahranda-degil-1-sVKXzb2z.jpg\"\/><\/p>\n<p><strong>\u0130SRA\u0130L G\u00dcVENL\u0130K \u00d6NLEMLER\u0130NE BA\u015eLADI<\/strong><\/p>\n<p>\u0130srail ordusu sirenlerin, hava sald\u0131r\u0131s\u0131 ihtimaline kar\u015f\u0131 halk\u0131 haz\u0131rlamak amac\u0131yla uyar\u0131 olarak devreye sokuldu\u011funu a\u00e7\u0131klad\u0131.<\/p>\n<p>\u00dclke genelinde okullar tatil edilirken ordu halka evlerinden \u00e7\u0131kmamalar\u0131 i\u00e7in \u00e7a\u011fr\u0131 yapmaya ba\u015flad\u0131.<\/p>\n<p><img decoding=\"async\" src=\"https:\/\/bihavadis.com\/wp-content\/uploads\/2026\/03\/irandan-aciklama-geldi-hamaney-tahranda-degil-2-22h5bfij.jpg\"\/><\/p>\n<p><img decoding=\"async\" src=\"https:\/\/bihavadis.com\/wp-content\/uploads\/2026\/03\/irandan-aciklama-geldi-hamaney-tahranda-degil-3-7agud1L2.jpg\"\/> <\/p>\n<div> <span><strong>Kaynak:<\/strong> Ensonhaber Haber Merkezi<\/span> <\/div>\n","protected":false},"excerpt":{"rendered":"<p>\u0130srail, \u0130ran&#8217;a sald\u0131r\u0131 ba\u015flatt\u0131.\u00a0 \u0130srail, \u0130ran&#8217;a kar\u015f\u0131 &#8220;\u00f6nleyici&#8221; Bunun akabinde ise Tahran&#8217;\u0131n bir\u00e7ok noktas\u0131nda patlamalar meydana gelirken, Hamaney&#8217;in durumu da merak edildi. \u0130RAN&#8217;DAN A\u00c7IKLAMA GELD\u0130: HAMANEY TAHRAN&#8217;DA DE\u011e\u0130L \u0130ran&#8217;dan yap\u0131lan &#8230;<\/p>\n","protected":false},"author":1,"featured_media":72680,"comment_status":"open","ping_status":"open","sticky":false,"template":"","format":"standard","meta":{"footnotes":""},"categories":[6],"tags":[271,792,794],"class_list":["post-72679","post","type-post","status-publish","format-standard","has-post-thumbnail","hentry","category-dunya","tag-iran","tag-israil","tag-saldiri"],"_links":{"self":[{"href":"https:\/\/bihavadis.com\/index.php\/wp-json\/wp\/v2\/posts\/72679","targetHints":{"allow":["GET"]}}],"collection":[{"href":"https:\/\/bihavadis.com\/index.php\/wp-json\/wp\/v2\/posts"}],"about":[{"href":"https:\/\/bihavadis.com\/index.php\/wp-json\/wp\/v2\/types\/post"}],"author":[{"embeddable":true,"href":"https:\/\/bihavadis.com\/index.php\/wp-json\/wp\/v2\/users\/1"}],"replies":[{"embeddable":true,"href":"https:\/\/bihavadis.com\/index.php\/wp-json\/wp\/v2\/comments?post=72679"}],"version-history":[{"count":1,"href":"https:\/\/bihavadis.com\/index.php\/wp-json\/wp\/v2\/posts\/72679\/revisions"}],"predecessor-version":[{"id":72685,"href":"https:\/\/bihavadis.com\/index.php\/wp-json\/wp\/v2\/posts\/72679\/revisions\/72685"}],"wp:featuredmedia":[{"embeddable":true,"href":"https:\/\/bihavadis.com\/index.php\/wp-json\/wp\/v2\/media\/72680"}],"wp:attachment":[{"href":"https:\/\/bihavadis.com\/index.php\/wp-json\/wp\/v2\/media?parent=72679"}],"wp:term":[{"taxonomy":"category","embeddable":true,"href":"https:\/\/bihavadis.com\/index.php\/wp-json\/wp\/v2\/categories?post=72679"},{"taxonomy":"post_tag","embeddable":true,"href":"https:\/\/bihavadis.com\/index.php\/wp-json\/wp\/v2\/tags?post=72679"}],"curies":[{"name":"wp","href":"https:\/\/api.w.org\/{rel}","templated":true}]}}