{"id":72754,"date":"2026-03-28T12:36:06","date_gmt":"2026-03-28T12:36:06","guid":{"rendered":"https:\/\/bihavadis.com\/?p=72754"},"modified":"2026-03-28T12:36:06","modified_gmt":"2026-03-28T12:36:06","slug":"izmir-iktisat-kongresi-yeniden-hayat-buldu","status":"publish","type":"post","link":"https:\/\/bihavadis.com\/index.php\/2026\/03\/28\/izmir-iktisat-kongresi-yeniden-hayat-buldu\/","title":{"rendered":"\u0130zmir \u0130ktisat Kongresi Yeniden Hayat Buldu"},"content":{"rendered":"<p> AK Parti Genel Sekreteri ve \u0130zmir Milletvekili Eyy\u00fcp Kadir \u0130nan, &#8220;Cumhuriyetimizin banisi olan Mustafa Kemal Atat\u00fcrk&#8217;\u00fcn evini nas\u0131l \u015fahland\u0131r\u0131p 10 Kas\u0131m&#8217;da hizmete a\u00e7t\u0131ysak, \u0130zmir \u0130ktisat Kongresi binas\u0131n\u0131 da ayn\u0131 \u015fekilde hayata ge\u00e7irdik. \u00c7\u00fcnk\u00fc bizim i\u00e7in iktisat kongresinin alan\u0131 neyse Selanik&#8217;teki ev o demektir. \u0130zmir ne demekse Selanik de o demektir.&#8221; dedi.<\/p>\n<p>\u0130zmir \u0130ktisat Kongresi Merkezi&#8217;nde d\u00fczenlenen \u0130zmir Balkan G\u00f6\u00e7menleri K\u00fclt\u00fcr ve Dayan\u0131\u015fma Derne\u011fi (\u0130ZM\u0130R BAL-G\u00d6\u00c7) 18. Genel Kurulu&#8217;na kat\u0131lan \u0130nan, babas\u0131n\u0131n \u015eanl\u0131urfal\u0131, annesinin ise Tireli bir Balkan g\u00f6\u00e7meni oldu\u011funu s\u00f6yledi.<\/p>\n<p>\u0130nan, Gazi Mustafa Kemal Atat\u00fcrk&#8217;\u00fcn milli ve ekonomik sava\u015f\u0131n\u0131 ba\u015flatt\u0131\u011f\u0131 \u0130zmir \u0130ktisat Kongresi&#8217;nin yap\u0131ld\u0131\u011f\u0131 binan\u0131n bulundu\u011fu alan\u0131n daha \u00f6nce at\u0131l bir \u015fekilde oldu\u011funu ifade ederek, h\u00fck\u00fcmetin yapt\u0131\u011f\u0131 yeni binay\u0131 \u0130zmirlilerin hizmetine kazand\u0131rd\u0131\u011f\u0131n\u0131 kaydetti.<\/p>\n<p>Selanik&#8217;teki Atat\u00fcrk Evi&#8217;nin kendi d\u00f6nemlerinde hizmete a\u00e7\u0131ld\u0131\u011f\u0131na de\u011finen \u0130nan, &#8220;Cumhuriyetimizin banisi olan Mustafa Kemal Atat\u00fcrk&#8217;\u00fcn evini nas\u0131l \u015fahland\u0131r\u0131p 10 Kas\u0131m&#8217;da hizmete a\u00e7t\u0131ysak buray\u0131 da ayn\u0131 \u015fekilde hayata ge\u00e7irdik. \u00c7\u00fcnk\u00fc bizim i\u00e7in iktisat kongresinin alan\u0131 neyse Selanik&#8217;teki ev o demektir. \u0130zmir ne demekse Selanik de o demektir. Bu duygularla biz \u00e7al\u0131\u015fmalar\u0131m\u0131z\u0131 s\u00fcrd\u00fcr\u00fcyoruz. \u00d6te yandan yine Bulgaristan&#8217;\u0131n ve bizlerin gururu Naim S\u00fcleymano\u011flu abimizin de evini in\u015fallah m\u00fczeye biz d\u00f6n\u00fc\u015ft\u00fcr\u00fcyoruz.&#8221; diye konu\u015ftu.<\/p>\n<p>Mihalgazi Belediye Ba\u015fkan\u0131 G\u00fcne\u015f&#8217;e y\u00f6nelik payla\u015f\u0131ma tepki<\/p>\n<p>\u0130nan, Eski\u015fehir&#8217;in Mihalgazi Belediye Ba\u015fkan\u0131 Zeynep G\u00fcne\u015f&#8217;i hedef alan sosyal medya payla\u015f\u0131m\u0131na tepki g\u00f6sterdi.<\/p>\n<p>G\u00fcne\u015f&#8217;in y\u00fczde 53 oyla se\u00e7ildi\u011fini anlatan \u0130nan, \u015funlar\u0131 kaydetti: <\/p>\n<p>&#8220;Bir belediye ba\u015fkan\u0131 k\u0131l\u0131k k\u0131yafetinden dolay\u0131 bir sald\u0131r\u0131ya maruz kald\u0131. Tan\u0131m \u015fu, &#8216;b\u00f6yle belediye ba\u015fkanl\u0131\u011f\u0131 m\u0131 olur, bu k\u0131l\u0131k k\u0131yafetle? Sen git inek sa\u011f, kat\u0131r s\u00fcr.&#8217; Hala eski T\u00fcrkiye kal\u0131nt\u0131lar\u0131n\u0131 g\u00f6rm\u00fc\u015f olduk. Zaman geldi K\u00fcrt karde\u015flerimiz dilini savunamad\u0131. O nedenle T\u00fcrkiye&#8217;de 25 sene \u00f6nce ya\u015fad\u0131klar\u0131m\u0131z\u0131n \u00e7ok a\u011f\u0131r ve gaddar durumunu bizim Balkanlar&#8217;daki b\u00fcy\u00fcklerimiz ya\u015fad\u0131. Dil soyk\u0131r\u0131m\u0131yla, etnik soyk\u0131r\u0131mla kar\u015f\u0131la\u015ft\u0131lar. O nedenle onlar\u0131n \u00e7ekti\u011fi ac\u0131lar bizim pusulam\u0131zd\u0131r.&#8221;<\/p>\n<p>\u0130nan, kentteki sivil toplum kurulu\u015flar\u0131na da seslenerek, &#8220;\u00c7amdibi&#8217;ndeki \u00e7ocuklar\u0131n hakk\u0131n\u0131 savunmak i\u00e7in bizi s\u0131k\u0131\u015ft\u0131rmal\u0131lar. Buca&#8217;daki, Limontepe&#8217;deki, Cengizhan&#8217;daki \u00e7ocuklar\u0131n hakk\u0131n\u0131 her zaman \u0130zmir kamuoyunda g\u00fcndemde tutmal\u0131lard\u0131r. \u0130zmir&#8217;in sorunlar\u0131 bizim omzumuzda \u00f6nemli bir sorumluluk.&#8221; ifadelerini kulland\u0131.<\/p>\n<p>\u0130Y\u0130 Parti Genel Sekreteri Osman Ert\u00fcrk \u00d6zel de hem anne hem de baba taraf\u0131n\u0131n Balkanlar&#8217;dan geldi\u011fini belirterek, b\u00f6lgeyi \u00f6nemsediklerini anlatt\u0131.<\/p>\n<p>Genel kurulda yeniden aday olan \u0130ZM\u0130R BAL-G\u00d6\u00c7 Genel Ba\u015fkan\u0131 Abdurrahim Nursoy ise Balkan T\u00fcrklerinin haklar\u0131n\u0131 savunmaya devam edeceklerini s\u00f6yledi.<\/p>\n<p>Programda CHP \u0130zmir milletvekilleri Sevda Erdan K\u0131l\u0131\u00e7, Murat Bakan, CHP Bursa Milletvekili Hasan \u00d6zt\u00fcrk, Gaziemir Kaymakam\u0131 Kudret Kurnaz, Zafer Partisi Genel Ba\u015fkan Yard\u0131mc\u0131s\u0131 \u00d6zcan Pehlivano\u011flu, MHP \u0130zmir \u0130l Ba\u015fkan\u0131 Veysel \u015eahin de konu\u015fma yapt\u0131.<\/p>\n<p>Toplant\u0131ya AK Parti \u0130zmir milletvekilleri Ceyda B\u00f6l\u00fcnmez \u00c7ank\u0131r\u0131 ve Ya\u015far K\u0131rkp\u0131nar da kat\u0131ld\u0131.<\/p>\n<p>&#8220;En k\u0131sa s\u00fcrede \u0130zmir&#8217;de bu \u00e7ile d\u00f6nemini bitirece\u011fiz&#8221;<\/p>\n<p>\u0130nan, genel kurul \u00e7\u0131k\u0131\u015f\u0131nda bir gazetecinin &#8220;\u0130zmir B\u00fcy\u00fck\u015fehir Belediye Ba\u015fkan\u0131 Cemil Tugay&#8217;la ipler koptu mu?&#8221; sorusu \u00fczerine \u015funlar\u0131 kaydetti: <\/p>\n<p>&#8220;Bir ip yoktu kopacak olan. O CHP Belediye Ba\u015fkan\u0131, biz de \u0130zmir&#8217;de muhalefet cephesini temsil eden ki\u015fileriz. \u0130zmir&#8217;de i\u015f \u00fcretilsin, s\u0131k\u0131nt\u0131lar giderilsin diye yo\u011fun bir \u015fekilde milletvekillerimizle birlikte \u00e7al\u0131\u015fmalar\u0131m\u0131za devam ediyoruz. Bizim bu iyi niyetimiz bir zay\u0131fl\u0131k san\u0131l\u0131yor. Buna y\u00f6nelik tepkimizi g\u00f6sterdik. Se\u00e7imlere \u00e7ok az bir zaman kald\u0131. Art\u0131k beceriksizliklerini \u00e7e\u015fitli ideolojik iftiralarla \u00f6rtmeye kalkmas\u0131nlar. Yapacaklar\u0131 \u015feyler belli. \u0130zmir&#8217;in \u00e7\u00f6p konusunda tesisle\u015fme s\u00f6zlerini versinler. \u00c7\u00fcnk\u00fc ka\u00e7ak izinleri o s\u00f6zler i\u00e7in ald\u0131lar. \u00d6te yandan k\u00f6rfezi temizlesinler. Bug\u00fcn ya\u015fad\u0131\u011f\u0131m\u0131z kay\u0131p ka\u00e7ak sorunlar\u0131n\u0131 da \u00e7\u00f6zs\u00fcnler. Kendisinin arka kap\u0131larda, bakanl\u0131k koridorlar\u0131nda yapamayaca\u011f\u0131 s\u00f6zleri vererek, \u0130zmir&#8217;i kand\u0131rd\u0131\u011f\u0131n\u0131 ve vakit kaybettirdi\u011fini bizler vatanda\u015f\u0131m\u0131za anlat\u0131yoruz. En k\u0131sa s\u00fcrede \u0130zmir&#8217;de bu \u00e7ile d\u00f6nemini bitirece\u011fiz.&#8221;<\/p>\n<p>\u0130zmir milletvekillerine seslenen \u0130nan, &#8220;Bu \u015fehre en ufak bir katk\u0131da bulunmak, \u0130zmirlilik ad\u0131na bir milliyet\u00e7ilik ortaya koymak istiyorlarsa, bu \u015fehirde belediye koridorlar\u0131nda her t\u00fcrl\u00fc komisyonculu\u011fu ortaya koyan, Veli A\u011fababa gibileri ve Ali Mahir Ba\u015far\u0131r&#8217;lar\u0131n akrabalar\u0131n\u0131 temizlesinler. \u00d6yle burada \u0130zmirliyim deyip, arkadan da genel merkezdeki rant \u00e7etelerinin esiri olmas\u0131nlar. Buras\u0131 \u0130stanbul de\u011fil, bu \u015fehirde asla ve asla kooperatif yolsuzlu\u011funda g\u00f6r\u00fcld\u00fc\u011f\u00fc gibi yolsuzluklara ve h\u0131rs\u0131zl\u0131klara biz m\u00fcsaade etmeyiz. Bu konuda da etkin muhalefet yapmaya devam ederiz. \u0130zmirli ile ilgili iyi niyetimiz istismar edildi\u011fi andan itibaren gereken cevab\u0131n\u0131 da fazlas\u0131yla veririz.&#8221;<\/p>\n<p>Tugay&#8217;\u0131n s\u00fcrekli yalan s\u00f6yledi\u011fini ifade eden \u0130nan, s\u00f6zlerini \u015f\u00f6yle tamamlad\u0131: <\/p>\n<p>&#8220;Beceri yoksunu olan birisi var. SGK bor\u00e7lar\u0131n\u0131 \u00f6deyememi\u015f, hala &#8216;krediden yararlanam\u0131yoruz, Ankara bize engel oluyor&#8217; gibi yalan\u0131n en b\u00fcy\u00fc\u011f\u00fcn\u00fc s\u00f6yleyen kar\u015f\u0131m\u0131zda bir muhatap var. Zaten bu CHP&#8217;lilerin 25 senede \u0130zmir&#8217;de s\u00f6yledi\u011fi yalanlar\u0131 toplay\u0131n d\u00fcnya tarihinde bu kadar yalan s\u00f6ylenmemi\u015ftir. \u0130zmirli hem\u015fehrilerimiz de kimin yalan kimin do\u011fru s\u00f6yledi\u011fini \u00e7ok iyi biliyor.&#8221;<\/p>\n","protected":false},"excerpt":{"rendered":"<p>Eyy\u00fcp Kadir \u0130nan, \u0130zmir \u0130ktisat Kongresi binas\u0131n\u0131 \u0130zmirlilere kazand\u0131rd\u0131klar\u0131n\u0131 a\u00e7\u0131klad\u0131.<\/p>\n","protected":false},"author":1,"featured_media":72755,"comment_status":"open","ping_status":"open","sticky":false,"template":"","format":"standard","meta":{"footnotes":""},"categories":[12],"tags":[5233,2915,2501,978,7971],"class_list":["post-72754","post","type-post","status-publish","format-standard","has-post-thumbnail","hentry","category-siyaset","tag-balkan","tag-bizim","tag-inan","tag-izmir","tag-yalan"],"_links":{"self":[{"href":"https:\/\/bihavadis.com\/index.php\/wp-json\/wp\/v2\/posts\/72754","targetHints":{"allow":["GET"]}}],"collection":[{"href":"https:\/\/bihavadis.com\/index.php\/wp-json\/wp\/v2\/posts"}],"about":[{"href":"https:\/\/bihavadis.com\/index.php\/wp-json\/wp\/v2\/types\/post"}],"author":[{"embeddable":true,"href":"https:\/\/bihavadis.com\/index.php\/wp-json\/wp\/v2\/users\/1"}],"replies":[{"embeddable":true,"href":"https:\/\/bihavadis.com\/index.php\/wp-json\/wp\/v2\/comments?post=72754"}],"version-history":[{"count":1,"href":"https:\/\/bihavadis.com\/index.php\/wp-json\/wp\/v2\/posts\/72754\/revisions"}],"predecessor-version":[{"id":72756,"href":"https:\/\/bihavadis.com\/index.php\/wp-json\/wp\/v2\/posts\/72754\/revisions\/72756"}],"wp:featuredmedia":[{"embeddable":true,"href":"https:\/\/bihavadis.com\/index.php\/wp-json\/wp\/v2\/media\/72755"}],"wp:attachment":[{"href":"https:\/\/bihavadis.com\/index.php\/wp-json\/wp\/v2\/media?parent=72754"}],"wp:term":[{"taxonomy":"category","embeddable":true,"href":"https:\/\/bihavadis.com\/index.php\/wp-json\/wp\/v2\/categories?post=72754"},{"taxonomy":"post_tag","embeddable":true,"href":"https:\/\/bihavadis.com\/index.php\/wp-json\/wp\/v2\/tags?post=72754"}],"curies":[{"name":"wp","href":"https:\/\/api.w.org\/{rel}","templated":true}]}}