{"id":72764,"date":"2026-03-28T12:45:09","date_gmt":"2026-03-28T12:45:09","guid":{"rendered":"https:\/\/bihavadis.com\/?p=72764"},"modified":"2026-03-28T12:45:09","modified_gmt":"2026-03-28T12:45:09","slug":"polis-memuru-melih-okan-keskinin-olumu-uzerine-sivil-toplum-kuruluslarindan-tepki","status":"publish","type":"post","link":"https:\/\/bihavadis.com\/index.php\/2026\/03\/28\/polis-memuru-melih-okan-keskinin-olumu-uzerine-sivil-toplum-kuruluslarindan-tepki\/","title":{"rendered":"Polis Memuru Melih Okan Keskin&#8217;in \u00d6l\u00fcm\u00fc \u00dczerine Sivil Toplum Kurulu\u015flar\u0131ndan Tepki"},"content":{"rendered":"<p>\n<p>S\u0130V\u0130L TOPLUM KURULU\u015eLARINDAN TEPK\u0130<\/p>\n<p>Emekli Polis Aileleri Yard\u0131mla\u015fma ve Dayan\u0131\u015fma Derne\u011fi, Emniyet Te\u015fkilat\u0131 Sendikas\u0131, Emniyet Te\u015fkilat\u0131 Vazife Malul\u00fc ve \u015eehit Aileleri Vakf\u0131, Kamu Te\u015fkilatlar\u0131 Sendikas\u0131, Kolluk Kuvvetleri Personeli Yard\u0131mla\u015fma ve Dayan\u0131\u015fma Derne\u011fi, \u015eehit ve Gazi \u00c7ocuklar\u0131 E\u011fitim K\u00fclt\u00fcr Derne\u011fi y\u00f6neticileri ve \u00fcyeleri ile Zafer Partisi Genel Ba\u015fkan Yard\u0131mc\u0131s\u0131 emekli gazi Emniyet M\u00fcd\u00fcr\u00fc Fatih Ery\u0131lmaz, polis memuru Melih Okan Keskin&#8217;in kavgada hayat\u0131n\u0131 kaybetti\u011fi istasyonun \u00f6n\u00fcnde topland\u0131. Grup, istasyonun \u00f6n\u00fcne siyah \u00e7elenk b\u0131rakt\u0131. Ard\u0131ndan grup ad\u0131na a\u00e7\u0131klama yapan Emekli Polis Aileleri Yard\u0131mla\u015fma ve Dayan\u0131\u015fma Derne\u011fi Ba\u015fkan\u0131 Latife Meltem Sava\u015f Yasankal, bug\u00fcn sadece bir taziye i\u00e7in de\u011fil, bir isyan ve bir adaletsizli\u011fi hayk\u0131rmak i\u00e7in topland\u0131klar\u0131n\u0131 belirterek, &#8220;Hen\u00fcz 44 ya\u015f\u0131nda, iki evlat babas\u0131, \u00f6mr\u00fcn\u00fc bu vatan\u0131n asayi\u015fine adam\u0131\u015f polis memuru Melih Okan Keskin, hizmet almak i\u00e7in geldi\u011fi bu istasyonda, insanl\u0131k onuruna s\u0131\u011fmayan bir zorbal\u0131kla hayattan kopar\u0131lm\u0131\u015ft\u0131r. Polis memuru Melih Okan Keskin&#8217;in ya\u015fad\u0131klar\u0131 basit bir kavga de\u011fil; sistematik bir sorunun, kurumsal bir sorumsuzlu\u011fun ve mesleki bir vefas\u0131zl\u0131\u011f\u0131n hazin tablosudur. G\u00f6r\u00fcnt\u00fcler ortaya \u00e7\u0131kana kadar &#8216;kavga&#8217; diyenlere sesleniyoruz; olay\u0131n ilk an\u0131ndan itibaren sanki kar\u015f\u0131l\u0131kl\u0131 bir arbede varm\u0131\u015f gibi a\u00e7\u0131klama yapanlar, kamera kay\u0131tlar\u0131 ortaya \u00e7\u0131k\u0131nca suspus olmu\u015flard\u0131r. Melih karde\u015fimiz tek bir yumruk sallamam\u0131\u015f sadece can\u0131n\u0131 korumaya \u00e7al\u0131\u015fm\u0131\u015ft\u0131r. Ger\u00e7ekleri \u00f6rtbas etmek i\u00e7in &#8216;kavga&#8217; k\u0131l\u0131f\u0131na s\u0131\u011f\u0131nanlar, bu cinayetin manevi ortaklar\u0131d\u0131r. T\u00dcVT\u00dcRK y\u00f6netimine sesleniyoruz; hizmet vermesi gereken bir istasyon, ne zamandan beri bir &#8216;infaz alan\u0131&#8217; haline gelmi\u015ftir? &#8216;Art\u0131k personelimiz de\u011fil&#8217; diyerek elinizi bu kandan y\u0131kayamazs\u0131n\u0131z. Sab\u0131ka kayd\u0131 kabar\u0131k \u015fah\u0131slar\u0131 b\u00fcnyenizde bar\u0131nd\u0131r\u0131p, olay an\u0131nda 25-30 personelinizin bir insan\u0131 lin\u00e7 etmesini nas\u0131l a\u00e7\u0131klayacaks\u0131n\u0131z? Bu \u015fah\u0131slar\u0131 burada nas\u0131l i\u015fe ald\u0131n\u0131z? Olaya kar\u0131\u015fan her bir \u00e7al\u0131\u015fan\u0131n\u0131zdan hukuk \u00f6n\u00fcnde hesap sorulacakt\u0131r. Vatanda\u015f\u0131n kan\u0131n\u0131 emen, bu cinayete zemin haz\u0131rlayan bu T\u00dcVT\u00dcRK derhal kamula\u015ft\u0131r\u0131lmal\u0131d\u0131r&#8221; dedi.<\/p>\n<p>&#8216;ASAY\u0130\u015e VAKASI DE\u011e\u0130L, B\u0130R HAYS\u0130YET DAVASIDIR&#8217;<\/p>\n<p>Yasankal, &#8220;Bu olay\u0131n en ac\u0131, en kanat\u0131c\u0131 taraf\u0131 ise \u015fudur. Olay yerine intikal eden ve beyin sars\u0131nt\u0131s\u0131 ge\u00e7iren mesai arkada\u015f\u0131na yard\u0131m eli uzatmak yerine, Melih Okan Keskin hakk\u0131nda &#8216;g\u00f6revi yapt\u0131rmamak i\u00e7in direnme&#8217; su\u00e7undan \u015fikayet\u00e7i olan o komiserin vicdan\u0131 nerededir? Bir meslekta\u015f\u0131n\u0131z orada can \u00e7eki\u015firken, onu korumak yerine kar\u015f\u0131s\u0131ndaki zorbalar\u0131n dilinden rapor tutmak, emniyet te\u015fkilat\u0131n\u0131n \u015ferefli \u00fcniformas\u0131na yak\u0131\u015fmam\u0131\u015ft\u0131r. Bu vefas\u0131zl\u0131\u011f\u0131 asla unutmayacak ve unutturmayaca\u011f\u0131z. Polis memuru Melih Okan Keskin, ameliyata girerken e\u015finin elini \u00f6perek veda etti. Onun yar\u0131m kalan hikayesi, hepimizin hikayesidir. Emniyet te\u015fkilat\u0131 ile ili\u015fkili t\u00fcm payda\u015flar ve sivil toplum kurulu\u015flar\u0131 olarak, bu davan\u0131n sadece bir asayi\u015f vakas\u0131 de\u011fil, bir haysiyet davas\u0131 oldu\u011funu ilan ediyoruz. Sadece o \u00f6ld\u00fcr\u00fcc\u00fc darbeyi vuran de\u011fil; o lin\u00e7 giri\u015fimine kat\u0131lan, azmettiren, yard\u0131m etmeyen ve olay\u0131 basit bir kavga gibi g\u00f6stermeye \u00e7al\u0131\u015fan her bir sorumlu en a\u011f\u0131r cezay\u0131 alana kadar pe\u015flerini b\u0131rakmayaca\u011f\u0131z. Kolluk kuvvetlerinin can g\u00fcvenli\u011fini ve yetki kullan\u0131m\u0131n\u0131, pop\u00fclist yakla\u015f\u0131mlardan ve yarg\u0131 bask\u0131s\u0131ndan kurtaracak yasal d\u00fczenlemeler derhal hayata ge\u00e7irilmelidir&#8221; diye konu\u015ftu. <\/p>\n<p>Umutcan \u00d6REN-Ali O\u011fulcan ARSLAN\/ANKARA, <\/p>\n","protected":false},"excerpt":{"rendered":"<p>Emekli polis memuru Melih Okan Keskin&#8217;in hayat\u0131n\u0131 kaybetmesi sonras\u0131 sivil toplum kurulu\u015flar\u0131 bir araya geldi. Dernek y\u00f6neticileri, olay\u0131n sadece bir kavga olmad\u0131\u011f\u0131n\u0131, kurumsal sorumsuzlu\u011fun ve sistematik bir sorunun tezah\u00fcr\u00fc oldu\u011funu belirtti. Latife Meltem Sava\u015f Yasankal, olay\u0131n bir haysiyet davas\u0131 oldu\u011funu vurgulayarak, ilgili t\u00fcm sorumlular\u0131n cezaland\u0131r\u0131lmas\u0131n\u0131 talep etti. T\u00dcVT\u00dcRK&#8217;\u00fcn durumu \u00fczerine de a\u00e7\u0131klamalar yap\u0131ld\u0131.<\/p>\n","protected":false},"author":1,"featured_media":72765,"comment_status":"open","ping_status":"open","sticky":false,"template":"","format":"standard","meta":{"footnotes":""},"categories":[12],"tags":[1441,418,256,261,579],"class_list":["post-72764","post","type-post","status-publish","format-standard","has-post-thumbnail","hentry","category-siyaset","tag-emniyet","tag-kavga","tag-olay","tag-polis","tag-yardim"],"_links":{"self":[{"href":"https:\/\/bihavadis.com\/index.php\/wp-json\/wp\/v2\/posts\/72764","targetHints":{"allow":["GET"]}}],"collection":[{"href":"https:\/\/bihavadis.com\/index.php\/wp-json\/wp\/v2\/posts"}],"about":[{"href":"https:\/\/bihavadis.com\/index.php\/wp-json\/wp\/v2\/types\/post"}],"author":[{"embeddable":true,"href":"https:\/\/bihavadis.com\/index.php\/wp-json\/wp\/v2\/users\/1"}],"replies":[{"embeddable":true,"href":"https:\/\/bihavadis.com\/index.php\/wp-json\/wp\/v2\/comments?post=72764"}],"version-history":[{"count":1,"href":"https:\/\/bihavadis.com\/index.php\/wp-json\/wp\/v2\/posts\/72764\/revisions"}],"predecessor-version":[{"id":72766,"href":"https:\/\/bihavadis.com\/index.php\/wp-json\/wp\/v2\/posts\/72764\/revisions\/72766"}],"wp:featuredmedia":[{"embeddable":true,"href":"https:\/\/bihavadis.com\/index.php\/wp-json\/wp\/v2\/media\/72765"}],"wp:attachment":[{"href":"https:\/\/bihavadis.com\/index.php\/wp-json\/wp\/v2\/media?parent=72764"}],"wp:term":[{"taxonomy":"category","embeddable":true,"href":"https:\/\/bihavadis.com\/index.php\/wp-json\/wp\/v2\/categories?post=72764"},{"taxonomy":"post_tag","embeddable":true,"href":"https:\/\/bihavadis.com\/index.php\/wp-json\/wp\/v2\/tags?post=72764"}],"curies":[{"name":"wp","href":"https:\/\/api.w.org\/{rel}","templated":true}]}}