{"id":72778,"date":"2026-03-28T12:57:06","date_gmt":"2026-03-28T12:57:06","guid":{"rendered":"https:\/\/bihavadis.com\/?p=72778"},"modified":"2026-03-28T12:57:06","modified_gmt":"2026-03-28T12:57:06","slug":"konya-heyeti-adalet-bakani-akin-gurleke-hayirli-olsun-ziyaretinde-bulundu","status":"publish","type":"post","link":"https:\/\/bihavadis.com\/index.php\/2026\/03\/28\/konya-heyeti-adalet-bakani-akin-gurleke-hayirli-olsun-ziyaretinde-bulundu\/","title":{"rendered":"Konya Heyeti Adalet Bakan\u0131 Ak\u0131n G\u00fcrlek&#8217;e Hay\u0131rl\u0131 Olsun Ziyaretinde Bulundu"},"content":{"rendered":"<p><strong>Konya Valisi \u0130brahim Ak\u0131n, AK Parti Konya Milletvekilleri, Konya B\u00fcy\u00fck\u015fehir Belediye Ba\u015fkan\u0131 U\u011fur \u0130brahim Altay, Konya Cumhuriyet Ba\u015fsavc\u0131s\u0131 Cuma \u00c7oban, AK Parti Konya \u0130l Ba\u015fkan\u0131 Fatih \u00d6zg\u00f6k\u00e7en ve Karatay Belediye Ba\u015fkan\u0131 Hasan K\u0131lca, Adalet Bakan\u0131 Ak\u0131n G\u00fcrlek\u2019e hay\u0131rl\u0131 olsun ziyaretinde bulundu.<\/strong><\/p>\n<hr\/>\n<p>Konya Valisi \u0130brahim Ak\u0131n, AK Parti Konya Milletvekilleri Tahir Aky\u00fcrek, Ziya Altunyald\u0131z, Orhan Erdem, Mehmet Baykan, Latif Selvi, Selman \u00d6zboyac\u0131, \u00dcnal Karaman, Hasan Ekici, Konya B\u00fcy\u00fck\u015fehir Belediye Ba\u015fkan\u0131 U\u011fur \u0130brahim Altay, Konya Cumhuriyet Ba\u015fsavc\u0131s\u0131 Cuma \u00c7oban, AK Parti Konya \u0130l Ba\u015fkan\u0131 Fatih \u00d6zg\u00f6k\u00e7en ve Karatay Belediye Ba\u015fkan\u0131 Hasan K\u0131lca, Adalet Bakan\u0131 Ak\u0131n G\u00fcrlek\u2019i ziyaret etti.<\/p>\n<p>Bakan G\u00fcrlek\u2019e yeni g\u00f6revinde ba\u015far\u0131 dileklerini ileten heyet, Konya\u2019n\u0131n gelece\u011fini \u015fekillendirecek \u00e7al\u0131\u015fmalar hakk\u0131nda g\u00f6r\u00fc\u015f al\u0131\u015fveri\u015finde bulundu.<\/p>\n<p>Ziyaretin verimli bir ortamda ge\u00e7ti\u011fini kaydeden Ba\u015fkan Altay, \u201cKonya Valimiz, \u0130l Ba\u015fkan\u0131m\u0131z ve milletvekillerimizle birlikte Adalet Bakan\u0131m\u0131z Say\u0131n Ak\u0131n G\u00fcrlek\u2019i ziyaret ederek yeni g\u00f6revlerinin hay\u0131rl\u0131 olmas\u0131n\u0131 temenni ettik. Say\u0131n Bakan\u0131m\u0131za yeni g\u00f6revinde ba\u015far\u0131lar diliyorum\u201d ifadelerini kulland\u0131.<\/p>\n<p>\u00a0<\/p>\n<p>Kaynak: (BYZHA) Beyaz Haber Ajans\u0131<\/p>\n","protected":false},"excerpt":{"rendered":"<p>Konya Valisi \u0130brahim Ak\u0131n, AK Parti Konya Milletvekilleri, Konya B\u00fcy\u00fck\u015fehir Belediye Ba\u015fkan\u0131 U\u011fur \u0130brahim Altay, Konya Cumhuriyet Ba\u015fsavc\u0131s\u0131 Cuma \u00c7oban, AK Parti Konya \u0130l Ba\u015fkan\u0131 Fatih \u00d6zg\u00f6k\u00e7en ve Karatay Belediye Ba\u015fkan\u0131 Hasan K\u0131lca, Adalet Bakan\u0131 Ak\u0131n G\u00fcrlek\u2019e hay\u0131rl\u0131 olsun ziyaretinde bulundu.<\/p>\n","protected":false},"author":1,"featured_media":72779,"comment_status":"open","ping_status":"open","sticky":false,"template":"","format":"standard","meta":{"footnotes":""},"categories":[4],"tags":[5628,436,986,426,4065],"class_list":["post-72778","post","type-post","status-publish","format-standard","has-post-thumbnail","hentry","category-gundem","tag-akin","tag-bakan","tag-baskani","tag-konya","tag-ziya"],"_links":{"self":[{"href":"https:\/\/bihavadis.com\/index.php\/wp-json\/wp\/v2\/posts\/72778","targetHints":{"allow":["GET"]}}],"collection":[{"href":"https:\/\/bihavadis.com\/index.php\/wp-json\/wp\/v2\/posts"}],"about":[{"href":"https:\/\/bihavadis.com\/index.php\/wp-json\/wp\/v2\/types\/post"}],"author":[{"embeddable":true,"href":"https:\/\/bihavadis.com\/index.php\/wp-json\/wp\/v2\/users\/1"}],"replies":[{"embeddable":true,"href":"https:\/\/bihavadis.com\/index.php\/wp-json\/wp\/v2\/comments?post=72778"}],"version-history":[{"count":1,"href":"https:\/\/bihavadis.com\/index.php\/wp-json\/wp\/v2\/posts\/72778\/revisions"}],"predecessor-version":[{"id":72780,"href":"https:\/\/bihavadis.com\/index.php\/wp-json\/wp\/v2\/posts\/72778\/revisions\/72780"}],"wp:featuredmedia":[{"embeddable":true,"href":"https:\/\/bihavadis.com\/index.php\/wp-json\/wp\/v2\/media\/72779"}],"wp:attachment":[{"href":"https:\/\/bihavadis.com\/index.php\/wp-json\/wp\/v2\/media?parent=72778"}],"wp:term":[{"taxonomy":"category","embeddable":true,"href":"https:\/\/bihavadis.com\/index.php\/wp-json\/wp\/v2\/categories?post=72778"},{"taxonomy":"post_tag","embeddable":true,"href":"https:\/\/bihavadis.com\/index.php\/wp-json\/wp\/v2\/tags?post=72778"}],"curies":[{"name":"wp","href":"https:\/\/api.w.org\/{rel}","templated":true}]}}