{"id":72826,"date":"2026-03-28T13:36:06","date_gmt":"2026-03-28T13:36:06","guid":{"rendered":"https:\/\/bihavadis.com\/?p=72826"},"modified":"2026-03-28T13:36:06","modified_gmt":"2026-03-28T13:36:06","slug":"hamastan-trumpi-kuplere-bindirecek-rest-silah-birakmayacagiz","status":"publish","type":"post","link":"https:\/\/bihavadis.com\/index.php\/2026\/03\/28\/hamastan-trumpi-kuplere-bindirecek-rest-silah-birakmayacagiz\/","title":{"rendered":"Hamas&#8217;tan Trump&#8217;\u0131 k\u00fcplere bindirecek rest: Silah b\u0131rakmayaca\u011f\u0131z"},"content":{"rendered":"<p>Hamas&#8217;\u0131n \u00fcst d\u00fczey y\u00f6neticilerinden Halid Me\u015fal, Katar&#8217;\u0131n ba\u015fkenti Doha&#8217;da d\u00fczenlenen konferansta konu\u015fma yapt\u0131. <\/p>\n<p><b>&#8220;S\u0130LAH BIRAKMAYACA\u011eIZ&#8221;<\/b><\/p>\n<p>Me\u015fal, Hamas&#8217;\u0131n silah b\u0131rakmayaca\u011f\u0131n\u0131 belirterek, &#8220;Direni\u015fi, onun silahlar\u0131n\u0131 ve bunu y\u00fcr\u00fctenleri su\u00e7 saymak kabul edebilece\u011fimiz bir \u015fey de\u011fildir. \u0130\u015fgal oldu\u011fu s\u00fcrece direni\u015f vard\u0131r. Direni\u015f, i\u015fgal alt\u0131ndaki halklar\u0131n hakk\u0131d\u0131r. Uluslar\u0131n gurur duydu\u011fu bir \u015feydir&#8221; dedi.<\/p>\n<div>\n<figure><img decoding=\"async\" src=\"https:\/\/bihavadis.com\/wp-content\/uploads\/2026\/03\/hamastan-trumpi-kuplere-bindirecek-rest-silah-birakmayacagiz-0-airGneXI.jpg\"\/><\/figure>\n<\/div>\n<p><b>&#8220;F\u0130L\u0130ST\u0130NL\u0130LER\u0130 F\u0130L\u0130ST\u0130NL\u0130LER Y\u00d6NETMEL\u0130D\u0130R, YABANCI Y\u00d6NET\u0130M\u0130 KABUL ETMEYECE\u011e\u0130Z&#8221; <\/b><\/p>\n<p>Halid Me\u015fal, &#8220;Bar\u0131\u015f Kurulu&#8221; olarak adland\u0131rd\u0131\u011f\u0131 yap\u0131ya, Gazze&#8217;nin yeniden in\u015fas\u0131n\u0131 ve yakla\u015f\u0131k 2,2 milyonluk n\u00fcfusa insani yard\u0131m\u0131n ula\u015fmas\u0131n\u0131 m\u00fcmk\u00fcn k\u0131lacak &#8220;dengeli bir yakla\u015f\u0131m&#8221; benimseme \u00e7a\u011fr\u0131s\u0131nda bulundu. Hamas y\u00f6neticisi, Filistin topraklar\u0131 \u00fczerinde &#8220;yabanc\u0131 bir y\u00f6netimi&#8221; kabul etmeyeceklerini vurgulayarak, &#8220;Ulusal ilkelerimize ba\u011fl\u0131y\u0131z ve vesayet, d\u0131\u015f m\u00fcdahale ya da herhangi bir bi\u00e7imde manda y\u00f6netiminin geri d\u00f6n\u00fc\u015f\u00fc mant\u0131\u011f\u0131n\u0131 reddediyoruz. Filistinlileri Filistinliler y\u00f6netmelidir. Gazze, Gazze halk\u0131na ve Filistin&#8217;e aittir. Yabanc\u0131 y\u00f6netimi kabul etmeyece\u011fiz&#8221; ifadelerini kulland\u0131. <\/p>\n<p><b>\u0130SLAM D\u00dcNYASINA &#8220;B\u0130R VE B\u00dcT\u00dcN \u015eEK\u0130LDE HAREKET ETME&#8221; \u00c7A\u011eRISI<\/b><\/p>\n<p>T\u00fcrkiye, Katar ve M\u0131s\u0131r&#8217;\u0131n arabulucu rollerinden dolay\u0131 takdir ettiklerini dile getiren Me\u015fal, ayr\u0131ca Filistin meselesindeki rol\u00fcnden dolay\u0131, Doha y\u00f6netiminin b\u00f6lgedeki arabuluculuk \u00e7abalar\u0131n\u0131 \u00f6nemli ve onurlu olarak nitelendirdi. \u0130srail&#8217;in t\u00fcm bir b\u00f6lge i\u00e7in bir tehdit olu\u015fturdu\u011funun alt\u0131n\u0131 \u00e7izen Me\u015fal, \u0130srail&#8217;in tehlikeli ad\u0131mlar\u0131na kar\u015f\u0131 \u0130slam d\u00fcnyas\u0131n\u0131n bir ve b\u00fct\u00fcn \u015fekilde hareket etmesi gerekti\u011fini s\u00f6zlerine ekledi.<\/p>\n<div>\n<figure><img decoding=\"async\" src=\"https:\/\/bihavadis.com\/wp-content\/uploads\/2026\/03\/hamastan-trumpi-kuplere-bindirecek-rest-silah-birakmayacagiz-0-airGneXI.jpg\"\/><\/figure>\n<\/div>\n<p><b>TRUMP, HAMAS&#8217;IN &#8220;S\u0130LAH BIRAKMA S\u00d6Z\u00dc VERD\u0130\u011e\u0130N\u0130&#8221; \u00d6NE S\u00dcRM\u00dc\u015eT\u00dc <\/b><\/p>\n<p>\u0130srail Ba\u015fbakan\u0131 Binyamin Netanyahu ile ABD Ba\u015fkan\u0131 Donald Trump, Gazze \u015eeridi&#8217;ndeki ate\u015fkesin ikinci a\u015famas\u0131n\u0131n bir par\u00e7as\u0131 olarak Hamas&#8217;\u0131n yak\u0131n zamanda silahlar\u0131n\u0131 b\u0131rakmas\u0131 gerekti\u011fini savunuyor. ABD Ba\u015fkan\u0131 Trump, Hamas&#8217;\u0131n silah b\u0131rakma s\u00f6z\u00fc verdi\u011fini \u00f6ne s\u00fcrm\u00fc\u015f ve bu konuda \u00f6rg\u00fct\u00fc defalarca tehdit etmi\u015fti.<\/p>\n<p><strong>Kaynak: AA\/ \u0130HA<\/strong><\/p>\n","protected":false},"excerpt":{"rendered":"<p>Hamas&#8217;tan Trump&#8217;\u0131 k\u00fcplere bindirecek rest: Silah b\u0131rakmayaca\u011f\u0131z<\/p>\n","protected":false},"author":1,"featured_media":72827,"comment_status":"open","ping_status":"open","sticky":false,"template":"","format":"standard","meta":{"footnotes":""},"categories":[12],"tags":[4182,414,7858,248,3217],"class_list":["post-72826","post","type-post","status-publish","format-standard","has-post-thumbnail","hentry","category-siyaset","tag-birakma","tag-filistin","tag-mesal","tag-silah","tag-yonetimi"],"_links":{"self":[{"href":"https:\/\/bihavadis.com\/index.php\/wp-json\/wp\/v2\/posts\/72826","targetHints":{"allow":["GET"]}}],"collection":[{"href":"https:\/\/bihavadis.com\/index.php\/wp-json\/wp\/v2\/posts"}],"about":[{"href":"https:\/\/bihavadis.com\/index.php\/wp-json\/wp\/v2\/types\/post"}],"author":[{"embeddable":true,"href":"https:\/\/bihavadis.com\/index.php\/wp-json\/wp\/v2\/users\/1"}],"replies":[{"embeddable":true,"href":"https:\/\/bihavadis.com\/index.php\/wp-json\/wp\/v2\/comments?post=72826"}],"version-history":[{"count":1,"href":"https:\/\/bihavadis.com\/index.php\/wp-json\/wp\/v2\/posts\/72826\/revisions"}],"predecessor-version":[{"id":72830,"href":"https:\/\/bihavadis.com\/index.php\/wp-json\/wp\/v2\/posts\/72826\/revisions\/72830"}],"wp:featuredmedia":[{"embeddable":true,"href":"https:\/\/bihavadis.com\/index.php\/wp-json\/wp\/v2\/media\/72827"}],"wp:attachment":[{"href":"https:\/\/bihavadis.com\/index.php\/wp-json\/wp\/v2\/media?parent=72826"}],"wp:term":[{"taxonomy":"category","embeddable":true,"href":"https:\/\/bihavadis.com\/index.php\/wp-json\/wp\/v2\/categories?post=72826"},{"taxonomy":"post_tag","embeddable":true,"href":"https:\/\/bihavadis.com\/index.php\/wp-json\/wp\/v2\/tags?post=72826"}],"curies":[{"name":"wp","href":"https:\/\/api.w.org\/{rel}","templated":true}]}}