{"id":72838,"date":"2026-03-28T13:45:07","date_gmt":"2026-03-28T13:45:07","guid":{"rendered":"https:\/\/bihavadis.com\/?p=72838"},"modified":"2026-03-28T13:45:07","modified_gmt":"2026-03-28T13:45:07","slug":"saglik-bakani-memisoglu-nitelikli-yatak-sayisi-184-bine-ulasti","status":"publish","type":"post","link":"https:\/\/bihavadis.com\/index.php\/2026\/03\/28\/saglik-bakani-memisoglu-nitelikli-yatak-sayisi-184-bine-ulasti\/","title":{"rendered":"Sa\u011fl\u0131k Bakan\u0131 Memi\u015fo\u011flu: Nitelikli Yatak Say\u0131s\u0131 184 Bine Ula\u015ft\u0131"},"content":{"rendered":"<p>\n<p>SA\u011eLIK Bakan\u0131 Kemal Memi\u015fo\u011flu, &#8220;2002&#8217;de 18 bin 943 olan nitelikli yatak say\u0131m\u0131z bug\u00fcn 184 bin 198&#8217;e \u00e7\u0131kt\u0131. 2025 y\u0131l\u0131nda vatanda\u015flar\u0131m\u0131z 1 milyardan fazla kez sa\u011fl\u0131k hizmeti ald\u0131&#8221; dedi. Memi\u015fo\u011flu ayr\u0131ca evde sa\u011fl\u0131k, uzaktan sa\u011fl\u0131k ve palyatif bak\u0131m hizmetlerine ili\u015fkin yeni mevzuat haz\u0131rl\u0131\u011f\u0131nda olduklar\u0131n\u0131 a\u00e7\u0131klad\u0131.<\/p>\n<p> Sa\u011fl\u0131k Bakan\u0131 Kemal Memi\u015fo\u011flu, &#8216;Sa\u011fl\u0131kl\u0131 T\u00fcrkiye Y\u00fczy\u0131l\u0131 Vizyonu: Koruyan, Geli\u015ftiren ve \u00dcreten Sa\u011fl\u0131k Modeli&#8217; temas\u0131yla d\u00fczenlenen 9. Y\u0131l T\u00dcSAP Sa\u011fl\u0131k Zirvesi&#8217;ne kat\u0131ld\u0131. Programda konu\u015fan Memi\u015fo\u011flu, sa\u011fl\u0131k alan\u0131nda yap\u0131lan yat\u0131r\u0131mlar ve hedeflere ili\u015fkin de\u011ferlendirmelerde bulundu. <\/p>\n<p>&#8216;SADECE YATAK SAYISI ARTMADI, YATAKLAR KONFORLU HALE GELD\u0130&#8217;<\/p>\n<p>&#8220;Bug\u00fcn 115 bin uzman hekimimiz var. Toplam 1 milyon 449 bin sa\u011fl\u0131k hizmetlerinde sadece hizmet taraf\u0131nda \u00e7al\u0131\u015fan insan\u0131m\u0131z var.&#8221; diyen Bakan Memi\u015fo\u011flu, hastanelerdeki yatak say\u0131s\u0131 hakk\u0131nda ise &#8220;T\u00fcrkiye&#8217;de \u015fu anda 271 bin 240 yata\u011f\u0131m\u0131z var. 2002 senesinde tek ve \u00e7ift ki\u015filik nitelikli yatak dedi\u011fimiz yatak say\u0131m\u0131z 18 bin 943 iken bug\u00fcn 184 bin 198. Yani esas\u0131nda biz hem say\u0131y\u0131 art\u0131rm\u0131\u015f\u0131z -yakla\u015f\u0131k 110 bin- hem de yataklar\u0131m\u0131z\u0131 yenilemi\u015fiz. Ge\u00e7mi\u015fte 6-8 ki\u015filik ko\u011fu\u015flarda bir yata\u011fa d\u00fc\u015fen metrekare oran\u0131m\u0131z 50-60 iken bug\u00fcn 200-250 aras\u0131nda. Sadece yatak say\u0131s\u0131 artmad\u0131, yataklar konforlu hale geldi&#8221; dedi. <\/p>\n<p>Bakan Memi\u015fo\u011flu, birinci basamak sa\u011fl\u0131k hizmeti sunan tesislerin say\u0131s\u0131n\u0131n 2002 y\u0131l\u0131ndan bu yana yakla\u015f\u0131k y\u00fczde 30 artt\u0131\u011f\u0131n\u0131 s\u00f6yledi. T\u00fcrkiye&#8217;de bin 534 hastane oldu\u011funu s\u00f6yleyen Sa\u011fl\u0131k Bakan\u0131 Memi\u015fo\u011flu, 2002 y\u0131l\u0131nda vatanda\u015flara senede yakla\u015f\u0131k 209 milyon kez sa\u011fl\u0131k hizmeti verilirken, 2025 y\u0131l\u0131nda ise bu say\u0131n\u0131n 1 milyar\u0131 a\u015ft\u0131\u011f\u0131n\u0131 ifade etti. Bakan Memi\u015fo\u011flu, t\u0131bbi cihaz say\u0131lar\u0131n\u0131n artmas\u0131 bak\u0131m\u0131ndan da T\u00fcrkiye&#8217;de \u00f6nemli bir geli\u015fim s\u00fcreci ya\u015fand\u0131\u011f\u0131n\u0131 belirtti.<\/p>\n<p>&#8216;Koruyan, Geli\u015ftiren ve \u00dcreten Sa\u011fl\u0131k&#8217; modeliyle yola \u00e7\u0131kt\u0131klar\u0131n\u0131 vurgulayan Sa\u011fl\u0131k Bakan\u0131 Memi\u015fo\u011flu, b\u00fcy\u00fck\u015fehir ve di\u011fer \u015fehirler aras\u0131nda sa\u011fl\u0131k ihtiya\u00e7lar\u0131 ve beklentileri aras\u0131nda fark oldu\u011funu belirterek &#8220;Onun i\u00e7in sahay\u0131 b\u00fct\u00fcn ekiple dola\u015ft\u0131k. Bizzat ben 67 ilimize gittim. \u0130n\u015fallah bu sene ortas\u0131na kadar b\u00fct\u00fcn illeri bitirmi\u015f olaca\u011f\u0131z.&#8221; dedi.<\/p>\n<p>Sa\u011fl\u0131k Bakan\u0131 Kemal Memi\u015fo\u011flu, t\u00fct\u00fcn\u00fcn zararlar\u0131 konusunda toplumda fark\u0131ndal\u0131k olu\u015fturmak i\u00e7in proaktif olarak sahaya \u00e7\u0131kt\u0131klar\u0131n\u0131, t\u00fct\u00fcnle m\u00fccadeleye ili\u015fkin yeni bir mevzuat haz\u0131rl\u0131\u011f\u0131 i\u00e7erisinde olduklar\u0131n\u0131 s\u00f6yledi. <\/p>\n<p>&#8216;T\u00dcRK\u0130YE, \u0130LK DEFA PR\u0130MER SEZARYEN ORANINI B\u0130R SENEDE Y\u00dcZDE 12 AZALTMI\u015e DURUMDA&#8217;<\/p>\n<p>Cumhurba\u015fkan\u0131 Recep Tayyip Erdo\u011fan&#8217;\u0131n e\u015fi Emine Erdo\u011fan&#8217;\u0131n himayelerinde Normal Do\u011fum Eylem Plan\u0131&#8217;n\u0131 ba\u015flatt\u0131klar\u0131n\u0131 ifade eden Sa\u011fl\u0131k Bakan\u0131 Memi\u015fo\u011flu, &#8220;T\u00fcrkiye&#8217;de ebe y\u00f6netmeli\u011fini de\u011fi\u015ftirdik, ebe okullar\u0131 a\u00e7t\u0131k ve riskli gebelerle ilgili bir takip sistemi kuruyoruz. Bug\u00fcn T\u00fcrkiye, ilk defa primer sezaryen oran\u0131n\u0131 bir senede y\u00fczde 12 azaltm\u0131\u015f durumda. 4,5 puana yak\u0131n d\u00fc\u015ft\u00fc, daha da d\u00fc\u015fmeye devam edecek&#8221; dedi.<\/p>\n<p>Bakan Memi\u015fo\u011flu; evde sa\u011fl\u0131k hizmetleri, uzaktan sa\u011fl\u0131k hizmetleri ve palyatif bak\u0131m konular\u0131nda mevzuat \u00e7al\u0131\u015fmas\u0131 yapt\u0131klar\u0131n\u0131, bunun yan\u0131 s\u0131ra hasta ve \u00e7al\u0131\u015fan haklar\u0131 konusunda da yeni bir d\u00fczenleme \u00fczerinde \u00e7al\u0131\u015ft\u0131klar\u0131n\u0131 duyurdu. <\/p>\n","protected":false},"excerpt":{"rendered":"<p>Sa\u011fl\u0131k Bakan\u0131 Kemal Memi\u015fo\u011flu, 2002&#8217;de 18 bin 943 olan nitelikli yatak say\u0131s\u0131n\u0131n bug\u00fcn 184 bin 198&#8217;e \u00e7\u0131kt\u0131\u011f\u0131n\u0131 a\u00e7\u0131klad\u0131. Bakan, 2025&#8217;te vatanda\u015flar\u0131n 1 milyardan fazla sa\u011fl\u0131k hizmeti alaca\u011f\u0131n\u0131 belirtirken, evde sa\u011fl\u0131k, uzaktan sa\u011fl\u0131k ve palyatif bak\u0131m hizmetleri i\u00e7in yeni mevzuat haz\u0131rland\u0131\u011f\u0131n\u0131 duyurdu. Ayr\u0131ca, T\u00fcrkiye&#8217;nin primer sezaryen oran\u0131n\u0131n bir y\u0131lda y\u00fczde 12 azalm\u0131\u015f oldu\u011funu kaydetti.<\/p>\n","protected":false},"author":1,"featured_media":72839,"comment_status":"open","ping_status":"open","sticky":false,"template":"","format":"standard","meta":{"footnotes":""},"categories":[12],"tags":[315,5568,157,197,7856],"class_list":["post-72838","post","type-post","status-publish","format-standard","has-post-thumbnail","hentry","category-siyaset","tag-hizmet","tag-memisoglu","tag-saglik","tag-turkiye","tag-yatak"],"_links":{"self":[{"href":"https:\/\/bihavadis.com\/index.php\/wp-json\/wp\/v2\/posts\/72838","targetHints":{"allow":["GET"]}}],"collection":[{"href":"https:\/\/bihavadis.com\/index.php\/wp-json\/wp\/v2\/posts"}],"about":[{"href":"https:\/\/bihavadis.com\/index.php\/wp-json\/wp\/v2\/types\/post"}],"author":[{"embeddable":true,"href":"https:\/\/bihavadis.com\/index.php\/wp-json\/wp\/v2\/users\/1"}],"replies":[{"embeddable":true,"href":"https:\/\/bihavadis.com\/index.php\/wp-json\/wp\/v2\/comments?post=72838"}],"version-history":[{"count":1,"href":"https:\/\/bihavadis.com\/index.php\/wp-json\/wp\/v2\/posts\/72838\/revisions"}],"predecessor-version":[{"id":72840,"href":"https:\/\/bihavadis.com\/index.php\/wp-json\/wp\/v2\/posts\/72838\/revisions\/72840"}],"wp:featuredmedia":[{"embeddable":true,"href":"https:\/\/bihavadis.com\/index.php\/wp-json\/wp\/v2\/media\/72839"}],"wp:attachment":[{"href":"https:\/\/bihavadis.com\/index.php\/wp-json\/wp\/v2\/media?parent=72838"}],"wp:term":[{"taxonomy":"category","embeddable":true,"href":"https:\/\/bihavadis.com\/index.php\/wp-json\/wp\/v2\/categories?post=72838"},{"taxonomy":"post_tag","embeddable":true,"href":"https:\/\/bihavadis.com\/index.php\/wp-json\/wp\/v2\/tags?post=72838"}],"curies":[{"name":"wp","href":"https:\/\/api.w.org\/{rel}","templated":true}]}}