{"id":7284,"date":"2026-01-31T02:27:06","date_gmt":"2026-01-31T02:27:06","guid":{"rendered":"https:\/\/bihavadis.com\/?p=7284"},"modified":"2026-01-31T02:27:06","modified_gmt":"2026-01-31T02:27:06","slug":"tabakoglundan-baskan-topalogluna-ziyaret","status":"publish","type":"post","link":"https:\/\/bihavadis.com\/index.php\/2026\/01\/31\/tabakoglundan-baskan-topalogluna-ziyaret\/","title":{"rendered":"Tabako\u011flu&#8217;ndan Ba\u015fkan Topalo\u011flu&#8217;na ziyaret"},"content":{"rendered":"<p>T\u00fcrk Yerel Hizmet Sendikas\u0131 Genel Ba\u015fkan\u0131 \u0130brahim Tabako\u011flu, Kemer Belediye Ba\u015fkan\u0131 Necati Topalo\u011flu\u2019na nezaket ziyaretinde bulundu.<\/p>\n<p>Kemer Belediye Ba\u015fkan Yard\u0131mc\u0131s\u0131 Mehmet Derya Baytekin ile Kemer Belediyesi Emlak ve \u0130stimlak M\u00fcd\u00fcr\u00fc Emine Ebru Ergen\u2019in de yer ald\u0131\u011f\u0131 ziyarette, Sendika Ba\u015fkan\u0131 Tabako\u011flu\u2019na T\u00fcrk Yerel Hizmet Sendikas\u0131 Antalya \u015eube Ba\u015fkan Yard\u0131mc\u0131s\u0131 Naci \u015eent\u00fcrk e\u015flik etti.<\/p>\n<p>Ba\u015fkan Topalo\u011flu, ziyaretten duydu\u011fu memnuniyeti dile getirerek, T\u00fcrk Yerel Hizmet Sendikas\u0131 Genel Ba\u015fkan\u0131 \u0130brahim Tabako\u011flu\u2019na \u00e7al\u0131\u015fmalar\u0131nda ba\u015far\u0131lar diledi.<\/p>\n<p>Tabako\u011flu ise Ba\u015fkan Topalo\u011flu\u2019na \u00e7al\u0131\u015fmalar\u0131nda kolayl\u0131klar diledi\u011fini s\u00f6yledi. Ziyaret sonras\u0131 Tabako\u011flu, Ba\u015fkan Topalo\u011flu\u2019na T\u00fcrk bayra\u011f\u0131 takdiminde bulunarak hat\u0131ra foto\u011fraf\u0131 \u00e7ektirdi.<\/p>\n<p>Tabako\u011flu daha sonra Ba\u015fkan Yard\u0131mc\u0131s\u0131 Mehmet Derya Baytekin\u2019i de ziyaret ederek, hat\u0131ra foto\u011fraf\u0131 \u00e7ektirdi.<\/p>\n<p>\u00a0<\/p>\n<p>Kaynak: (BYZHA) Beyaz Haber Ajans\u0131<\/p>\n","protected":false},"excerpt":{"rendered":"<p>T\u00fcrk Yerel Hizmet Sendikas\u0131 Genel Ba\u015fkan\u0131 \u0130brahim Tabako\u011flu, Kemer Belediye Ba\u015fkan\u0131 Necati Topalo\u011flu\u2019na nezaket ziyaretinde bulundu.<\/p>\n","protected":false},"author":1,"featured_media":7285,"comment_status":"open","ping_status":"open","sticky":false,"template":"","format":"standard","meta":{"footnotes":""},"categories":[4],"tags":[516,319],"class_list":["post-7284","post","type-post","status-publish","format-standard","has-post-thumbnail","hentry","category-gundem","tag-baskan","tag-ziyaret"],"_links":{"self":[{"href":"https:\/\/bihavadis.com\/index.php\/wp-json\/wp\/v2\/posts\/7284","targetHints":{"allow":["GET"]}}],"collection":[{"href":"https:\/\/bihavadis.com\/index.php\/wp-json\/wp\/v2\/posts"}],"about":[{"href":"https:\/\/bihavadis.com\/index.php\/wp-json\/wp\/v2\/types\/post"}],"author":[{"embeddable":true,"href":"https:\/\/bihavadis.com\/index.php\/wp-json\/wp\/v2\/users\/1"}],"replies":[{"embeddable":true,"href":"https:\/\/bihavadis.com\/index.php\/wp-json\/wp\/v2\/comments?post=7284"}],"version-history":[{"count":1,"href":"https:\/\/bihavadis.com\/index.php\/wp-json\/wp\/v2\/posts\/7284\/revisions"}],"predecessor-version":[{"id":7286,"href":"https:\/\/bihavadis.com\/index.php\/wp-json\/wp\/v2\/posts\/7284\/revisions\/7286"}],"wp:featuredmedia":[{"embeddable":true,"href":"https:\/\/bihavadis.com\/index.php\/wp-json\/wp\/v2\/media\/7285"}],"wp:attachment":[{"href":"https:\/\/bihavadis.com\/index.php\/wp-json\/wp\/v2\/media?parent=7284"}],"wp:term":[{"taxonomy":"category","embeddable":true,"href":"https:\/\/bihavadis.com\/index.php\/wp-json\/wp\/v2\/categories?post=7284"},{"taxonomy":"post_tag","embeddable":true,"href":"https:\/\/bihavadis.com\/index.php\/wp-json\/wp\/v2\/tags?post=7284"}],"curies":[{"name":"wp","href":"https:\/\/api.w.org\/{rel}","templated":true}]}}