{"id":72863,"date":"2026-03-28T14:03:10","date_gmt":"2026-03-28T14:03:10","guid":{"rendered":"https:\/\/bihavadis.com\/?p=72863"},"modified":"2026-03-28T14:03:10","modified_gmt":"2026-03-28T14:03:10","slug":"emekli-tumgeneral-israil-yikima-gidiyor","status":"publish","type":"post","link":"https:\/\/bihavadis.com\/index.php\/2026\/03\/28\/emekli-tumgeneral-israil-yikima-gidiyor\/","title":{"rendered":"Emekli T\u00fcmgeneral: \u0130srail Y\u0131k\u0131ma Gidiyor"},"content":{"rendered":"<p>\u0130srailli emekli T\u00fcmgeneral Yitzhak Brik, \u0130srail&#8217;in i\u00e7ten ya\u015fad\u0131\u011f\u0131 par\u00e7alanma ve d\u0131\u015f d\u00fcnyadaki nefretin etkisiyle 100. y\u0131l\u0131na varmadan y\u0131k\u0131laca\u011f\u0131 uyar\u0131s\u0131nda bulundu.<\/p>\n<p>Brik, \u0130srail&#8217;de yay\u0131mlanan Maariv gazetesi i\u00e7in &#8220;\u0130srail y\u0131k\u0131ma do\u011fru gidiyor ve onu kurtarman\u0131n tek bir yolu var&#8221; ba\u015fl\u0131\u011f\u0131yla bir makale kaleme ald\u0131.<\/p>\n<p>Makelede, gelece\u011fe dair d\u00fc\u015f\u00fcnd\u00fc\u011f\u00fcnde kendisini &#8220;\u0130srail Devleti 100 y\u0131l\u0131 a\u015fabilecek mi?&#8221; sorusunu sorarken buldu\u011funu aktaran Brik, \u015funlar\u0131 kaydetti: &#8220;On y\u0131llar boyunca \u0130srail, i\u00e7eriden par\u00e7alanm\u0131\u015f bir devlete d\u00f6n\u00fc\u015ft\u00fc; kesimler aras\u0131nda, sa\u011f-sol aras\u0131nda, Yahudiler ile Araplar aras\u0131nda derin bir nefret var. Bu, devletin her par\u00e7as\u0131na n\u00fcfuz ediyor ve mahvediyor.&#8221;<\/p>\n<p><b>\u0130SRA\u0130L&#8217;\u0130 BEKLEYEN SONU BU S\u00d6ZLERLE A\u00c7IKLADI<\/b><\/p>\n<p>Yitzhak Brik ayr\u0131ca \u0130srail&#8217;in i\u00e7ten ya\u015fad\u0131\u011f\u0131 par\u00e7alanma ve d\u0131\u015f d\u00fcnyadaki nefretin etkisiyle 100. y\u0131l\u0131na varmadan y\u0131k\u0131laca\u011f\u0131 uyar\u0131s\u0131nda bulundu.<\/p>\n<p><b>NETANYAHU&#8217;YU KIZDIRACAK S\u00d6ZLER<\/b><\/p>\n<p>Brik, Ba\u015fbakan Binyamin Netanyahu&#8217;ya i\u015faret ederek, &#8220;\u00fclkede kendi siyasi bekas\u0131n\u0131 kamu yarar\u0131na tercih eden bir y\u00f6netim bulundu\u011funu&#8221; belirtti. Emekli T\u00fcmgeneral, bu y\u00f6netimi &#8220;k\u0131sa vadeli d\u00fc\u015f\u00fcnen ve yolunu kaybetmi\u015f&#8221; \u015feklinde nitelendirdi.<\/p>\n<p><b>&#8220;\u0130SRA\u0130L SON YILLARDA NEFRET UYANSDIRAN B\u0130R DEVLET HAL\u0130NE GELD\u0130&#8221;<\/b><\/p>\n<p>\u0130srail&#8217;in d\u0131\u015far\u0131daki imaj\u0131na da de\u011finen Brik, &#8220;\u0130srail&#8217;in son y\u0131llarda d\u00fcnya nezdinde tiksinti ve nefret uyand\u0131ran bir devlet haline geldi\u011fini; bu nedenle \u00e7ok say\u0131da vatanda\u015f\u0131n\u0131n ba\u015fka \u00fclkelere g\u00f6\u00e7 etmeyi se\u00e7ti\u011fini&#8221; aktard\u0131.<\/p>\n<p>Brik, \u0130srail&#8217;in diren\u00e7 g\u00f6sterme ve ayakta kalma kapasitesinin, g\u00fcvenlik, ekonomi, e\u011fitim, sa\u011fl\u0131k, altyap\u0131 ve bilim dahil t\u00fcm alanlarda giderek zay\u0131flad\u0131\u011f\u0131 de\u011ferlendirmesinde bulundu.<\/p>\n<p><b>&#8220;GEN\u00c7 KU\u015eAK Y\u00d6NET\u0130M\u0130 DEVRALMALI&#8221;<\/b><\/p>\n<p>\u0130srail&#8217;in i\u00e7inde bulundu\u011fu \u00e7\u0131kmazdan kurtulmas\u0131 i\u00e7in gen\u00e7 bir ku\u015fa\u011f\u0131n y\u00f6netimi devralarak \u00fclkeyi g\u00fcvenli bir limana ta\u015f\u0131mas\u0131 gerekti\u011fini kaydeden Brik, Tel Aviv&#8217;in kuzeyde (L\u00fcbnan ve Suriye) ve g\u00fcneyde (Gazze \u015eeridi) g\u00fcvenli\u011fin yeniden sa\u011flanmas\u0131ndan uluslararas\u0131 ili\u015fkilerin yeniden in\u015fas\u0131na kadar kar\u015f\u0131 kar\u015f\u0131ya oldu\u011fu zorluklar\u0131n ancak &#8220;\u00f6nlerinde daha uzun y\u0131llar\u0131 olanlar\u0131n sahip olabilece\u011fi bir enerji gerektirdi\u011fini&#8221; vurgulad\u0131.<\/p>\n<p>Brik, \u0130srail&#8217;in 100 y\u0131l\u0131 gen\u00e7lerin umutsuzlu\u011fu sorumlulu\u011fa; kutupla\u015fmay\u0131 ise fikir ortakl\u0131\u011f\u0131na d\u00f6n\u00fc\u015ft\u00fcrmeyi ba\u015farmas\u0131 halinde a\u015fabilece\u011fini savundu.<\/p>\n","protected":false},"excerpt":{"rendered":"<p>Yitzhak Brik, \u0130srail&#8217;in par\u00e7alanma ve nefret nedeniyle 100. y\u0131l\u0131na varmadan y\u0131k\u0131labilece\u011fini belirtti.<\/p>\n","protected":false},"author":1,"featured_media":72864,"comment_status":"open","ping_status":"open","sticky":false,"template":"","format":"standard","meta":{"footnotes":""},"categories":[8],"tags":[1247,839,4579],"class_list":["post-72863","post","type-post","status-publish","format-standard","has-post-thumbnail","hentry","category-ekonomi","tag-devlet","tag-israilin","tag-nefret"],"_links":{"self":[{"href":"https:\/\/bihavadis.com\/index.php\/wp-json\/wp\/v2\/posts\/72863","targetHints":{"allow":["GET"]}}],"collection":[{"href":"https:\/\/bihavadis.com\/index.php\/wp-json\/wp\/v2\/posts"}],"about":[{"href":"https:\/\/bihavadis.com\/index.php\/wp-json\/wp\/v2\/types\/post"}],"author":[{"embeddable":true,"href":"https:\/\/bihavadis.com\/index.php\/wp-json\/wp\/v2\/users\/1"}],"replies":[{"embeddable":true,"href":"https:\/\/bihavadis.com\/index.php\/wp-json\/wp\/v2\/comments?post=72863"}],"version-history":[{"count":1,"href":"https:\/\/bihavadis.com\/index.php\/wp-json\/wp\/v2\/posts\/72863\/revisions"}],"predecessor-version":[{"id":72865,"href":"https:\/\/bihavadis.com\/index.php\/wp-json\/wp\/v2\/posts\/72863\/revisions\/72865"}],"wp:featuredmedia":[{"embeddable":true,"href":"https:\/\/bihavadis.com\/index.php\/wp-json\/wp\/v2\/media\/72864"}],"wp:attachment":[{"href":"https:\/\/bihavadis.com\/index.php\/wp-json\/wp\/v2\/media?parent=72863"}],"wp:term":[{"taxonomy":"category","embeddable":true,"href":"https:\/\/bihavadis.com\/index.php\/wp-json\/wp\/v2\/categories?post=72863"},{"taxonomy":"post_tag","embeddable":true,"href":"https:\/\/bihavadis.com\/index.php\/wp-json\/wp\/v2\/tags?post=72863"}],"curies":[{"name":"wp","href":"https:\/\/api.w.org\/{rel}","templated":true}]}}