{"id":72929,"date":"2026-03-28T15:03:09","date_gmt":"2026-03-28T15:03:09","guid":{"rendered":"https:\/\/bihavadis.com\/?p=72929"},"modified":"2026-03-28T15:03:09","modified_gmt":"2026-03-28T15:03:09","slug":"israil-irandan-fuzeler-atilmaya-baslandi","status":"publish","type":"post","link":"https:\/\/bihavadis.com\/index.php\/2026\/03\/28\/israil-irandan-fuzeler-atilmaya-baslandi\/","title":{"rendered":"\u0130srail: \u0130ran&#8217;dan f\u00fczeler at\u0131lmaya ba\u015fland\u0131"},"content":{"rendered":"<p>ABD ile \u0130ran aras\u0131ndaki gerilim, m\u00fczakereler ile \u00e7\u00f6z\u00fclmeye \u00e7al\u0131\u015f\u0131ld\u0131.<\/p>\n<p>Ancak d\u00fcnyan\u0131n g\u00f6z\u00fcn\u00fc \u00e7evirdi\u011fi gerginlik sabah saatlerinden itibaren sava\u015fa d\u00f6nd\u00fc.\u00a0<\/p>\n<p>\u0130lk olarak \u0130srail&#8217;in sald\u0131r\u0131 ba\u015flatt\u0131\u011f\u0131 \u0130ran&#8217;a ili\u015fkin a\u00e7\u0131klama yapan ABD Ba\u015fkan\u0131 Donald Trump, ABD&#8217;nin de i\u015fin i\u00e7inde oldu\u011funu duyurdu.\u00a0<\/p>\n<p><strong>\u0130RAN M\u0130S\u0130LLEMEYE BA\u015eLADI<\/strong><\/p>\n<p>Ya\u015fanan geli\u015fmelerin ard\u0131ndan\u00a0\u0130ran Meclisi Ulusal G\u00fcvenlik Konseyi Ba\u015fkan\u0131 \u0130brahim Azizi, \u0130srail&#8217;in sald\u0131r\u0131s\u0131na misilleme yapacaklar\u0131n\u0131 bildirdi.<\/p>\n<p>Bu a\u00e7\u0131klamadan dakikalar sonra ise misilleme ba\u015flad\u0131.\u00a0<\/p>\n<p><strong>\u0130RAN&#8217;DAN F\u00dcZE M\u0130S\u0130LLEMES\u0130<\/strong><\/p>\n<p>\u0130srail ordusu, \u0130ran\u2019dan (misilleme) f\u00fcze sald\u0131r\u0131s\u0131 tespit edildi\u011fini duyurdu.<\/p>\n<p>Savunma sistemleri, tehdidi engellemek amac\u0131yla devreye girdi.<\/p>\n<p><strong>\u0130RAN&#8217;DA E\u011e\u0130T\u0130ME DE ARA VER\u0130LD\u0130<\/strong><\/p>\n<p>\u0130ran&#8217;da, ABD-\u0130srail sald\u0131r\u0131lar\u0131 nedeniyle okullar ikinci duyuruya kadar tatil edildi.<\/p>\n<p>Yar\u0131 resmi Tesnim Haber Ajans\u0131na g\u00f6re, E\u011fitim ve \u00d6\u011fretim Bakanl\u0131\u011f\u0131, Valiler ve Eyalet G\u00fcvenlik Konseyiyle koordineli olarak \u00fcniversiteler dahil t\u00fcm e\u011fitim kurumlar\u0131nda e\u011fitimleri ikinci bir duyuruya kadar ask\u0131ya ald\u0131.<\/p>\n<p><strong>\u0130RAN&#8217;A SALDIRININ KARELER\u0130<\/strong><\/p>\n<p><img decoding=\"async\" src=\"https:\/\/bihavadis.com\/wp-content\/uploads\/2026\/03\/israil-irandan-fuzeler-atilmaya-baslandi-0-6rHxSsOL.jpg\"\/><\/p>\n<p><img decoding=\"async\" src=\"https:\/\/bihavadis.com\/wp-content\/uploads\/2026\/03\/israil-irandan-fuzeler-atilmaya-baslandi-1-DY3Q9SFn.jpg\"\/><\/p>\n<p><img decoding=\"async\" src=\"https:\/\/bihavadis.com\/wp-content\/uploads\/2026\/03\/israil-irandan-fuzeler-atilmaya-baslandi-2-WBthqYCe.jpg\"\/><\/p>\n<p><img decoding=\"async\" src=\"https:\/\/bihavadis.com\/wp-content\/uploads\/2026\/03\/israil-irandan-fuzeler-atilmaya-baslandi-3-OIIObq4Z.jpg\"\/> <\/p>\n<div> <span><strong>Kaynak:<\/strong> Ensonhaber Haber Merkezi<\/span> <\/div>\n","protected":false},"excerpt":{"rendered":"<p>ABD ile \u0130ran aras\u0131ndaki gerilim, m\u00fczakereler ile \u00e7\u00f6z\u00fclmeye \u00e7al\u0131\u015f\u0131ld\u0131. Ancak d\u00fcnyan\u0131n g\u00f6z\u00fcn\u00fc \u00e7evirdi\u011fi gerginlik sabah saatlerinden itibaren sava\u015fa d\u00f6nd\u00fc.\u00a0 \u0130lk olarak \u0130srail&#8217;in sald\u0131r\u0131 ba\u015flatt\u0131\u011f\u0131 \u0130ran&#8217;a ili\u015fkin a\u00e7\u0131klama yapan ABD Ba\u015fkan\u0131 Donald Trump &#8230;<\/p>\n","protected":false},"author":1,"featured_media":72930,"comment_status":"open","ping_status":"open","sticky":false,"template":"","format":"standard","meta":{"footnotes":""},"categories":[9,13],"tags":[271,7977,794],"class_list":["post-72929","post","type-post","status-publish","format-standard","has-post-thumbnail","hentry","category-genel","category-son-dakika","tag-iran","tag-misilleme","tag-saldiri"],"_links":{"self":[{"href":"https:\/\/bihavadis.com\/index.php\/wp-json\/wp\/v2\/posts\/72929","targetHints":{"allow":["GET"]}}],"collection":[{"href":"https:\/\/bihavadis.com\/index.php\/wp-json\/wp\/v2\/posts"}],"about":[{"href":"https:\/\/bihavadis.com\/index.php\/wp-json\/wp\/v2\/types\/post"}],"author":[{"embeddable":true,"href":"https:\/\/bihavadis.com\/index.php\/wp-json\/wp\/v2\/users\/1"}],"replies":[{"embeddable":true,"href":"https:\/\/bihavadis.com\/index.php\/wp-json\/wp\/v2\/comments?post=72929"}],"version-history":[{"count":1,"href":"https:\/\/bihavadis.com\/index.php\/wp-json\/wp\/v2\/posts\/72929\/revisions"}],"predecessor-version":[{"id":72935,"href":"https:\/\/bihavadis.com\/index.php\/wp-json\/wp\/v2\/posts\/72929\/revisions\/72935"}],"wp:featuredmedia":[{"embeddable":true,"href":"https:\/\/bihavadis.com\/index.php\/wp-json\/wp\/v2\/media\/72930"}],"wp:attachment":[{"href":"https:\/\/bihavadis.com\/index.php\/wp-json\/wp\/v2\/media?parent=72929"}],"wp:term":[{"taxonomy":"category","embeddable":true,"href":"https:\/\/bihavadis.com\/index.php\/wp-json\/wp\/v2\/categories?post=72929"},{"taxonomy":"post_tag","embeddable":true,"href":"https:\/\/bihavadis.com\/index.php\/wp-json\/wp\/v2\/tags?post=72929"}],"curies":[{"name":"wp","href":"https:\/\/api.w.org\/{rel}","templated":true}]}}