{"id":72949,"date":"2026-03-28T15:18:07","date_gmt":"2026-03-28T15:18:07","guid":{"rendered":"https:\/\/bihavadis.com\/?p=72949"},"modified":"2026-03-28T15:18:07","modified_gmt":"2026-03-28T15:18:07","slug":"fenerbahceden-gonderilmisti-jhon-duranin-zenit-kariyeri-hayal-kirikligiyla-basladi","status":"publish","type":"post","link":"https:\/\/bihavadis.com\/index.php\/2026\/03\/28\/fenerbahceden-gonderilmisti-jhon-duranin-zenit-kariyeri-hayal-kirikligiyla-basladi\/","title":{"rendered":"Fenerbah\u00e7e&#8217;den g\u00f6nderilmi\u015fti: Jhon Duran&#8217;\u0131n Zenit kariyeri hayal k\u0131r\u0131kl\u0131\u011f\u0131yla ba\u015flad\u0131"},"content":{"rendered":"<p>Fenerbah\u00e7e&#8217;nin yaz transfer d\u00f6neminde kiral\u0131k olarak kadrosuna katt\u0131\u011f\u0131, k\u0131\u015f transfer d\u00f6neminde de yollar\u0131n\u0131 ay\u0131rd\u0131\u011f\u0131 John Duran, yeni tak\u0131m\u0131yla k\u00f6t\u00fc bir ba\u015flang\u0131\u00e7 yapt\u0131.<\/p>\n<p>Sar\u0131-lacivertlilerde istenileni veremedi\u011fi ve birka\u00e7 \u00f6zel nedeni dolay\u0131s\u0131yla s\u00f6zle\u015fmesi feshedilen Duran, Rus ekibi Zenit&#8217;e kat\u0131lm\u0131\u015ft\u0131.<\/p>\n<p>Zenit&#8217;in sahas\u0131nda Kaliningrad&#8217;\u0131 a\u011f\u0131rlad\u0131\u011f\u0131 ma\u00e7a ilk 11&#8217;de ba\u015flayan Kolombiyal\u0131 forvet, 61 dakika sahada kald\u0131.<\/p>\n<p><strong>\u0130LK RESM\u0130 MA\u00c7INA \u00c7IKTI<\/strong><\/p>\n<p>Zenit&#8217;in 1-0 kazand\u0131\u011f\u0131 ma\u00e7ta oyunda bulundu\u011fu s\u00fcrede gol pozisyonuna giremeyen Kolombiyal\u0131 forvet, yaln\u0131zca 1 \u015fut \u00e7\u0131kartabildi.<\/p>\n<p>Yaln\u0131zca gol yollar\u0131nda de\u011fil ikili m\u00fccadelede de k\u00f6t\u00fc performans sergileyen 22 ya\u015f\u0131ndaki futbolcu, ma\u00e7ta Zenit ad\u0131na en az topla bulu\u015fan isim oldu.<\/p>\n<p><img decoding=\"async\" src=\"https:\/\/bihavadis.com\/wp-content\/uploads\/2026\/03\/fenerbahceden-gonderilmisti-jhon-duranin-zenit-kariyeri-hayal-kirikligiyla-basladi-0-eMqgSTvk.jpg\"\/><\/p>\n<p><strong>PERFORMANSI YERLERDE<\/strong><\/p>\n<p>Bunun yan\u0131 s\u0131ra girdi\u011fi 9 ikili m\u00fccadeleden yaln\u0131zca 2 kez galip ayr\u0131lan Duran, 4 hava topundan ise 3&#8217;\u00fcn\u00fc kaybetti.<\/p>\n<p>Ma\u00e7 sonu g\u00f6sterdi\u011fi performans sebebi ile taraftarlar\u0131n ele\u015ftirilerine maruz kalan Duran, sosyal medyadan \u00e7ok say\u0131da hakaret ald\u0131.<\/p>\n<p><strong>TARAFTARLAR TEPK\u0130 G\u00d6STERD\u0130<\/strong><\/p>\n<p>Zenit ile \u00e7\u0131kt\u0131\u011f\u0131 ilk ma\u00e7 olan haz\u0131rl\u0131k ma\u00e7\u0131nda da beklenileni veremeyen 22 ya\u015f\u0131ndaki futbolcu, rakibi ile tart\u0131\u015fma ya\u015fam\u0131\u015ft\u0131.<\/p>\n<p>Fenerbah\u00e7e&#8217;de b\u00fcy\u00fck ma\u00e7larda kazand\u0131rd\u0131\u011f\u0131 puanlar ile akla kaz\u0131nan Kolombiyal\u0131, 21 ma\u00e7ta 5 gol 3 asistle oynad\u0131.<\/p>\n<p><img decoding=\"async\" src=\"https:\/\/bihavadis.com\/wp-content\/uploads\/2026\/03\/fenerbahceden-gonderilmisti-jhon-duranin-zenit-kariyeri-hayal-kirikligiyla-basladi-1-WvCgUHXs.jpg\"\/> <\/p>\n<div> <span><strong>Kaynak:<\/strong> Ensonhaber Haber Merkezi<\/span> <\/div>\n","protected":false},"excerpt":{"rendered":"<p>Fenerbah\u00e7e&#8217;nin yaz transfer d\u00f6neminde kiral\u0131k olarak kadrosuna katt\u0131\u011f\u0131, k\u0131\u015f transfer d\u00f6neminde de yollar\u0131n\u0131 ay\u0131rd\u0131\u011f\u0131 John Duran, yeni tak\u0131m\u0131yla k\u00f6t\u00fc bir ba\u015flang\u0131\u00e7 yapt\u0131. Sar\u0131-lacivertlilerde istenileni veremedi\u011fi ve birka\u00e7 \u00f6zel nedeni dolay\u0131s\u0131yla &#8230;<\/p>\n","protected":false},"author":1,"featured_media":72950,"comment_status":"open","ping_status":"open","sticky":false,"template":"","format":"standard","meta":{"footnotes":""},"categories":[14],"tags":[364,5040],"class_list":["post-72949","post","type-post","status-publish","format-standard","has-post-thumbnail","hentry","category-spor","tag-mac","tag-zenit"],"_links":{"self":[{"href":"https:\/\/bihavadis.com\/index.php\/wp-json\/wp\/v2\/posts\/72949","targetHints":{"allow":["GET"]}}],"collection":[{"href":"https:\/\/bihavadis.com\/index.php\/wp-json\/wp\/v2\/posts"}],"about":[{"href":"https:\/\/bihavadis.com\/index.php\/wp-json\/wp\/v2\/types\/post"}],"author":[{"embeddable":true,"href":"https:\/\/bihavadis.com\/index.php\/wp-json\/wp\/v2\/users\/1"}],"replies":[{"embeddable":true,"href":"https:\/\/bihavadis.com\/index.php\/wp-json\/wp\/v2\/comments?post=72949"}],"version-history":[{"count":1,"href":"https:\/\/bihavadis.com\/index.php\/wp-json\/wp\/v2\/posts\/72949\/revisions"}],"predecessor-version":[{"id":72953,"href":"https:\/\/bihavadis.com\/index.php\/wp-json\/wp\/v2\/posts\/72949\/revisions\/72953"}],"wp:featuredmedia":[{"embeddable":true,"href":"https:\/\/bihavadis.com\/index.php\/wp-json\/wp\/v2\/media\/72950"}],"wp:attachment":[{"href":"https:\/\/bihavadis.com\/index.php\/wp-json\/wp\/v2\/media?parent=72949"}],"wp:term":[{"taxonomy":"category","embeddable":true,"href":"https:\/\/bihavadis.com\/index.php\/wp-json\/wp\/v2\/categories?post=72949"},{"taxonomy":"post_tag","embeddable":true,"href":"https:\/\/bihavadis.com\/index.php\/wp-json\/wp\/v2\/tags?post=72949"}],"curies":[{"name":"wp","href":"https:\/\/api.w.org\/{rel}","templated":true}]}}