{"id":72979,"date":"2026-03-28T15:36:07","date_gmt":"2026-03-28T15:36:07","guid":{"rendered":"https:\/\/bihavadis.com\/?p=72979"},"modified":"2026-03-28T15:36:07","modified_gmt":"2026-03-28T15:36:07","slug":"israil-irana-baslattigi-operasyonun-adini-duyurdu","status":"publish","type":"post","link":"https:\/\/bihavadis.com\/index.php\/2026\/03\/28\/israil-irana-baslattigi-operasyonun-adini-duyurdu\/","title":{"rendered":"\u0130srail \u0130ran&#8217;a ba\u015flatt\u0131\u011f\u0131 operasyonun ad\u0131n\u0131 duyurdu"},"content":{"rendered":"<p>\u0130srail Savunma Bakan\u0131 Yisrael Katz, yapt\u0131\u011f\u0131 a\u00e7\u0131klamada, <em><b>&#8220;\u0130srail, kendisine y\u00f6nelik tehditleri ortadan kald\u0131rmak i\u00e7in \u0130ran&#8217;a kar\u015f\u0131 \u00f6nleyici bir sald\u0131r\u0131 ba\u015flatt\u0131.&#8221;<\/b><\/em> dedi ve <em><b>\u201c\u00fclke genelinde ola\u011fan\u00fcst\u00fc hal ilan edildi\u011fini\u201d<\/b><\/em> belirtti.\u00a0<\/p>\n<p>Bu geli\u015fmelerin akabinde de \u0130srail&#8217;in \u0130ran&#8217;a ba\u015flatt\u0131\u011f\u0131 operasyona verdi\u011fi isim g\u00fcndeme geldi.<\/p>\n<p><strong>\u0130SRA\u0130L \u0130SM\u0130 DUYURDU<\/strong><\/p>\n<p>\u0130srail Ba\u015fbakan\u0131 Binyamin Netanyahu, ba\u015falt\u0131lan operasyonun ad\u0131n\u0131 duyurdu.\u00a0<\/p>\n<p>Binyamin Netanyahu yapt\u0131\u011f\u0131 a\u00e7\u0131klamada, operasyona K\u00fckreyen Aslan ismini verdiklerini s\u00f6yledi.\u00a0\u00a0<\/p>\n<p><em><b>&#8220;K\u0131sa s\u00fcre \u00f6nce \u0130srail ve ABD, \u0130ran\u2019daki ter\u00f6r rejiminin olu\u015fturdu\u011fu varolu\u015fsal tehdidi ortadan kald\u0131rmak i\u00e7in operasyon ba\u015flatt\u0131.&#8221; <\/b><\/em>diyen Netanyahu, devam eden a\u00e7\u0131klamas\u0131nda \u015f\u00f6yle konu\u015ftu;\u00a0<\/p>\n<p><strong>&#8220;TRUMP&#8217;A TE\u015eEKK\u00dcR ED\u0130YORUM&#8221;<\/strong><\/p>\n<p><em><b>&#8220;Tarihi liderli\u011fi i\u00e7in dostumuz Ba\u015fkan Donald Trump\u2019a te\u015fekk\u00fcr ediyorum. Ayetullah rejimi, 47 y\u0131ld\u0131r \u2018\u0130srail\u2019e \u00f6l\u00fcm, Amerika\u2019ya \u00f6l\u00fcm\u2019 \u00e7a\u011fr\u0131lar\u0131 yap\u0131yor. <\/b><\/em><\/p>\n<p><em><b>Kan d\u00f6kt\u00fc, Amerikal\u0131lar\u0131 \u00f6ld\u00fcrd\u00fc ve kendi halk\u0131n\u0131 katletti. Bu rejimin n\u00fckleer silah edinmesine ve insanl\u0131\u011f\u0131 tehdit etmesine izin verilemez.<\/b><\/em><\/p>\n<p><strong>&#8220;SABIR VE METANET G\u00d6STERECE\u011e\u0130Z&#8221;<\/strong><\/p>\n<p><em><b>Ortak ad\u0131m\u0131m\u0131z, cesur \u0130ran halk\u0131n\u0131n kaderini kendi eline almas\u0131n\u0131n zeminini haz\u0131rlayacak. \u0130ran halk\u0131n\u0131n t\u00fcm kesimlerini Farslar, K\u00fcrtler, Azerbaycanl\u0131lar, Belu\u00e7lar ve Ahvazl\u0131lar, zorbal\u0131k zincirini k\u0131rmaya ve \u00f6zg\u00fcr, bar\u0131\u015f arayan bir \u0130ran kurmaya \u00e7a\u011f\u0131r\u0131yorum.<\/b><\/em><\/p>\n<p><em><b> \u0130srail vatanda\u015flar\u0131ndan \u0130\u00e7 Cephe Komutanl\u0131\u011f\u0131\u2019n\u0131n talimatlar\u0131na uymalar\u0131n\u0131 istiyorum. \u2018K\u00fckreyen Aslan\u2019 operasyonu s\u00fcresince sab\u0131r ve metanet g\u00f6sterece\u011fiz. <\/b><\/em><\/p>\n<p><em><b>Birlikte duraca\u011f\u0131z, birlikte sava\u015faca\u011f\u0131z ve \u0130srail\u2019in sonsuzlu\u011funu birlikte g\u00fcvence alt\u0131na alaca\u011f\u0131z.&#8221;\u00a0<\/b><\/em><\/p>\n<p><img decoding=\"async\" src=\"https:\/\/bihavadis.com\/wp-content\/uploads\/2026\/03\/israil-irana-baslattigi-operasyonun-adini-duyurdu-0-jnvw6s9r.jpg\"\/> <\/p>\n<div> <span><strong>Kaynak:<\/strong> Anadolu Ajans\u0131 (AA)<\/span> <\/div>\n","protected":false},"excerpt":{"rendered":"<p>\u0130srail Savunma Bakan\u0131 Yisrael Katz, yapt\u0131\u011f\u0131 a\u00e7\u0131klamada, &#8220;\u0130srail, kendisine y\u00f6nelik tehditleri ortadan kald\u0131rmak i\u00e7in \u0130ran&#8217;a kar\u015f\u0131 \u00f6nleyici bir sald\u0131r\u0131 ba\u015flatt\u0131.&#8221; dedi ve \u201c\u00fclke genelinde ola\u011fan\u00fcst\u00fc hal ilan edildi\u011fini\u201d belirtti.\u00a0 Bu geli\u015fmelerin &#8230;<\/p>\n","protected":false},"author":1,"featured_media":72980,"comment_status":"open","ping_status":"open","sticky":false,"template":"","format":"standard","meta":{"footnotes":""},"categories":[6],"tags":[271,792,318],"class_list":["post-72979","post","type-post","status-publish","format-standard","has-post-thumbnail","hentry","category-dunya","tag-iran","tag-israil","tag-operasyon"],"_links":{"self":[{"href":"https:\/\/bihavadis.com\/index.php\/wp-json\/wp\/v2\/posts\/72979","targetHints":{"allow":["GET"]}}],"collection":[{"href":"https:\/\/bihavadis.com\/index.php\/wp-json\/wp\/v2\/posts"}],"about":[{"href":"https:\/\/bihavadis.com\/index.php\/wp-json\/wp\/v2\/types\/post"}],"author":[{"embeddable":true,"href":"https:\/\/bihavadis.com\/index.php\/wp-json\/wp\/v2\/users\/1"}],"replies":[{"embeddable":true,"href":"https:\/\/bihavadis.com\/index.php\/wp-json\/wp\/v2\/comments?post=72979"}],"version-history":[{"count":1,"href":"https:\/\/bihavadis.com\/index.php\/wp-json\/wp\/v2\/posts\/72979\/revisions"}],"predecessor-version":[{"id":72982,"href":"https:\/\/bihavadis.com\/index.php\/wp-json\/wp\/v2\/posts\/72979\/revisions\/72982"}],"wp:featuredmedia":[{"embeddable":true,"href":"https:\/\/bihavadis.com\/index.php\/wp-json\/wp\/v2\/media\/72980"}],"wp:attachment":[{"href":"https:\/\/bihavadis.com\/index.php\/wp-json\/wp\/v2\/media?parent=72979"}],"wp:term":[{"taxonomy":"category","embeddable":true,"href":"https:\/\/bihavadis.com\/index.php\/wp-json\/wp\/v2\/categories?post=72979"},{"taxonomy":"post_tag","embeddable":true,"href":"https:\/\/bihavadis.com\/index.php\/wp-json\/wp\/v2\/tags?post=72979"}],"curies":[{"name":"wp","href":"https:\/\/api.w.org\/{rel}","templated":true}]}}