{"id":73012,"date":"2026-03-28T16:03:06","date_gmt":"2026-03-28T16:03:06","guid":{"rendered":"https:\/\/bihavadis.com\/?p=73012"},"modified":"2026-03-28T16:03:06","modified_gmt":"2026-03-28T16:03:06","slug":"irandan-ateslenen-muhimmatlarin-israile-varis-sureleri","status":"publish","type":"post","link":"https:\/\/bihavadis.com\/index.php\/2026\/03\/28\/irandan-ateslenen-muhimmatlarin-israile-varis-sureleri\/","title":{"rendered":"\u0130ran&#8217;dan ate\u015flenen m\u00fchimmatlar\u0131n \u0130srail&#8217;e var\u0131\u015f s\u00fcreleri"},"content":{"rendered":"<p>\u0130srail, sabah saatlerinde yapt\u0131\u011f\u0131 a\u00e7\u0131klamada \u0130ran&#8217;a<em><b>\u00a0&#8220;\u00f6nleyici&#8221;<\/b><\/p>\n<p>Bu a\u00e7\u0131klamadan dakikalar sonra Tahran&#8217;dan da patlama sesleri y\u00fckseldi.<\/p>\n<p>ABD Ba\u015fkan\u0131 Donald Trump&#8217;\u0131n da <em><b>&#8220;\u0130ran&#8217;a geni\u015f \u00e7apl\u0131 bir operasyon ba\u015flatt\u0131k&#8221;<\/b><\/em> a\u00e7\u0131klamas\u0131yla b\u00f6lge iyice \u0131s\u0131n\u0131rken, \u0130ran&#8217;dan ise misilleme sald\u0131r\u0131lar\u0131 ba\u015flad\u0131.\u00a0<\/p>\n<p><strong>&#8220;\u0130SRA\u0130L&#8217;E SALDIRILAR BA\u015eLADI&#8221;<\/strong><\/p>\n<p>\u0130ran Devrim Muhaf\u0131zlar\u0131 Ordusu, ABD ve \u0130srail&#8217;in sald\u0131r\u0131lar\u0131na kar\u015f\u0131l\u0131k \u0130srail&#8217;e geni\u015f \u00e7apl\u0131 f\u00fcze ve insans\u0131z hava arac\u0131 (\u0130HA) sald\u0131r\u0131lar\u0131na ba\u015flad\u0131\u011f\u0131n\u0131 duyurdu.<\/p>\n<p>Devrim Muhaf\u0131zlar\u0131 Ordusu, konuya dair yaz\u0131l\u0131 a\u00e7\u0131klama yapt\u0131.<\/p>\n<p>A\u00e7\u0131klamada,<em><b> &#8220;\u0130ran \u0130slam Cumhuriyeti&#8217;ne kar\u015f\u0131 su\u00e7lu d\u00fc\u015fman\u0131n sald\u0131rganl\u0131\u011f\u0131na yan\u0131t olarak, \u0130ran \u0130slam Cumhuriyeti taraf\u0131ndan i\u015fgal alt\u0131ndaki topraklara y\u00f6nelik ilk geni\u015f \u00e7apl\u0131 f\u00fcze ve insans\u0131z hava arac\u0131 sald\u0131r\u0131lar\u0131 ba\u015flad\u0131.&#8221;<\/b><\/em> ifadeleri kullan\u0131ld\u0131.<\/p>\n<p>Detayl\u0131 a\u00e7\u0131klamalar\u0131n, daha sonra resmi kanallar arac\u0131l\u0131\u011f\u0131yla duyurulaca\u011f\u0131 belirtildi.<\/p>\n<p><strong>SAAT\u0130 MERAK ED\u0130LD\u0130<\/strong><\/p>\n<p>Geli\u015fmelerin ard\u0131ndan sosyal medyada g\u00fcndeme getirilen konulardan biri de, \u0130ran&#8217;\u0131n ba\u015flatt\u0131\u011f\u0131 \u0130HA sald\u0131r\u0131s\u0131n\u0131n ve di\u011fer m\u00fchimmatlarla ger\u00e7ekle\u015ftirebilece\u011fi sald\u0131r\u0131lar\u0131n ka\u00e7 saatte \u0130srail&#8217;e varaca\u011f\u0131 oldu.\u00a0<\/p>\n<p><img decoding=\"async\" src=\"https:\/\/bihavadis.com\/wp-content\/uploads\/2026\/03\/irandan-ateslenen-muhimmatlarin-israile-varis-sureleri-0-ImCcK2HO.jpg\"\/><\/p>\n<p><em><b>\u0130\u015fte o m\u00fchimmatlar ve \u0130srail&#8217;e tahmini var\u0131\u015f s\u00fcreleri: <\/b><\/em><\/p>\n<p>&#8211; Balistik f\u00fcze: 12 dakika<\/p>\n<p>&#8211; Seyir f\u00fczesi: 2 saat<\/p>\n<p>&#8211; Kamikaze \u0130HA: 9 saat<\/p>\n<p><img decoding=\"async\" src=\"https:\/\/bihavadis.com\/wp-content\/uploads\/2026\/03\/irandan-ateslenen-muhimmatlarin-israile-varis-sureleri-1-Haskc52b.jpg\"\/> <\/p>\n<div> <span><strong>Kaynak:<\/strong> Ensonhaber Haber Merkezi<\/span> <\/div>\n","protected":false},"excerpt":{"rendered":"<p>\u0130srail, sabah saatlerinde yapt\u0131\u011f\u0131 a\u00e7\u0131klamada \u0130ran&#8217;a\u00a0&#8220;\u00f6nleyici&#8221; Bu a\u00e7\u0131klamadan dakikalar sonra Tahran&#8217;dan da patlama sesleri y\u00fckseldi. ABD Ba\u015fkan\u0131 Donald Trump&#8217;\u0131n da &#8220;\u0130ran&#8217;a geni\u015f \u00e7apl\u0131 bir operasyon ba\u015flatt\u0131k&#8221; a\u00e7\u0131klamas\u0131yla b\u00f6lge iyice \u0131s\u0131n\u0131rken &#8230;<\/p>\n","protected":false},"author":1,"featured_media":73013,"comment_status":"open","ping_status":"open","sticky":false,"template":"","format":"standard","meta":{"footnotes":""},"categories":[6],"tags":[271,304,1103],"class_list":["post-73012","post","type-post","status-publish","format-standard","has-post-thumbnail","hentry","category-dunya","tag-iran","tag-saat","tag-saldirilari"],"_links":{"self":[{"href":"https:\/\/bihavadis.com\/index.php\/wp-json\/wp\/v2\/posts\/73012","targetHints":{"allow":["GET"]}}],"collection":[{"href":"https:\/\/bihavadis.com\/index.php\/wp-json\/wp\/v2\/posts"}],"about":[{"href":"https:\/\/bihavadis.com\/index.php\/wp-json\/wp\/v2\/types\/post"}],"author":[{"embeddable":true,"href":"https:\/\/bihavadis.com\/index.php\/wp-json\/wp\/v2\/users\/1"}],"replies":[{"embeddable":true,"href":"https:\/\/bihavadis.com\/index.php\/wp-json\/wp\/v2\/comments?post=73012"}],"version-history":[{"count":1,"href":"https:\/\/bihavadis.com\/index.php\/wp-json\/wp\/v2\/posts\/73012\/revisions"}],"predecessor-version":[{"id":73016,"href":"https:\/\/bihavadis.com\/index.php\/wp-json\/wp\/v2\/posts\/73012\/revisions\/73016"}],"wp:featuredmedia":[{"embeddable":true,"href":"https:\/\/bihavadis.com\/index.php\/wp-json\/wp\/v2\/media\/73013"}],"wp:attachment":[{"href":"https:\/\/bihavadis.com\/index.php\/wp-json\/wp\/v2\/media?parent=73012"}],"wp:term":[{"taxonomy":"category","embeddable":true,"href":"https:\/\/bihavadis.com\/index.php\/wp-json\/wp\/v2\/categories?post=73012"},{"taxonomy":"post_tag","embeddable":true,"href":"https:\/\/bihavadis.com\/index.php\/wp-json\/wp\/v2\/tags?post=73012"}],"curies":[{"name":"wp","href":"https:\/\/api.w.org\/{rel}","templated":true}]}}