{"id":73053,"date":"2026-03-28T16:30:08","date_gmt":"2026-03-28T16:30:08","guid":{"rendered":"https:\/\/bihavadis.com\/?p=73053"},"modified":"2026-03-28T16:30:08","modified_gmt":"2026-03-28T16:30:08","slug":"iran-bahreyndeki-abd-hava-ussunu-vurdu","status":"publish","type":"post","link":"https:\/\/bihavadis.com\/index.php\/2026\/03\/28\/iran-bahreyndeki-abd-hava-ussunu-vurdu\/","title":{"rendered":"\u0130ran, Bahreyn&#8217;deki ABD hava \u00fcss\u00fcn\u00fc vurdu"},"content":{"rendered":"<p>\u0130srail ve ABD&#8217;nin, sabah saatlerinde \u0130ran&#8217;a y\u00f6nelik ortak d\u00fczenledi\u011fi sald\u0131r\u0131lar sonras\u0131 Orta Do\u011fu&#8217;da s\u0131cak geli\u015fmeler ya\u015fanmaya devam ediyor&#8230;<\/p>\n<p>Bu operasyona misilleme sald\u0131r\u0131da bulunaca\u011f\u0131n\u0131 duyuran \u0130ran, kritik noktalar\u0131 hedef ald\u0131..<\/p>\n<p><strong>ABD DONANMA \u00dcSS\u00dc VURULDU <\/strong><\/p>\n<p>\u0130ran&#8217;\u0131n yar\u0131 resmi Tesnim Haber Ajans\u0131na g\u00f6re, \u0130ran&#8217;\u0131n ABD ve \u0130srail&#8217;in sald\u0131r\u0131lar\u0131na kar\u015f\u0131l\u0131k ba\u015flatt\u0131\u011f\u0131 balistik f\u00fcze sald\u0131r\u0131lar\u0131 kapsam\u0131nda Bahreyn&#8217;deki ABD donanmas\u0131 \u00fcss\u00fc vuruldu.<\/p>\n<p>Yay\u0131mlanan g\u00f6r\u00fcnt\u00fclerde \u00fcss\u00fcn \u00fczerinden yo\u011fun dumanlar y\u00fckseldi\u011fi g\u00f6r\u00fcld\u00fc.<\/p>\n<p><strong>BAHREYN&#8217;DE HALKA UYARI <\/strong><\/p>\n<p>Bahreyn \u0130\u00e7i\u015fleri Bakanl\u0131\u011f\u0131, geli\u015fmelerin ard\u0131ndan yapt\u0131\u011f\u0131 a\u00e7\u0131klamada, <em><b>&#8220;Kamu g\u00fcvenli\u011fini korumak ve ilgili yetkililerin yollar\u0131 kullanabilmesini sa\u011flamak amac\u0131yla, vatanda\u015flar\u0131m\u0131z\u0131 ana yollar\u0131 yaln\u0131zca gerekli durumlarda kullanmaya \u00e7a\u011f\u0131r\u0131yoruz&#8221;<\/b><\/em> ifadelerini kulland\u0131.<\/p>\n<p><img decoding=\"async\" src=\"https:\/\/bihavadis.com\/wp-content\/uploads\/2026\/03\/iran-bahreyndeki-abd-hava-ussunu-vurdu-0-5XCDRNqr.jpg\"\/><\/p>\n<p><strong>ABD \u0130LE \u0130SRA\u0130L&#8217;\u0130N \u0130RAN&#8217;A SALDIRISI<\/strong><\/p>\n<p>\u0130ran ile ABD aras\u0131ndaki m\u00fczakere s\u00fcreci devam ederken \u0130srail ve ABD sabah saatlerinde \u0130ran&#8217;a ortak sald\u0131r\u0131lar d\u00fczenledi.<\/p>\n<p>\u0130srail Savunma Bakanl\u0131\u011f\u0131, \u0130srail\u2019in \u0130ran\u2019a <em><b>\u201c\u00f6nleyici sald\u0131r\u0131\u201d <\/b><\/em>ba\u015flatt\u0131\u011f\u0131n\u0131 duyurdu.<\/p>\n<p>Daha sonra ABD Ba\u015fkan\u0131 Donald Trump, \u0130ran&#8217;a y\u00f6nelik <em><b>&#8220;b\u00fcy\u00fck bir operasyon&#8221;<\/b><\/p>\n<p>Sald\u0131r\u0131lar kapsam\u0131nda ba\u015fkent Tahran, \u0130sfahan, Kum, Kerec, Tebriz, Bu\u015fehr ve Kirman\u015fah, \u0130lam kentleri hedef al\u0131nd\u0131.<\/p>\n<p><img decoding=\"async\" src=\"https:\/\/bihavadis.com\/wp-content\/uploads\/2026\/03\/iran-bahreyndeki-abd-hava-ussunu-vurdu-1-8vrpMHsO.jpg\"\/><\/p>\n<p><strong>\u0130RAN&#8217;DAN M\u0130S\u0130LLEME SALDIRI <\/strong><\/p>\n<p>\u0130srail ve \u0130ran, hava sahas\u0131n\u0131 kapat\u0131rken \u0130srail genelinde ola\u011fan\u00fcst\u00fc hal ilan edildi, sirenler \u00e7al\u0131nd\u0131 ve \u0130ran&#8217;\u0131n kar\u015f\u0131 sald\u0131r\u0131lar\u0131 \u00f6ncesinde halk\u0131 s\u0131\u011f\u0131naklara y\u00f6nlendiren uyar\u0131lar yap\u0131ld\u0131.<\/p>\n<p>\u0130ran ordusu, ABD ve \u0130srail&#8217;in sald\u0131r\u0131lar\u0131na kar\u015f\u0131l\u0131k \u0130srail&#8217;e onlarca balistik f\u00fcze ile insans\u0131z hava ara\u00e7lar\u0131yla kar\u015f\u0131 sald\u0131r\u0131lar ba\u015flatt\u0131\u011f\u0131n\u0131 duyurdu.<\/p>\n<div> <span><strong>Kaynak:<\/strong> Anadolu Ajans\u0131 (AA)<\/span> <\/div>\n","protected":false},"excerpt":{"rendered":"<p>\u0130srail ve ABD&#8217;nin, sabah saatlerinde \u0130ran&#8217;a y\u00f6nelik ortak d\u00fczenledi\u011fi sald\u0131r\u0131lar sonras\u0131 Orta Do\u011fu&#8217;da s\u0131cak geli\u015fmeler ya\u015fanmaya devam ediyor&#8230; Bu operasyona misilleme sald\u0131r\u0131da bulunaca\u011f\u0131n\u0131 duyuran \u0130ran, kritik noktalar\u0131 hedef ald\u0131.. ABD DONANMA &#8230;<\/p>\n","protected":false},"author":1,"featured_media":73054,"comment_status":"open","ping_status":"open","sticky":false,"template":"","format":"standard","meta":{"footnotes":""},"categories":[6],"tags":[272,271,792,3088],"class_list":["post-73053","post","type-post","status-publish","format-standard","has-post-thumbnail","hentry","category-dunya","tag-abd","tag-iran","tag-israil","tag-saldirilar"],"_links":{"self":[{"href":"https:\/\/bihavadis.com\/index.php\/wp-json\/wp\/v2\/posts\/73053","targetHints":{"allow":["GET"]}}],"collection":[{"href":"https:\/\/bihavadis.com\/index.php\/wp-json\/wp\/v2\/posts"}],"about":[{"href":"https:\/\/bihavadis.com\/index.php\/wp-json\/wp\/v2\/types\/post"}],"author":[{"embeddable":true,"href":"https:\/\/bihavadis.com\/index.php\/wp-json\/wp\/v2\/users\/1"}],"replies":[{"embeddable":true,"href":"https:\/\/bihavadis.com\/index.php\/wp-json\/wp\/v2\/comments?post=73053"}],"version-history":[{"count":1,"href":"https:\/\/bihavadis.com\/index.php\/wp-json\/wp\/v2\/posts\/73053\/revisions"}],"predecessor-version":[{"id":73057,"href":"https:\/\/bihavadis.com\/index.php\/wp-json\/wp\/v2\/posts\/73053\/revisions\/73057"}],"wp:featuredmedia":[{"embeddable":true,"href":"https:\/\/bihavadis.com\/index.php\/wp-json\/wp\/v2\/media\/73054"}],"wp:attachment":[{"href":"https:\/\/bihavadis.com\/index.php\/wp-json\/wp\/v2\/media?parent=73053"}],"wp:term":[{"taxonomy":"category","embeddable":true,"href":"https:\/\/bihavadis.com\/index.php\/wp-json\/wp\/v2\/categories?post=73053"},{"taxonomy":"post_tag","embeddable":true,"href":"https:\/\/bihavadis.com\/index.php\/wp-json\/wp\/v2\/tags?post=73053"}],"curies":[{"name":"wp","href":"https:\/\/api.w.org\/{rel}","templated":true}]}}