{"id":73065,"date":"2026-03-28T16:39:08","date_gmt":"2026-03-28T16:39:08","guid":{"rendered":"https:\/\/bihavadis.com\/?p=73065"},"modified":"2026-03-28T16:39:08","modified_gmt":"2026-03-28T16:39:08","slug":"keciorende-siyasi-ayrilik","status":"publish","type":"post","link":"https:\/\/bihavadis.com\/index.php\/2026\/03\/28\/keciorende-siyasi-ayrilik\/","title":{"rendered":"Ke\u00e7i\u00f6ren&#8217;de Siyasi Ayr\u0131l\u0131k"},"content":{"rendered":"<p>\n<p>KE\u00c7\u0130\u00d6REN Belediye Ba\u015fkan\u0131 Mesut \u00d6zarslan, Cumhuriyet Halk Partisi \u00fcyeli\u011finden istifa etti\u011fini duyurdu.<\/p>\n<p>Ke\u00e7i\u00f6ren Belediye Ba\u015fkan\u0131 \u00d6zarslan, sanal medya hesab\u0131ndan yapt\u0131\u011f\u0131 a\u00e7\u0131klamada, 31 Mart 2024 tarihinde yap\u0131lan yerel se\u00e7imlerde Belediye Ba\u015fkanl\u0131\u011f\u0131&#8217;na se\u00e7ildi\u011fini hat\u0131rlatarak, &#8220;Ke\u00e7i\u00f6ren halk\u0131n\u0131n bu tevecc\u00fch\u00fc beni onore etmi\u015ftir. Mazbata alma t\u00f6reninde de a\u00e7\u0131klad\u0131\u011f\u0131m \u00fczere, ilk g\u00fcnden itibaren parti rozetimi \u00e7\u0131kartarak t\u00fcm Ke\u00e7i\u00f6ren&#8217;e \u015feffaf ve e\u015fit hizmet etmeye ba\u015flad\u0131m. Bu kapsamda parti ayr\u0131m\u0131 g\u00f6zetmeksizin her kap\u0131y\u0131 a\u015f\u0131nd\u0131rarak Ke\u00e7i\u00f6ren&#8217;imize hizmet getirmeye gayret g\u00f6sterdim. Son zamanlarda Ke\u00e7i\u00f6ren&#8217;imizin belli ba\u015fl\u0131 b\u00fcy\u00fck yat\u0131r\u0131m ve sorunlar\u0131na \u00e7\u00f6z\u00fcm bulmak amac\u0131 ile yapm\u0131\u015f oldu\u011fum ziyaretlerin artm\u0131\u015f olmas\u0131 ve bu ziyaretlerimin \u015feffaf bir \u015fekilde sosyal medyadan halk\u0131m\u0131za duyurmam sonras\u0131nda CHP i\u00e7erisinde baz\u0131 klik ve odaklar taraf\u0131ndan sistemli bir dedikodu ve alg\u0131 faaliyeti ba\u015flat\u0131lm\u0131\u015ft\u0131r. Temsil etti\u011fim milli ve manevi de\u011ferlere mesafeli olanlar ile bu de\u011ferleri parti i\u00e7i hesapla\u015fmalar\u0131nda ara\u00e7salla\u015ft\u0131rmak isteyenler, ger\u00e7ek d\u0131\u015f\u0131 spek\u00fclasyonlarla kamuoyunu yan\u0131ltma ve \u015fahs\u0131m\u0131 parti i\u00e7inde itibars\u0131zla\u015ft\u0131rma \u00e7abas\u0131na giri\u015fmi\u015ftir. Ancak; \u015fahs\u0131mla ilgili iftiralar, spek\u00fclasyonlar &#8216;Halka hizmet hakka hizmettir&#8217; anlay\u0131\u015f\u0131 ile taraf\u0131mca umursanmam\u0131\u015f ve 6 Ocak 2026 tarihinde, T.C. \u00c7evre, \u015eehircilik ve \u0130klim De\u011fi\u015fikli\u011fi Bakan\u0131 Say\u0131n Murat Kurum ile Ke\u00e7i\u00f6ren&#8217;imizin sorunlar\u0131n\u0131n \u00e7\u00f6z\u00fcm\u00fc amac\u0131yla g\u00f6r\u00fc\u015fme ger\u00e7ekle\u015ftirilmi\u015ftir&#8221; dedi.<\/p>\n<p>&#8216;HAKARET VE TEHD\u0130T MESAJLARI GELD\u0130&#8217;<\/p>\n<p>Bu ziyaret sonras\u0131nda CHP i\u00e7erisindeki baz\u0131 kliklerin; bu dedikodu ve alg\u0131lar\u0131n dozunu art\u0131rd\u0131\u011f\u0131n\u0131 kaydeden \u00d6zarslan, &#8220;Ancak bir Belediye Ba\u015fkan\u0131n\u0131n; \u00f6zellikle deprem b\u00f6lgesinde y\u00fcr\u00fctm\u00fc\u015f oldu\u011fu etkin ve h\u0131zl\u0131 hizmetleri ile halk\u0131m\u0131z\u0131n g\u00f6nl\u00fcnde taht kuran \u00c7evre \u015eehircilik ve \u0130klimlendirme Bakan\u0131n\u0131 ziyaret etmesi ve il\u00e7esine hizmet etmek i\u00e7in ziyarette bulunmas\u0131n\u0131n alt\u0131nda ba\u015fka bir gaye aranmas\u0131 taraf\u0131mca anla\u015f\u0131lamam\u0131\u015ft\u0131r. Ayr\u0131ca Say\u0131n Bakan ile ili\u015fkimiz, okul ve mesai arkada\u015fl\u0131\u011f\u0131na dayanan, y\u0131llara sari bir dostluk olmas\u0131na ra\u011fmen; bu ziyaret sonras\u0131nda bu kliklerin say\u0131s\u0131 ve \u015fahs\u0131ma y\u00f6nelik bask\u0131s\u0131 artm\u0131\u015ft\u0131r. Bask\u0131, dedikodu ve iftiralara kar\u015f\u0131 sessizli\u011fimi korumama ve hizmetlerime devam etmeme ra\u011fmen 7 \u015eubat 2025 tarihinde saat 23.59&#8217;da CHP Genel Ba\u015fkan\u0131 Say\u0131n \u00d6zg\u00fcr \u00d6zel taraf\u0131ndan \u015fahs\u0131ma y\u00f6nelik Whatsapp mesajlar\u0131 gelmeye ba\u015flam\u0131\u015ft\u0131r. Bu mesajlar; siyasi nezaketle, parti ahlak\u0131yla, kamu sorumlulu\u011fu ve insanl\u0131kla ba\u011fda\u015fmayacak hakaret, tehdit ve iftiralar i\u00e7ermektedir. Soruyorum; Bir genel ba\u015fkan, belediye ba\u015fkan\u0131na k\u00fcf\u00fcr eder mi? Bir genel ba\u015fkan, ailevi de\u011ferleri hedef al\u0131p hakaret eder mi? Bir genel ba\u015fkan, a\u011f\u0131za al\u0131nmayacak kelimelerle tehdit eder mi? \u00d6zellikle aile de\u011ferlerimi ve kutsal varl\u0131\u011f\u0131m annem ve merhum babam\u0131n dahi kar\u0131\u015ft\u0131r\u0131ld\u0131\u011f\u0131 mesajlar kar\u015f\u0131s\u0131nda; Cumhuriyet Halk Partili se\u00e7mene olan sayg\u0131m ve sevgim baki kalmak kayd\u0131 ile art\u0131k Cumhuriyet Halk Partisi saflar\u0131nda hizmet etmem s\u00f6z konusu dahi olamaz. Benim tek \u00f6nceli\u011fim Ke\u00e7i\u00f6ren&#8217;e hizmet olmas\u0131na ra\u011fmen mesajlarda yer alan \u00fcslubun ve anlay\u0131\u015f\u0131n hakim oldu\u011fu bir zeminde, enerjimi ve mesaimi il\u00e7emin sorunlar\u0131na odaklayarak sa\u011fl\u0131kl\u0131 bir \u015fekilde g\u00f6rev yapmam\u0131n m\u00fcmk\u00fcn olmad\u0131\u011f\u0131 kanaatine varm\u0131\u015f bulunuyorum&#8221; ifadelerini kulland\u0131.<\/p>\n<p>&#8216;TEPK\u0130LER\u0130N\u0130 G\u00d6STERMEYE DAVET ED\u0130YORUM&#8217;<\/p>\n<p>\u00d6zarslan, a\u00e7\u0131klamas\u0131n\u0131n devam\u0131nda \u015funlar\u0131 kaydetti: <\/p>\n<p>&#8220;Tepkim; Cumhuriyet Halk Partisi&#8217;nin kurumsal kimli\u011fine, Atat\u00fcrk\u00e7\u00fc ve Cumhuriyet\u00e7i se\u00e7menlerine de\u011fil; siyasi nezaketi ve devlet ciddiyetini yitirmi\u015f mevcut y\u00f6netim anlay\u0131\u015f\u0131nad\u0131r. Bu \u00e7er\u00e7evede, Cumhuriyet Halk Partisi \u00fcyeli\u011fimden istifa ediyorum. Her \u015feye ra\u011fmen birlikte yol y\u00fcr\u00fcd\u00fc\u011f\u00fcm Ankara B\u00fcy\u00fck\u015fehir Belediye Ba\u015fkan\u0131 Say\u0131n Mansur Yava\u015f ba\u015fta olmak \u00fczere, Ankaral\u0131 di\u011fer belediye ba\u015fkan\u0131 arkada\u015flar\u0131ma emekleri i\u00e7in te\u015fekk\u00fcr ediyorum. Hizmet odakl\u0131 siyasetin parti i\u00e7i gerilimlere ve k\u0131r\u0131c\u0131 \u00fcsluba kurban edilmemesi gerekti\u011fine inan\u0131yor; bu \u00fcsluba sahip bir y\u00f6netimin oldu\u011fu yerde siyaset yapma zemininin herkes taraf\u0131ndan yeniden de\u011ferlendirilmesi gerekti\u011fini ifade ediyorum. Ayr\u0131ca belirtmek isterim ki; beraber yol y\u00fcr\u00fcd\u00fc\u011f\u00fcm ba\u015fta Say\u0131n Mansur Yava\u015f olmak \u00fczere Ankaral\u0131 di\u011fer Belediye Ba\u015fkanlar\u0131na te\u015fekk\u00fcr etmem sebebi ile CHP i\u00e7erisinde yer alan ve bu s\u00fcrecin buraya gelmesine sebep olan kliklerin &#8216;te\u015fekk\u00fcr&#8217; etmemi de ba\u015fka yerlere \u00e7ekece\u011fini de d\u00fc\u015f\u00fcnerek belediye ba\u015fkan\u0131 arkada\u015flar\u0131mdan helallik istiyorum. Ancak; karde\u015fleri, dostlar\u0131 ve mesai arkada\u015flar\u0131 olarak bir hat\u0131rlatma yapmak istiyorum; biz &#8216;Allah yolunda, millete hizmet gayesi ile vatan\u0131n birli\u011fini b\u00fct\u00fcnl\u00fc\u011f\u00fcn\u00fc koruyarak&#8217; yol y\u00fcr\u00fcmek i\u00e7in kader birli\u011fi yapm\u0131\u015ft\u0131k. Ancak; geldi\u011fimiz noktada; maalesef ki CHP Genel Ba\u015fkan\u0131 Say\u0131n \u00d6zg\u00fcr \u00d6zel ve yak\u0131n \u00e7al\u0131\u015fma arkada\u015flar\u0131nda; ne Allah yolu, ne vatan, ne aile ne de kutsal sayd\u0131\u011f\u0131m\u0131z de\u011ferlerden hi\u00e7 bir \u015fey kalmam\u0131\u015f, t\u00fcm mukaddesiyetler yerle yeksan olmu\u015ftur. Yola \u00e7\u0131kt\u0131\u011f\u0131m ve birlikte yol y\u00fcr\u00fcd\u00fc\u011f\u00fcm arkada\u015flar\u0131m\u0131n vicdanlar\u0131na sesleniyorum; &#8216;Dava insanl\u0131k davas\u0131d\u0131r&#8217;; kurulu\u015f kodlar\u0131ndan uzakla\u015fm\u0131\u015f, gayri ahlaki bir \u015fekilde idare edilen bu yap\u0131dan kendilerini kurtarmaya, \u015fahs\u0131ma yap\u0131lan ahlaks\u0131zl\u0131\u011f\u0131n i\u00e7erisinde yer almamaya ve tepkilerini g\u00f6stermeye davet ediyorum. Bug\u00fcn \u015fahs\u0131ma ve aileme yap\u0131lanlar; unutulmas\u0131n ki tepki g\u00f6sterilmez ise bir g\u00fcn kendilerine de yap\u0131lacakt\u0131r. Ke\u00e7i\u00f6renli hem\u015ferilerimin emanetini lay\u0131k\u0131yla ta\u015f\u0131maya ve parti ayr\u0131m\u0131 g\u00f6zetmeksizin il\u00e7emiz i\u00e7in \u00e7al\u0131\u015fmaya kararl\u0131l\u0131kla devam edece\u011fim.&#8221;<\/p>\n","protected":false},"excerpt":{"rendered":"<p>Belediye Ba\u015fkan\u0131 \u00d6zarslan, CHP \u00fcyeli\u011finden istifa etti ve partinin i\u00e7indeki sorunlara dikkat \u00e7ekti.<\/p>\n","protected":false},"author":1,"featured_media":73066,"comment_status":"open","ping_status":"open","sticky":false,"template":"","format":"standard","meta":{"footnotes":""},"categories":[12],"tags":[399,315,4614,563,531],"class_list":["post-73065","post","type-post","status-publish","format-standard","has-post-thumbnail","hentry","category-siyaset","tag-belediye-baskani","tag-hizmet","tag-kecioren","tag-parti","tag-yol"],"_links":{"self":[{"href":"https:\/\/bihavadis.com\/index.php\/wp-json\/wp\/v2\/posts\/73065","targetHints":{"allow":["GET"]}}],"collection":[{"href":"https:\/\/bihavadis.com\/index.php\/wp-json\/wp\/v2\/posts"}],"about":[{"href":"https:\/\/bihavadis.com\/index.php\/wp-json\/wp\/v2\/types\/post"}],"author":[{"embeddable":true,"href":"https:\/\/bihavadis.com\/index.php\/wp-json\/wp\/v2\/users\/1"}],"replies":[{"embeddable":true,"href":"https:\/\/bihavadis.com\/index.php\/wp-json\/wp\/v2\/comments?post=73065"}],"version-history":[{"count":1,"href":"https:\/\/bihavadis.com\/index.php\/wp-json\/wp\/v2\/posts\/73065\/revisions"}],"predecessor-version":[{"id":73067,"href":"https:\/\/bihavadis.com\/index.php\/wp-json\/wp\/v2\/posts\/73065\/revisions\/73067"}],"wp:featuredmedia":[{"embeddable":true,"href":"https:\/\/bihavadis.com\/index.php\/wp-json\/wp\/v2\/media\/73066"}],"wp:attachment":[{"href":"https:\/\/bihavadis.com\/index.php\/wp-json\/wp\/v2\/media?parent=73065"}],"wp:term":[{"taxonomy":"category","embeddable":true,"href":"https:\/\/bihavadis.com\/index.php\/wp-json\/wp\/v2\/categories?post=73065"},{"taxonomy":"post_tag","embeddable":true,"href":"https:\/\/bihavadis.com\/index.php\/wp-json\/wp\/v2\/tags?post=73065"}],"curies":[{"name":"wp","href":"https:\/\/api.w.org\/{rel}","templated":true}]}}