{"id":73180,"date":"2026-03-28T18:12:10","date_gmt":"2026-03-28T18:12:10","guid":{"rendered":"https:\/\/bihavadis.com\/?p=73180"},"modified":"2026-03-28T18:12:10","modified_gmt":"2026-03-28T18:12:10","slug":"ankarada-yuzyilin-konut-projesi-icin-kura-heyecani-basliyor","status":"publish","type":"post","link":"https:\/\/bihavadis.com\/index.php\/2026\/03\/28\/ankarada-yuzyilin-konut-projesi-icin-kura-heyecani-basliyor\/","title":{"rendered":"Ankara&#8217;da &#8216;Y\u00fczy\u0131l\u0131n Konut Projesi&#8217; i\u00e7in kura heyecan\u0131 ba\u015fl\u0131yor"},"content":{"rendered":"<p>\u00c7evre, \u015eehircilik ve \u0130klim De\u011fi\u015fikli\u011fi Bakanl\u0131\u011f\u0131 ile TOK\u0130 koordinesinde y\u00fcr\u00fct\u00fclen &#8216;Y\u00fczy\u0131l\u0131n Sosyal Konut Projesi&#8217; h\u0131z kesmeden devam ediyor.<\/p>\n<p>Cumhuriyet tarihinin en b\u00fcy\u00fck sosyal konut hamlesi olarak nitelendirilen 500 bin konutluk projede kura \u00e7ekimi takvimi planland\u0131\u011f\u0131 \u015fekilde devam ediyor.<\/p>\n<p><strong>ANKARA \u0130\u00c7\u0130N KURALAR SALI G\u00dcN\u00dc \u00c7EK\u0130LECEK<\/strong><\/p>\n<p>Proje kapsam\u0131nda Ankara&#8217;da in\u015fa edilecek konutlar\u0131n hak sahipleri sal\u0131 g\u00fcn\u00fc \u00e7ekilecek kura ile belirlenecek.<\/p>\n<p>Cumhuriyet tarihinin en b\u00fcy\u00fck sosyal konut hamlesi olarak nitelendirilen 500 bin konutluk projede kura \u00e7ekimi takvimi planland\u0131\u011f\u0131 \u015fekilde devam ediyor.<\/p>\n<p><strong>KURA S\u00dcREC\u0130 CANLI OLARAK YAYIMLANACAK<\/strong><\/p>\n<p>Ankara&#8217;da yap\u0131lacak konutlar i\u00e7in de hak sahipleri bug\u00fcn kura i\u015flemleriyle belirlenecek.<\/p>\n<p>Toplamda 31 bin 73 ailenin yeni yuvas\u0131na kavu\u015faca\u011f\u0131 kura s\u00fcreci, TOK\u0130\u2019nin resmi YouTube kanal\u0131ndan ve sosyal medya hesaplar\u0131ndan canl\u0131 olarak yay\u0131nlan\u0131yor.<\/p>\n<p><img decoding=\"async\" src=\"https:\/\/bihavadis.com\/wp-content\/uploads\/2026\/03\/ankarada-yuzyilin-konut-projesi-icin-kura-heyecani-basliyor-0-YqeY86GI.jpg\"\/><\/p>\n<p><strong>\u0130LK TESL\u0130MAT MART 2027&#8217;DE<\/strong><\/p>\n<p>Ankara&#8217;da 31 bin 73 konutun yap\u0131laca\u011f\u0131 proje kapsam\u0131nda hak sahipleri 3 Mart Sal\u0131 g\u00fcn\u00fc d\u00fczenlenecek t\u00f6renle belirlenecek.<\/p>\n<p>T\u00f6rene, Cumhurba\u015fkan\u0131 Recep Tayyip Erdo\u011fan&#8217;\u0131n da kat\u0131lmas\u0131 bekleniyor.<\/p>\n<p><strong>KONUTLARIN \u0130L\u00c7ELERE G\u00d6RE DA\u011eILIMI:<\/strong><\/p>\n<p>Proje kapsam\u0131nda Ankara&#8217;da yap\u0131lacak konutlar\u0131n il\u00e7elere g\u00f6re da\u011f\u0131l\u0131m\u0131 \u015f\u00f6yle:<\/p>\n<p><em><b>&#8220;Ankara merkezde (Etimesgut, G\u00f6lba\u015f\u0131, Mamak, Pursaklar ve Sincan) 21 bin 780, Sincan Temelli&#8217;de 4 bin, Polatl\u0131&#8217;da 1500, Beypazar\u0131&#8217;nda 750, \u00c7ubuk ve Elmada\u011f&#8217;da 500&#8217;er, Kahramankazan&#8217;da 300, Nall\u0131han&#8217;da 200, Nall\u0131han \u00c7ay\u0131rhan&#8217;da 100, \u015eerefliko\u00e7hisar ve \u00c7aml\u0131dere&#8217;de 200&#8217;er, G\u00fcd\u00fcl&#8217;de 142, Bala&#8217;da 110, Evren&#8217;de 41, Akyurt, Aya\u015f, Haymana, Kalecik ve K\u0131z\u0131lcahamam&#8217;da ise 150&#8217;\u015fer konut.&#8221;<\/b><\/em><\/p>\n<p><strong>240 AYA KADAR VAADE \u0130MKANI SUNULUYOR<\/strong><\/p>\n<p>Konutlar\u0131n ilk teslimat\u0131n\u0131n deprem b\u00f6lgesinde bu y\u0131l, di\u011fer \u015fehirlerde ise Mart 2027&#8217;de yap\u0131lmas\u0131 planlan\u0131yor.<\/p>\n<p>Kampanya kapsam\u0131nda konutlar, y\u00fczde 10 pe\u015finat ve 240 aya varan vade imkanlar\u0131yla sat\u0131\u015fa sunulacak.<\/p>\n<p>Projede yer alan konutlar\u0131n 200 bini 80 metrekarelik 2+1, 150 bini 65 metrekarelik 2+1, 150 bini ise 55 metrekarelik 1+1 dairelerden olu\u015facak.<\/p>\n<p><strong>SONU\u00c7LAR E-DEVLET \u00dcZER\u0130NDEN SORGULANAB\u0130LECEK<\/strong><\/p>\n<p>Kura \u00e7ekiminin tamamlanmas\u0131n\u0131n ard\u0131ndan kesinle\u015fen isim listeleri, noter onay\u0131ndan ge\u00e7erek ak\u015fam saatlerinde e-Devlet Kap\u0131s\u0131 \u00fczerinden eri\u015fime a\u00e7\u0131lacak.<\/p>\n<p>Hak sahipleri, kura sonucuna g\u00f6re bir sonraki a\u015famada s\u00f6zle\u015fme imzalama ve \u00f6deme s\u00fcre\u00e7leri hakk\u0131nda bilgilendirilecek.<\/p>\n<p><img decoding=\"async\" src=\"https:\/\/bihavadis.com\/wp-content\/uploads\/2026\/03\/ankarada-yuzyilin-konut-projesi-icin-kura-heyecani-basliyor-1-tLuabqec.jpg\"\/> <\/p>\n<div> <span><strong>Kaynak:<\/strong> Ensonhaber Haber Merkezi<\/span> <\/div>\n","protected":false},"excerpt":{"rendered":"<p>\u00c7evre, \u015eehircilik ve \u0130klim De\u011fi\u015fikli\u011fi Bakanl\u0131\u011f\u0131 ile TOK\u0130 koordinesinde y\u00fcr\u00fct\u00fclen &#8216;Y\u00fczy\u0131l\u0131n Sosyal Konut Projesi&#8217; h\u0131z kesmeden devam ediyor. Cumhuriyet tarihinin en b\u00fcy\u00fck sosyal konut hamlesi olarak nitelendirilen 500 bin konutluk projede kura \u00e7ekimi &#8230;<\/p>\n","protected":false},"author":1,"featured_media":73181,"comment_status":"open","ping_status":"open","sticky":false,"template":"","format":"standard","meta":{"footnotes":""},"categories":[9,13],"tags":[377,1693,818,1880,237],"class_list":["post-73180","post","type-post","status-publish","format-standard","has-post-thumbnail","hentry","category-genel","category-son-dakika","tag-ankara","tag-hak","tag-konut","tag-kura","tag-proje"],"_links":{"self":[{"href":"https:\/\/bihavadis.com\/index.php\/wp-json\/wp\/v2\/posts\/73180","targetHints":{"allow":["GET"]}}],"collection":[{"href":"https:\/\/bihavadis.com\/index.php\/wp-json\/wp\/v2\/posts"}],"about":[{"href":"https:\/\/bihavadis.com\/index.php\/wp-json\/wp\/v2\/types\/post"}],"author":[{"embeddable":true,"href":"https:\/\/bihavadis.com\/index.php\/wp-json\/wp\/v2\/users\/1"}],"replies":[{"embeddable":true,"href":"https:\/\/bihavadis.com\/index.php\/wp-json\/wp\/v2\/comments?post=73180"}],"version-history":[{"count":1,"href":"https:\/\/bihavadis.com\/index.php\/wp-json\/wp\/v2\/posts\/73180\/revisions"}],"predecessor-version":[{"id":73184,"href":"https:\/\/bihavadis.com\/index.php\/wp-json\/wp\/v2\/posts\/73180\/revisions\/73184"}],"wp:featuredmedia":[{"embeddable":true,"href":"https:\/\/bihavadis.com\/index.php\/wp-json\/wp\/v2\/media\/73181"}],"wp:attachment":[{"href":"https:\/\/bihavadis.com\/index.php\/wp-json\/wp\/v2\/media?parent=73180"}],"wp:term":[{"taxonomy":"category","embeddable":true,"href":"https:\/\/bihavadis.com\/index.php\/wp-json\/wp\/v2\/categories?post=73180"},{"taxonomy":"post_tag","embeddable":true,"href":"https:\/\/bihavadis.com\/index.php\/wp-json\/wp\/v2\/tags?post=73180"}],"curies":[{"name":"wp","href":"https:\/\/api.w.org\/{rel}","templated":true}]}}