{"id":73211,"date":"2026-03-28T18:33:07","date_gmt":"2026-03-28T18:33:07","guid":{"rendered":"https:\/\/bihavadis.com\/?p=73211"},"modified":"2026-03-28T18:33:07","modified_gmt":"2026-03-28T18:33:07","slug":"ilkay-gundogandan-yogun-mac-takvimi-elestirisi","status":"publish","type":"post","link":"https:\/\/bihavadis.com\/index.php\/2026\/03\/28\/ilkay-gundogandan-yogun-mac-takvimi-elestirisi\/","title":{"rendered":"\u0130lkay G\u00fcndo\u011fan\u2019dan yo\u011fun ma\u00e7 takvimi ele\u015ftirisi"},"content":{"rendered":"<p>Galatasaray&#8217;\u0131n deneyimli orta saha oyuncusu \u0130lkay G\u00fcndo\u011fan, Linkedin&#8217;de bir yaz\u0131 kaleme ald\u0131.<\/p>\n<p>\u0130lkay G\u00fcndo\u011fan, \u015eampiyonlar Ligi&#8217;ndeki yeni format\u0131 de\u011ferlendirdi.<\/p>\n<p>35 ya\u015f\u0131ndaki deneyimli futbolcu, \u015eampiyonlar Ligi&#8217;nin yeni format\u0131n\u0131n eski formata g\u00f6re daha heyecanl\u0131 oldu\u011funu itiraf etti.<\/p>\n<p><strong>&#8220;DER\u0130N END\u0130\u015eELER\u0130M VAR&#8221;<\/strong><\/p>\n<p>\u0130lkay G\u00fcndo\u011fan, ma\u00e7 takvimi konusunda ise yeni formata ele\u015ftiride bulundu.<\/p>\n<p>G\u00fcndo\u011fan, yo\u011fun ma\u00e7 takvimi konusunda <b><em>&#8220;Derin endi\u015felerim var.&#8221;<\/em><\/b> ifadelerini kulland\u0131.<\/p>\n<p>\u0130lkay G\u00fcndo\u011fan&#8217;\u0131n payla\u015ft\u0131\u011f\u0131 yaz\u0131 \u015fu \u015fekilde:<\/p>\n<p>&#8220;\u00d6ncelikle, \u015eampiyonlar Ligi&#8217;nde son 16&#8217;ya kalm\u0131\u015f olmaktan hala mutluyum. Bu sezon birlikte ne kadar \u00e7ok ini\u015f \u00e7\u0131k\u0131\u015f ya\u015fad\u0131\u011f\u0131m\u0131z\u0131 d\u00fc\u015f\u00fcn\u00fcnce inan\u0131lmaz! Bu yeni formatta Galatasaray&#8217;\u0131 temsil etmek ve Avrupa&#8217;n\u0131n en \u00fcst d\u00fczeyinde m\u00fccadele etmek beni gururland\u0131r\u0131yor. Yeni format \u00e7\u0131kt\u0131\u011f\u0131nda ele\u015ftirmi\u015ftim ancak 1.5 sezonun ard\u0131ndan \u015funu itiraf etmeliyim: Bu format, \u015eampiyonlar Ligi&#8217;ni taraftarlar i\u00e7in \u00e7ok daha heyecanl\u0131 hale getiriyor. Ayr\u0131ca, Galatasaray&#8217;\u0131n oynamad\u0131\u011f\u0131 g\u00fcnlerdeki ma\u00e7lar\u0131 izlemek de benim i\u00e7in ger\u00e7ekten \u00e7ok e\u011flenceli. Eski formatta, 6 ma\u00e7\u0131n sadece 4&#8217;\u00fc oynand\u0131ktan sonra neredeyse t\u00fcm gruplar belirlenmi\u015f oluyordu. G\u00fcn\u00fcm\u00fczde ise, t\u00fcm \u00fcst d\u00fczey tak\u0131mlar son ma\u00e7 g\u00fcn\u00fcne kadar m\u00fccadele ediyor \u00e7\u00fcnk\u00fc herkes bir sonraki turlar i\u00e7in en iyi pozisyonu elde etmek istiyor. Futbol a\u00e7\u0131s\u0131ndan, bu durum rekabeti artt\u0131rd\u0131.<\/p>\n<p><img decoding=\"async\" src=\"https:\/\/bihavadis.com\/wp-content\/uploads\/2026\/03\/ilkay-gundogandan-yogun-mac-takvimi-elestirisi-0-ts7A4MHY.jpg\"\/><\/p>\n<p><strong>&#8220;MADALYONUN D\u0130\u011eER Y\u00dcZ\u00dc&#8221;<\/strong><\/p>\n<p>Ancak: Her madalyonun iki y\u00fcz\u00fc vard\u0131r. Bir\u00e7ok ki\u015fi sporun cazibesini kutlarken, futbol &#8220;i\u015fini&#8221; i\u00e7eriden bilen biri olarak, i\u015f y\u00fck\u00fc konusunda derin endi\u015felerim var. Takvim inan\u0131lmaz derecede yo\u011fun. Yeni \u015eampiyonlar Ligi format\u0131, geni\u015fletilmi\u015f D\u00fcnya Kupas\u0131 ve Kul\u00fcpler D\u00fcnya Kupas\u0131 ve uluslararas\u0131 ma\u00e7lar aras\u0131nda ince bir buzun \u00fczerinde y\u00fcr\u00fcyoruz. D\u00fcr\u00fcst olmak gerekirse: Bug\u00fcn 17 veya 18 ya\u015f\u0131nda olmad\u0131\u011f\u0131m i\u00e7in mutluyum. Bug\u00fcn\u00fcn gen\u00e7 yeteneklerinin kariyerlerini belki de binden fazla ma\u00e7la sonland\u0131rabileceklerini d\u00fc\u015f\u00fcnd\u00fc\u011f\u00fcmde&#8230; Bu delilik. Oyuncular i\u00e7in uzun vadeli fiziksel ve zihinsel sonu\u00e7lar\u0131 hen\u00fcz bilmiyoruz.&#8221;<\/p>\n<p><img decoding=\"async\" src=\"https:\/\/bihavadis.com\/wp-content\/uploads\/2026\/03\/ilkay-gundogandan-yogun-mac-takvimi-elestirisi-1-r7skYk5K.jpg\"\/> <\/p>\n<div> <span><strong>Kaynak:<\/strong> Ensonhaber Haber Merkezi<\/span> <\/div>\n","protected":false},"excerpt":{"rendered":"<p>Galatasaray&#8217;\u0131n deneyimli orta saha oyuncusu \u0130lkay G\u00fcndo\u011fan, Linkedin&#8217;de bir yaz\u0131 kaleme ald\u0131. \u0130lkay G\u00fcndo\u011fan, \u015eampiyonlar Ligi&#8217;ndeki yeni format\u0131 de\u011ferlendirdi. 35 ya\u015f\u0131ndaki deneyimli futbolcu, \u015eampiyonlar Ligi&#8217;nin yeni format\u0131n\u0131n eski formata g\u00f6re &#8230;<\/p>\n","protected":false},"author":1,"featured_media":73212,"comment_status":"open","ping_status":"open","sticky":false,"template":"","format":"standard","meta":{"footnotes":""},"categories":[14],"tags":[364,1277,7994],"class_list":["post-73211","post","type-post","status-publish","format-standard","has-post-thumbnail","hentry","category-spor","tag-mac","tag-sampiyonlar-ligi","tag-yeni-format"],"_links":{"self":[{"href":"https:\/\/bihavadis.com\/index.php\/wp-json\/wp\/v2\/posts\/73211","targetHints":{"allow":["GET"]}}],"collection":[{"href":"https:\/\/bihavadis.com\/index.php\/wp-json\/wp\/v2\/posts"}],"about":[{"href":"https:\/\/bihavadis.com\/index.php\/wp-json\/wp\/v2\/types\/post"}],"author":[{"embeddable":true,"href":"https:\/\/bihavadis.com\/index.php\/wp-json\/wp\/v2\/users\/1"}],"replies":[{"embeddable":true,"href":"https:\/\/bihavadis.com\/index.php\/wp-json\/wp\/v2\/comments?post=73211"}],"version-history":[{"count":1,"href":"https:\/\/bihavadis.com\/index.php\/wp-json\/wp\/v2\/posts\/73211\/revisions"}],"predecessor-version":[{"id":73215,"href":"https:\/\/bihavadis.com\/index.php\/wp-json\/wp\/v2\/posts\/73211\/revisions\/73215"}],"wp:featuredmedia":[{"embeddable":true,"href":"https:\/\/bihavadis.com\/index.php\/wp-json\/wp\/v2\/media\/73212"}],"wp:attachment":[{"href":"https:\/\/bihavadis.com\/index.php\/wp-json\/wp\/v2\/media?parent=73211"}],"wp:term":[{"taxonomy":"category","embeddable":true,"href":"https:\/\/bihavadis.com\/index.php\/wp-json\/wp\/v2\/categories?post=73211"},{"taxonomy":"post_tag","embeddable":true,"href":"https:\/\/bihavadis.com\/index.php\/wp-json\/wp\/v2\/tags?post=73211"}],"curies":[{"name":"wp","href":"https:\/\/api.w.org\/{rel}","templated":true}]}}