{"id":73250,"date":"2026-03-28T19:06:07","date_gmt":"2026-03-28T19:06:07","guid":{"rendered":"https:\/\/bihavadis.com\/?p=73250"},"modified":"2026-03-28T19:06:07","modified_gmt":"2026-03-28T19:06:07","slug":"besiktas-baskani-serdal-adalidan-transfer-mujdesi","status":"publish","type":"post","link":"https:\/\/bihavadis.com\/index.php\/2026\/03\/28\/besiktas-baskani-serdal-adalidan-transfer-mujdesi\/","title":{"rendered":"Be\u015fikta\u015f Ba\u015fkan\u0131 Serdal Adal\u0131&#8217;dan transfer m\u00fcjdesi"},"content":{"rendered":"<p>Be\u015fikta\u015f Ba\u015fkan\u0131 Serdal Adal\u0131, medya, sinema ve sanat d\u00fcnyas\u0131na iftar verdi.<\/p>\n<p>Statta yap\u0131lan iftara siyah-beyazl\u0131 renklere g\u00f6n\u00fcl veren \u00fcnl\u00fcler kat\u0131ld\u0131.<\/p>\n<p>Ba\u015fkan Adal\u0131, yemekte dikkat \u00e7eken a\u00e7\u0131klamalarda bulundu.<\/p>\n<p>Siyah-beyazl\u0131 kul\u00fcb\u00fcn ocak ay\u0131nda kadrosunu 7 oyuncuyla g\u00fc\u00e7lendirdi\u011fini hat\u0131rlatan Adal\u0131, teknik heyetin taleplerinin eksiksiz kar\u015f\u0131land\u0131\u011f\u0131n\u0131 vurgulad\u0131.<\/p>\n<p><strong>&#8220;SERGEN HOCA K\u0130M\u0130 \u0130STED\u0130YSE ALDIK&#8221;<\/strong><\/p>\n<p>Ba\u015fkan Adal\u0131, <b><em>&#8220;Sergen Yal\u00e7\u0131n kimi istediyse ald\u0131k. Art\u0131k mazeret kalmad\u0131. Top teknik ekipte&#8221;<\/em><\/b> ifadelerini kulland\u0131.<\/p>\n<p>Derbi ma\u00e7\u0131n\u0131n ard\u0131ndan soyunma odas\u0131nda ya\u015fananlar\u0131 da aktaran Adal\u0131, <b><em>&#8220;Tak\u0131m\u0131n morali d\u00fc\u015f\u00fckt\u00fc, benden bir tepki bekliyorlard\u0131. \u2018Bu tak\u0131m bu ligde bir daha yenilmeyecek\u2019 dedim. Nitekim \u00f6yle oldu. Hoca da \u015fimdi \u2018Ba\u015fkan, o laf\u0131 ettiniz, ger\u00e7ekten yenilmedik\u2019 diye hat\u0131rlat\u0131yor.&#8221;<\/em><\/b> \u015feklinde konu\u015ftu.<\/p>\n<p><img decoding=\"async\" src=\"https:\/\/bihavadis.com\/wp-content\/uploads\/2026\/03\/besiktas-baskani-serdal-adalidan-transfer-mujdesi-0-TyOfZmht.jpg\"\/><\/p>\n<p><strong>&#8220;DERB\u0130LER\u0130 KAZANIP L\u0130G\u0130N Z\u0130RVES\u0130N\u0130 BEL\u0130RLEYECE\u011e\u0130Z&#8221;<\/strong><\/p>\n<p>Be\u015fikta\u015f\u2019\u0131n b\u00fcy\u00fck ma\u00e7lardaki performans\u0131na da de\u011finen Adal\u0131, yap\u0131lan takviyelerin tak\u0131ma uyum sa\u011flad\u0131\u011f\u0131n\u0131 belirterek, <b><em>&#8220;Yeni gelen oyuncular Be\u015fikta\u015f ruhunu sahaya yans\u0131t\u0131yor. Derbileri kazanarak ligin zirvesini belirleyece\u011fiz. Be\u015fikta\u015f bitti denmeden hi\u00e7bir \u015fey bitmez&#8221;<\/em><\/b> dedi.<\/p>\n<p><strong>&#8220;YAZ D\u00d6NEM\u0130NDE K\u0130MLER\u0130 ALACA\u011eIMIZI HERKES G\u00d6RECEK&#8221;<\/strong><\/p>\n<p>Ara transferin zorluklar\u0131na dikkat \u00e7eken Adal\u0131, taraftar\u0131n beklentisini de anlay\u0131\u015fla kar\u015f\u0131lad\u0131\u011f\u0131n\u0131 s\u00f6yledi.<\/p>\n<p>Yaz transfer d\u00f6nemi i\u00e7in ise net bir mesaj verdi:<\/p>\n<p>Ara d\u00f6nemde transfer \u00f6yle kolay de\u011fil. \u0130stedi\u011fimizi almak i\u00e7in u\u011fra\u015ft\u0131k. Bu y\u00fczden uzad\u0131. Taraftar kendi a\u00e7\u0131s\u0131ndan hakl\u0131. Bir an \u00f6nce y\u0131ld\u0131zlar\u0131 g\u00f6rmek istiyor. Oh imza g\u00fcn\u00fc yapt\u0131k. 5 bin ki\u015fi geldi. Oh ile Agbadou\u2019yu ayn\u0131 u\u00e7akla getirmek istedim. Son anda Oh i\u00e7in p\u00fcr\u00fcz \u00e7\u0131kt\u0131. Olmad\u0131. Bize transferde laf edenler, ge\u00e7mi\u015fte kimleri alm\u0131\u015f\u0131m, ona baks\u0131nlar. Yaz d\u00f6nemi kimleri alaca\u011f\u0131m\u0131z\u0131 da herkes g\u00f6recek. As\u0131l y\u0131ld\u0131z ya\u011fmuru o d\u00f6nem.<\/p>\n<p><img decoding=\"async\" src=\"https:\/\/bihavadis.com\/wp-content\/uploads\/2026\/03\/besiktas-baskani-serdal-adalidan-transfer-mujdesi-1-nEjOeKng.jpg\"\/> <\/p>\n<div> <span><strong>Kaynak:<\/strong> Ensonhaber Haber Merkezi<\/span> <\/div>\n","protected":false},"excerpt":{"rendered":"<p>Be\u015fikta\u015f Ba\u015fkan\u0131 Serdal Adal\u0131, medya, sinema ve sanat d\u00fcnyas\u0131na iftar verdi. Statta yap\u0131lan iftara siyah-beyazl\u0131 renklere g\u00f6n\u00fcl veren \u00fcnl\u00fcler kat\u0131ld\u0131. Ba\u015fkan Adal\u0131, yemekte dikkat \u00e7eken a\u00e7\u0131klamalarda bulundu. Siyah-beyazl\u0131 kul\u00fcb\u00fcn ocak ay\u0131nda &#8230;<\/p>\n","protected":false},"author":1,"featured_media":73251,"comment_status":"open","ping_status":"open","sticky":false,"template":"","format":"standard","meta":{"footnotes":""},"categories":[14],"tags":[1727],"class_list":["post-73250","post","type-post","status-publish","format-standard","has-post-thumbnail","hentry","category-spor","tag-adali"],"_links":{"self":[{"href":"https:\/\/bihavadis.com\/index.php\/wp-json\/wp\/v2\/posts\/73250","targetHints":{"allow":["GET"]}}],"collection":[{"href":"https:\/\/bihavadis.com\/index.php\/wp-json\/wp\/v2\/posts"}],"about":[{"href":"https:\/\/bihavadis.com\/index.php\/wp-json\/wp\/v2\/types\/post"}],"author":[{"embeddable":true,"href":"https:\/\/bihavadis.com\/index.php\/wp-json\/wp\/v2\/users\/1"}],"replies":[{"embeddable":true,"href":"https:\/\/bihavadis.com\/index.php\/wp-json\/wp\/v2\/comments?post=73250"}],"version-history":[{"count":1,"href":"https:\/\/bihavadis.com\/index.php\/wp-json\/wp\/v2\/posts\/73250\/revisions"}],"predecessor-version":[{"id":73254,"href":"https:\/\/bihavadis.com\/index.php\/wp-json\/wp\/v2\/posts\/73250\/revisions\/73254"}],"wp:featuredmedia":[{"embeddable":true,"href":"https:\/\/bihavadis.com\/index.php\/wp-json\/wp\/v2\/media\/73251"}],"wp:attachment":[{"href":"https:\/\/bihavadis.com\/index.php\/wp-json\/wp\/v2\/media?parent=73250"}],"wp:term":[{"taxonomy":"category","embeddable":true,"href":"https:\/\/bihavadis.com\/index.php\/wp-json\/wp\/v2\/categories?post=73250"},{"taxonomy":"post_tag","embeddable":true,"href":"https:\/\/bihavadis.com\/index.php\/wp-json\/wp\/v2\/tags?post=73250"}],"curies":[{"name":"wp","href":"https:\/\/api.w.org\/{rel}","templated":true}]}}