{"id":73280,"date":"2026-03-28T19:27:06","date_gmt":"2026-03-28T19:27:06","guid":{"rendered":"https:\/\/bihavadis.com\/?p=73280"},"modified":"2026-03-28T19:27:06","modified_gmt":"2026-03-28T19:27:06","slug":"buyukgumus-hedefimiz-hizmette-yarismak","status":"publish","type":"post","link":"https:\/\/bihavadis.com\/index.php\/2026\/03\/28\/buyukgumus-hedefimiz-hizmette-yarismak\/","title":{"rendered":"B\u00fcy\u00fckg\u00fcm\u00fc\u015f: Hedefimiz Hizmette Yar\u0131\u015fmak"},"content":{"rendered":"<p> AK Parti Genel Ba\u015fkan Yard\u0131mc\u0131s\u0131 ve Te\u015fkilat Ba\u015fkan\u0131 Ahmet B\u00fcy\u00fckg\u00fcm\u00fc\u015f, &#8220;AK Parti te\u015fkilatlar\u0131 olarak gerekli t\u00fcm \u00e7al\u0131\u015fmalar\u0131 ger\u00e7ekle\u015ftirip, milletimizin g\u00f6nl\u00fcndeki yerimizi kuvvetlendirip b\u00fcy\u00fctmek i\u00e7in \u00e7al\u0131\u015fmalar\u0131m\u0131z\u0131 gece g\u00fcnd\u00fcz s\u00fcrd\u00fcrece\u011fiz. \u0130n\u015fallah \u015fehirlerlerimizin bu eksikliklerini de Ak kadrolar\u0131 g\u00f6reve getirerek a\u015fmaya gayret edece\u011fiz.&#8221; dedi.<\/p>\n<p>B\u00fcy\u00fckg\u00fcm\u00fc\u015f, AK Parti Mu\u011fla \u0130l Ba\u015fkanl\u0131\u011f\u0131&#8217;nda yapt\u0131\u011f\u0131 konu\u015fmada, b\u00f6lge strateji toplant\u0131lar\u0131n\u0131n \u00fc\u00e7\u00fcnc\u00fcs\u00fcn\u00fc de Mu\u011fla&#8217;da ger\u00e7ekle\u015ftirdiklerini s\u00f6yledi.<\/p>\n<p>Bu kapsamda kentte partililerle bir araya geldiklerini belirten B\u00fcy\u00fckg\u00fcm\u00fc\u015f, k\u00fcresel markalar haline gelmesini bekledikleri \u0130stanbul ve Ankara ba\u015fta olmak \u00fczere bir \u00e7ok b\u00fcy\u00fck\u015fehirde, milletten ald\u0131\u011f\u0131 sorumlulu\u011fu yerine getiremeyen belediye y\u00f6netimleri ile kar\u015f\u0131 kar\u015f\u0131ya kald\u0131klar\u0131n\u0131 kaydetti.<\/p>\n<p>Bunu \u00fcz\u00fclerek takip ettiklerini dile getiren B\u00fcy\u00fckg\u00fcm\u00fc\u015f,&#8221;Bizim siyaset anlay\u0131\u015f\u0131m\u0131z, bizim siyaset yapma bi\u00e7imimiz hizmette yar\u0131\u015fmak, milletimizle daha kapsaml\u0131 eserleri bulu\u015fturmak y\u00f6n\u00fcnde. Bug\u00fcn geldi\u011fimiz noktada maalesef \u00f6zellikle \u015fehirlerimizin altyap\u0131s\u0131n\u0131 g\u00fc\u00e7lendirecek kaynaklar, imkanlar, \u00fcz\u00fclerek g\u00f6r\u00fcyoruz ki konserlere, reklamlara ve alg\u0131 \u00e7al\u0131\u015fmalar\u0131na harcan\u0131yor. &#8221; diye konu\u015ftu.<\/p>\n<p>-&#8220;Deprem b\u00f6lgesinde aln\u0131m\u0131z ak bir \u015fekilde milletimizin huzurunday\u0131z&#8221;<\/p>\n<p>B\u00fcy\u00fckg\u00fcm\u00fc\u015f, te\u015fkilatlarla yapacaklar\u0131 g\u00fc\u00e7l\u00fc \u00e7al\u0131\u015fmalarla AK Parti ve Mu\u011fla&#8217;y\u0131 \u00e7ok daha geni\u015f kapsaml\u0131 bulu\u015fturacaklar\u0131n\u0131 anlatt\u0131.<\/p>\n<p>Ge\u00e7ti\u011fimiz g\u00fcnlerde Cumhurba\u015fkan\u0131 Recep Tayyip Erdo\u011fan ile Hatay&#8217;da olduklar\u0131n\u0131 hat\u0131rlatan B\u00fcy\u00fckg\u00fcm\u00fc\u015f, &#8220;Hatay&#8217;da 455 bininci konutun anahtar teslim t\u00f6renine kat\u0131ld\u0131k. Biz g\u00f6r\u00fcyoruz ki Allah&#8217;a \u00e7ok \u015f\u00fck\u00fcr AK Parti ve Cumhur \u0130ttifak\u0131 olarak Recep Tayyip Erdo\u011fan liderli\u011finde y\u00fcr\u00fctt\u00fc\u011f\u00fcm\u00fcz siyasi \u00e7al\u0131\u015fmalar\u0131n has\u0131las\u0131 olarak aln\u0131m\u0131z ak bir \u015fekilde \u00f6zellikle deprem b\u00f6lgesinde milletimizin huzurunday\u0131z. Burada sadece konutlar de\u011fil, okullar, yollar, altyap\u0131 \u00e7al\u0131\u015fmalar\u0131, barajlar yap\u0131ld\u0131. \u00c7ok kapsaml\u0131 bir hizmet ve eser siyasetini deprem b\u00f6lgesinde Allah&#8217;a \u00e7ok \u015f\u00fck\u00fcr hayata ge\u00e7irdik.&#8221; diye konu\u015ftu.<\/p>\n<p>-&#8220;Art\u0131k depremin yaralar\u0131n\u0131n sar\u0131ld\u0131\u011f\u0131 bir d\u00f6nemi ya\u015f\u0131yoruz&#8221;<\/p>\n<p>6 \u015eubat depremlerinin \u00fc\u00e7\u00fcnc\u00fc y\u0131ld\u00f6n\u00fcm\u00fcnde ise Osmaniye&#8217;de olduklar\u0131n\u0131 belirten B\u00fcy\u00fckg\u00fcm\u00fc\u015f, \u015f\u00f6yle konu\u015ftu: <\/p>\n<p>&#8220;Orada milletimiz liderimizi adeta ba\u011fr\u0131na bast\u0131. \u00c7ok b\u00fcy\u00fck bir kalabal\u0131k, heyecanla ve co\u015fkuyla liderimizin yan\u0131nda yerald\u0131. Art\u0131k depremin yaralar\u0131n\u0131n sar\u0131ld\u0131\u011f\u0131, \u015fehirlerimizin yeni bir kalk\u0131nma d\u00f6nemine ilk ad\u0131mlar\u0131n\u0131 att\u0131\u011f\u0131 zaman dilimlerini ya\u015f\u0131yoruz. Ge\u00e7ti\u011fimiz g\u00fcnlerde \u00d6zg\u00fcr \u00d6zel&#8217;in bir a\u00e7\u0131klamas\u0131 oldu. Diyor ki bu a\u00e7\u0131klamas\u0131nda, &#8216;biz art\u0131k AK Partili, MHP&#8217;li t\u00fcm siyasileri \u015fehirlerdeki hizmetlerimizin hayata ge\u00e7irildi\u011fi programlara davet edece\u011fiz&#8217;. \u0130lk bak\u0131\u015fta bunu g\u00fczel bir s\u00f6z olarak de\u011ferlendirebilirsiniz. Cumhuriyet Halk Partili belediyeler hizmet \u00fcretmiyor. Milletimize eser kazand\u0131rm\u0131yor. Biz burada rekabet etmeyi \u00e7ok isteriz. Ama geldi\u011fimiz noktada kocaman bir hi\u00e7lik tablosu ile kar\u015f\u0131 kar\u015f\u0131yay\u0131z.&#8221;<\/p>\n<p>\u00d6zel&#8217;in siyasetsizlik meselesini, millete hizmet \u00fcretmekteki a\u00e7\u0131\u011f\u0131 yalanlarla, iftiralarla kapatmaya d\u00f6n\u00fck bir yakla\u015f\u0131m\u0131n i\u00e7erisinde oldu\u011funu kaydeden B\u00fcy\u00fckg\u00fcm\u00fc\u015f, &#8220;AK Parti te\u015fkilatlar\u0131 olarak gerekli t\u00fcm \u00e7al\u0131\u015fmalar\u0131 ger\u00e7ekle\u015ftirip, milletimizin g\u00f6nl\u00fcndeki yerimizi kuvvetlendirip b\u00fcy\u00fctmek i\u00e7in \u00e7al\u0131\u015fmalar\u0131m\u0131z\u0131 gece g\u00fcnd\u00fcz s\u00fcrd\u00fcrece\u011fiz. \u0130n\u015fallah \u015fehirlerlerimizin bu eksikliklerini de Ak kadrolar\u0131 g\u00f6reve getirerek a\u015fmaya gayret edece\u011fiz.&#8221; \u015feklinde konu\u015ftu.<\/p>\n<p>AK Parti kadrolar\u0131n\u0131n pazar g\u00fcn\u00fc se\u00e7im olabilecek gibi haz\u0131rl\u0131kl\u0131 ve donan\u0131ml\u0131 \u015fekilde \u00e7al\u0131\u015fmay\u0131 ilke edinen bir te\u015fkilat oldu\u011funu vurgulayan B\u00fcy\u00fckg\u00fcm\u00fc\u015f, bu nedenle te\u015fkilatlar ile s\u00fcrekli birlikte olduklar\u0131n\u0131 dile getirdi.<\/p>\n<p>B\u00fcy\u00fckg\u00fcm\u00fc\u015f, T\u00fcrkiye&#8217;nin tamam\u0131na hitap edecek \u00e7al\u0131\u015fmalar yapt\u0131klar\u0131n\u0131 ifade etti.<\/p>\n<p>Programa, AK Parti Mu\u011fla milletvekilleri Kadem Mete ve Yakup Otg\u00f6z, AK Parti Mu\u011fla \u0130l Ba\u015fkan\u0131 Cengizhan G\u00fcng\u00f6r ile partililer kat\u0131ld\u0131.<\/p>\n","protected":false},"excerpt":{"rendered":"<p>AK Parti Genel Ba\u015fkan Yard\u0131mc\u0131s\u0131 ve Te\u015fkilat Ba\u015fkan\u0131 Ahmet B\u00fcy\u00fckg\u00fcm\u00fc\u015f, &#8220;AK Parti te\u015fkilatlar\u0131 olarak gerekli t\u00fcm \u00e7al\u0131\u015fmalar\u0131 ger\u00e7ekle\u015ftirip, milletimizin g\u00f6nl\u00fcndeki yerimizi kuvvetlendirip b\u00fcy\u00fctmek i\u00e7in \u00e7al\u0131\u015fmalar\u0131m\u0131z\u0131 gece g\u00fcnd\u00fcz s\u00fcrd\u00fcrece\u011fiz.<\/p>\n","protected":false},"author":1,"featured_media":73281,"comment_status":"open","ping_status":"open","sticky":false,"template":"","format":"standard","meta":{"footnotes":""},"categories":[12],"tags":[1389,60,315,537,2054],"class_list":["post-73280","post","type-post","status-publish","format-standard","has-post-thumbnail","hentry","category-siyaset","tag-ak-parti","tag-deprem","tag-hizmet","tag-milletimiz","tag-teskilat"],"_links":{"self":[{"href":"https:\/\/bihavadis.com\/index.php\/wp-json\/wp\/v2\/posts\/73280","targetHints":{"allow":["GET"]}}],"collection":[{"href":"https:\/\/bihavadis.com\/index.php\/wp-json\/wp\/v2\/posts"}],"about":[{"href":"https:\/\/bihavadis.com\/index.php\/wp-json\/wp\/v2\/types\/post"}],"author":[{"embeddable":true,"href":"https:\/\/bihavadis.com\/index.php\/wp-json\/wp\/v2\/users\/1"}],"replies":[{"embeddable":true,"href":"https:\/\/bihavadis.com\/index.php\/wp-json\/wp\/v2\/comments?post=73280"}],"version-history":[{"count":1,"href":"https:\/\/bihavadis.com\/index.php\/wp-json\/wp\/v2\/posts\/73280\/revisions"}],"predecessor-version":[{"id":73282,"href":"https:\/\/bihavadis.com\/index.php\/wp-json\/wp\/v2\/posts\/73280\/revisions\/73282"}],"wp:featuredmedia":[{"embeddable":true,"href":"https:\/\/bihavadis.com\/index.php\/wp-json\/wp\/v2\/media\/73281"}],"wp:attachment":[{"href":"https:\/\/bihavadis.com\/index.php\/wp-json\/wp\/v2\/media?parent=73280"}],"wp:term":[{"taxonomy":"category","embeddable":true,"href":"https:\/\/bihavadis.com\/index.php\/wp-json\/wp\/v2\/categories?post=73280"},{"taxonomy":"post_tag","embeddable":true,"href":"https:\/\/bihavadis.com\/index.php\/wp-json\/wp\/v2\/tags?post=73280"}],"curies":[{"name":"wp","href":"https:\/\/api.w.org\/{rel}","templated":true}]}}