{"id":73283,"date":"2026-03-28T19:30:08","date_gmt":"2026-03-28T19:30:08","guid":{"rendered":"https:\/\/bihavadis.com\/?p=73283"},"modified":"2026-03-28T19:30:08","modified_gmt":"2026-03-28T19:30:08","slug":"ak-parti-milletvekili-firattan-28-subat-uyarisi-pusuda-bekliyorlar","status":"publish","type":"post","link":"https:\/\/bihavadis.com\/index.php\/2026\/03\/28\/ak-parti-milletvekili-firattan-28-subat-uyarisi-pusuda-bekliyorlar\/","title":{"rendered":"AK Parti Milletvekili F\u0131rat&#8217;tan 28 \u015eubat uyar\u0131s\u0131: Pusuda bekliyorlar"},"content":{"rendered":"<p>T\u00fcrkiye genelinden 28 \u015eubat s\u00fcreci hakk\u0131nda a\u00e7\u0131klamalar gelmeye devam ediyor.<\/p>\n<p>Siyasilerin sessiz kalmad\u0131\u011f\u0131 ve adalet vurgusu yapt\u0131\u011f\u0131 28 \u015eubat darbesinin ard\u0131ndan tam 29 y\u0131l ge\u00e7ti.<\/p>\n<p>A\u00e7\u0131klamalar ard\u0131 ard\u0131na gelirken bu kez de AK Parti Erzurum Milletvekili\u00a0Abdurrahim F\u0131rat, konuya ili\u015fkin a\u00e7\u0131klamalarda bulundu.<\/p>\n<p><strong>28 \u015eUBAT Z\u0130HN\u0130YET\u0130N\u0130N B\u0130TMED\u0130\u011e\u0130N\u0130 BEL\u0130RTT\u0130<\/strong><\/p>\n<p>F\u0131rat, 28 \u015eubat s\u00fcrecinin, &#8220;Laiklik elden gidiyor&#8221; s\u00f6ylemi \u00fczerinden y\u00fcr\u00fct\u00fcld\u00fc\u011f\u00fcn\u00fc belirterek, milletin inanc\u0131na, de\u011ferlerine ve demokrasiye sahip \u00e7\u0131karak AK Parti\u2019yi iktidara ta\u015f\u0131d\u0131\u011f\u0131n\u0131 ve vesayet odaklar\u0131na sand\u0131kta en g\u00fc\u00e7l\u00fc cevab\u0131 verdi\u011fini kaydetti.<\/p>\n<p>Ancak 28 \u015eubat zihniyetinin bitmedi\u011fini, pusuda bekleyen bir vesayet anlay\u0131\u015f\u0131 olarak varl\u0131\u011f\u0131n\u0131 korudu\u011funu dile getiren F\u0131rat, Milli E\u011fitim Bakanl\u0131\u011f\u0131\u2019n\u0131n Ramazan ay\u0131 genelgesini hedef alan \u00e7evrelerin, &#8216;laikli\u011fe ayk\u0131r\u0131l\u0131k&#8217; gerek\u00e7esiyle tahkir edici ifadeler i\u00e7eren bildiriler yay\u0131nlad\u0131\u011f\u0131n\u0131 hat\u0131rlatt\u0131.<\/p>\n<p><strong>&#8220;MUHAFAZAKAR KES\u0130ME Y\u00d6NEL\u0130K CADI AVININ BA\u015eLATILMAK \u0130STENECE\u011e\u0130 A\u00c7IKTIR&#8221;<\/strong><\/p>\n<p>F\u0131rat,\u00a0<em>&#8220;T\u00f6kezledi\u011fimiz anda muhafazakar kesime y\u00f6nelik bask\u0131 ve cad\u0131 av\u0131n\u0131n yeniden ba\u015flat\u0131lmak istenece\u011fi a\u00e7\u0131kt\u0131&#8221; <\/em>ifadelerini kulland\u0131.<\/p>\n<p>AK Parti Erzurum Milletvekili Abdurrahim F\u0131rat\u2019\u0131n &#8220;<em><b>28 \u015eubat zihniyeti bitmedi, pusuda bekliyor&#8221; <\/b><\/em>ba\u015fl\u0131kl\u0131 a\u00e7\u0131klamas\u0131 \u015f\u00f6yle:<\/p>\n<p><strong>&#8220;BA\u015e\u00d6RT\u00dcL\u00dc OKUL B\u0130R\u0130NC\u0130LER\u0130N\u0130N A\u011eIZLARI KAPATILIP K\u00dcRS\u00dcDEN \u0130ND\u0130R\u0130LD\u0130&#8221; <\/strong><\/p>\n<p>28 \u015eubat s\u00fcreci, &#8216;Laiklik elden gidiyor&#8217; yaygaras\u0131 kopar\u0131larak milli iradeye pranga vurulmak istenen karanl\u0131k bir d\u00f6nemdir. <\/p>\n<p>Aziz milletimiz, inanc\u0131na, de\u011ferlerine ve demokrasiye sahip \u00e7\u0131karak AK Parti\u2019yi iktidara ta\u015f\u0131m\u0131\u015f, vesayet odaklar\u0131na en g\u00fc\u00e7l\u00fc cevab\u0131 sand\u0131kta vermi\u015ftir. Ancak geri \u00e7ekilmek zorunda kalan bu odaklar\u0131n tamamen ortadan kalkmad\u0131\u011f\u0131n\u0131, f\u0131rsat kollad\u0131\u011f\u0131n\u0131 asla unutmamal\u0131y\u0131z. <\/p>\n<p>Yani 28 \u015eubat zihniyeti bitmemi\u015ftir, pusuda bekleyen bir vesayet anlay\u0131\u015f\u0131 olarak varl\u0131\u011f\u0131n\u0131 korumaktad\u0131r. T\u00f6kezledi\u011fimiz anda muhafazakar kesime y\u00f6nelik bask\u0131 ve cad\u0131 av\u0131n\u0131n yeniden ba\u015flat\u0131lmak istenece\u011fi a\u00e7\u0131kt\u0131r. <\/p>\n<p>\u00dcniversitelerde kurulan ikna odalar\u0131n\u0131n mimar\u0131 olan bu karanl\u0131k zihniyet, \u015fimdilerde ise Milli E\u011fitim Bakanl\u0131\u011f\u0131\u2019n\u0131n Ramazan ay\u0131 vesilesiyle \u00f6\u011frencilerde dayan\u0131\u015fma ve payla\u015fma duygusunu geli\u015ftirmeye y\u00f6nelik haz\u0131rlad\u0131\u011f\u0131 genelgeyi hedef almakta, laikli\u011fin arkas\u0131na s\u0131\u011f\u0131narak tahkir edici ifadelerle bildiriler yay\u0131nlamaktad\u0131r. <\/p>\n<p>Her ne kadar \u0130slam kar\u015f\u0131tl\u0131\u011f\u0131n\u0131 s\u00fcsl\u00fc c\u00fcmlelerle kamufle etmeye \u00e7al\u0131\u015fsalar da as\u0131l dertlerinin bu milletin inanc\u0131 ve de\u011ferleri oldu\u011fu a\u00e7\u0131k\u00e7a g\u00f6r\u00fclmektedir. Eski\u015fehir Mihalgazi Belediye Ba\u015fkan\u0131m\u0131z Zeynep G\u00fcne\u015f\u2019in giyim tarz\u0131 nedeniyle hedef al\u0131nmas\u0131 tart\u0131\u015fmalar\u0131nda da g\u00f6rd\u00fck ki, r\u00f6van\u015fizm naralar\u0131 atan, &#8217;28 \u015eubat bin y\u0131l s\u00fcrecek&#8217; diyen anlay\u0131\u015f\u0131 temsil eden \u00e7evreler, AK Parti iktidar\u0131n\u0131n sona erece\u011fi varsay\u0131m\u0131yla eski T\u00fcrkiye hayali kurmaktad\u0131r. <\/p>\n<p>Ge\u00e7mi\u015fte ba\u015f\u00f6rt\u00fcl\u00fc okul birincilerinin, a\u011f\u0131zlar\u0131 kapat\u0131l\u0131p &#8216;Senin konu\u015fmaya hakk\u0131n yok&#8217; denilerek k\u00fcrs\u00fcden indirildi\u011fi g\u00fcnleri bu millet unutmad\u0131. O zihniyetin de\u011fi\u015fmedi\u011fi, bug\u00fcn ya\u015fanan hadiseler \u0131\u015f\u0131\u011f\u0131nda bir kez daha g\u00f6r\u00fclmektedir. Bug\u00fcn 29. y\u0131l d\u00f6n\u00fcm\u00fc dolay\u0131s\u0131yla insanl\u0131k d\u0131\u015f\u0131 uygulamalar\u0131n\u0131 an\u0131msatt\u0131\u011f\u0131m\u0131z 28 \u015eubat darbesini lanetliyor, merhum Necmettin Erbakan Hocam\u0131z\u0131 rahmetle an\u0131yorum. Cumhurba\u015fkan\u0131m\u0131z Recep Tayyip Erdo\u011fan liderli\u011findeki AK Parti, aziz milletimizin \u00f6zg\u00fcrl\u00fck alan\u0131n\u0131 geni\u015fletmeye ve demokrasimizi korumaya kararl\u0131l\u0131kla devam edecektir.<\/p>\n<p><img decoding=\"async\" src=\"https:\/\/bihavadis.com\/wp-content\/uploads\/2026\/03\/ak-parti-milletvekili-firattan-28-subat-uyarisi-pusuda-bekliyorlar-0-Lm6nBY4W.jpg\"\/> <\/p>\n<div> <span><strong>Kaynak:<\/strong> \u0130hlas Haber Ajans\u0131 (\u0130HA)<\/span> <\/div>\n","protected":false},"excerpt":{"rendered":"<p>T\u00fcrkiye genelinden 28 \u015eubat s\u00fcreci hakk\u0131nda a\u00e7\u0131klamalar gelmeye devam ediyor. Siyasilerin sessiz kalmad\u0131\u011f\u0131 ve adalet vurgusu yapt\u0131\u011f\u0131 28 \u015eubat darbesinin ard\u0131ndan tam 29 y\u0131l ge\u00e7ti. A\u00e7\u0131klamalar ard\u0131 ard\u0131na gelirken bu kez de AK Parti Erzurum &#8230;<\/p>\n","protected":false},"author":1,"featured_media":73284,"comment_status":"open","ping_status":"open","sticky":false,"template":"","format":"standard","meta":{"footnotes":""},"categories":[9,13],"tags":[7991,1389,2113,7997],"class_list":["post-73283","post","type-post","status-publish","format-standard","has-post-thumbnail","hentry","category-genel","category-son-dakika","tag-28-subat","tag-ak-parti","tag-millet","tag-zihniyeti"],"_links":{"self":[{"href":"https:\/\/bihavadis.com\/index.php\/wp-json\/wp\/v2\/posts\/73283","targetHints":{"allow":["GET"]}}],"collection":[{"href":"https:\/\/bihavadis.com\/index.php\/wp-json\/wp\/v2\/posts"}],"about":[{"href":"https:\/\/bihavadis.com\/index.php\/wp-json\/wp\/v2\/types\/post"}],"author":[{"embeddable":true,"href":"https:\/\/bihavadis.com\/index.php\/wp-json\/wp\/v2\/users\/1"}],"replies":[{"embeddable":true,"href":"https:\/\/bihavadis.com\/index.php\/wp-json\/wp\/v2\/comments?post=73283"}],"version-history":[{"count":1,"href":"https:\/\/bihavadis.com\/index.php\/wp-json\/wp\/v2\/posts\/73283\/revisions"}],"predecessor-version":[{"id":73286,"href":"https:\/\/bihavadis.com\/index.php\/wp-json\/wp\/v2\/posts\/73283\/revisions\/73286"}],"wp:featuredmedia":[{"embeddable":true,"href":"https:\/\/bihavadis.com\/index.php\/wp-json\/wp\/v2\/media\/73284"}],"wp:attachment":[{"href":"https:\/\/bihavadis.com\/index.php\/wp-json\/wp\/v2\/media?parent=73283"}],"wp:term":[{"taxonomy":"category","embeddable":true,"href":"https:\/\/bihavadis.com\/index.php\/wp-json\/wp\/v2\/categories?post=73283"},{"taxonomy":"post_tag","embeddable":true,"href":"https:\/\/bihavadis.com\/index.php\/wp-json\/wp\/v2\/tags?post=73283"}],"curies":[{"name":"wp","href":"https:\/\/api.w.org\/{rel}","templated":true}]}}