{"id":73310,"date":"2026-03-28T19:51:10","date_gmt":"2026-03-28T19:51:10","guid":{"rendered":"https:\/\/bihavadis.com\/?p=73310"},"modified":"2026-03-28T19:51:10","modified_gmt":"2026-03-28T19:51:10","slug":"gazzede-hayir-mutfagi-acildi","status":"publish","type":"post","link":"https:\/\/bihavadis.com\/index.php\/2026\/03\/28\/gazzede-hayir-mutfagi-acildi\/","title":{"rendered":"Gazze&#8217;de Hay\u0131r Mutfa\u011f\u0131 A\u00e7\u0131ld\u0131"},"content":{"rendered":"<p>Mavi Marmara \u00d6zg\u00fcrl\u00fck ve Dayan\u0131\u015fma Derne\u011fi, \u0130srail&#8217;in ate\u015fkese ra\u011fmen sald\u0131r\u0131lar\u0131n\u0131 s\u00fcrd\u00fcrd\u00fc\u011f\u00fc Gazze \u015eeridi&#8217;nde mevcut insani felaketi hafifletmek amac\u0131yla g\u00fcnl\u00fck 10 bin ki\u015filik s\u0131cak yemek kapasitesine sahip bir hay\u0131r mutfa\u011f\u0131 a\u00e7t\u0131.<\/p>\n<p>Gazze kentinin bat\u0131s\u0131ndaki Tel el-Heva Mahallesi&#8217;nde, yerinden edilen Filistinlilerin s\u0131\u011f\u0131nd\u0131\u011f\u0131 &#8220;Barselona Park\u0131&#8221; b\u00f6lgesinde faaliyete ba\u015flayan mutfa\u011f\u0131n a\u00e7\u0131l\u0131\u015f\u0131nda yerel temsilciler ile T\u00fcrk ve Filistin bayraklar\u0131 ta\u015f\u0131yan \u00e7ocuklar haz\u0131r bulundu.<\/p>\n<p>Mavi Marmara \u00d6zg\u00fcrl\u00fck ve Dayan\u0131\u015fma Derne\u011fi Gazze M\u00fcd\u00fcr\u00fc M\u00fcmin Avde, AA muhabirine yapt\u0131\u011f\u0131 a\u00e7\u0131klamada, a\u00e7\u0131lan bu hay\u0131r mutfa\u011f\u0131n\u0131n T\u00fcrkiye&#8217;nin Filistinlilere destek olmak ve sald\u0131r\u0131lar\u0131n etkilerini hafifletmek i\u00e7in resmi ve sivil d\u00fczeyde y\u00fcr\u00fctt\u00fc\u011f\u00fc \u00e7al\u0131\u015fmalar\u0131n bir sonucu oldu\u011funu belirtti.<\/p>\n<p>Mutfa\u011f\u0131n g\u00fcnl\u00fck yakla\u015f\u0131k 10 bin ki\u015filik s\u0131cak yemek \u00fcretim kapasitesine ula\u015ft\u0131\u011f\u0131n\u0131 ifade eden Avde, \u00f6zellikle ramazan ay\u0131nda yerinden edilmi\u015f Filistinlilere s\u0131cak yemek da\u011f\u0131t\u0131m\u0131 ger\u00e7ekle\u015ftirilece\u011fini s\u00f6yledi.<\/p>\n<p>G\u00fcnl\u00fck \u00fcretilen yemeklerin yar\u0131s\u0131n\u0131n Gazze kenti ve kuzey b\u00f6lgelere, di\u011fer yar\u0131s\u0131n\u0131n ise orta ve g\u00fcney b\u00f6lgelere ula\u015ft\u0131r\u0131laca\u011f\u0131n\u0131 kaydeden Avde, derne\u011fin Barselona Park\u0131 Kamp\u0131 ba\u015fta olmak \u00fczere Gazze&#8217;deki bir\u00e7ok kampa destek sa\u011flad\u0131\u011f\u0131n\u0131 aktard\u0131.<\/p>\n<p>Avde ayr\u0131ca derne\u011fin Gazze&#8217;de insani yard\u0131m ile k\u00fclt\u00fcrel ve sosyal alanlarda \u00e7e\u015fitli projeler y\u00fcr\u00fctt\u00fc\u011f\u00fcn\u00fc belirtti.<\/p>\n<p>A\u00e7\u0131l\u0131\u015fa kat\u0131lan Gazze Belediyesi Meclis \u00dcyesi Mustafa Kazaat ise T\u00fcrkiye&#8217;nin Gazze halk\u0131na verdi\u011fi resmi ve sivil destekleri takdir ettiklerini ifade etti.<\/p>\n<p>Kazaat, \u0130srail&#8217;in sald\u0131r\u0131lar\u0131 ve ate\u015fkes ihlalleri s\u00fcrerken T\u00fcrkiye&#8217;nin deste\u011finin b\u00fcy\u00fck \u00f6nem ta\u015f\u0131d\u0131\u011f\u0131n\u0131 vurgulad\u0131.<\/p>\n<p>Yakla\u015f\u0131k 2,4 milyon Filistinlinin ya\u015fad\u0131\u011f\u0131 Gazze \u015eeridi&#8217;nde en az 1,5 milyon ki\u015finin yerinden edildi\u011fi, b\u00f6lgede insani ko\u015fullar\u0131n felaket boyutuna ula\u015ft\u0131\u011f\u0131 belirtiliyor. Ate\u015fkes anla\u015fmas\u0131na ra\u011fmen \u0130srail&#8217;in engelleri nedeniyle Gazze&#8217;ye insani yard\u0131m giri\u015finin yeterli seviyeye ula\u015fmamas\u0131, krizin devam etmesine yol a\u00e7\u0131yor.<\/p>\n","protected":false},"excerpt":{"rendered":"<p>Mavi Marmara Derne\u011fi, Gazze&#8217;de g\u00fcnl\u00fck 10 bin ki\u015filik s\u0131cak yemek \u00fcretecek hay\u0131r mutfa\u011f\u0131 a\u00e7t\u0131.<\/p>\n","protected":false},"author":1,"featured_media":73311,"comment_status":"open","ping_status":"open","sticky":false,"template":"","format":"standard","meta":{"footnotes":""},"categories":[9,4,13],"tags":[414,557],"class_list":["post-73310","post","type-post","status-publish","format-standard","has-post-thumbnail","hentry","category-genel","category-gundem","category-son-dakika","tag-filistin","tag-gazze"],"_links":{"self":[{"href":"https:\/\/bihavadis.com\/index.php\/wp-json\/wp\/v2\/posts\/73310","targetHints":{"allow":["GET"]}}],"collection":[{"href":"https:\/\/bihavadis.com\/index.php\/wp-json\/wp\/v2\/posts"}],"about":[{"href":"https:\/\/bihavadis.com\/index.php\/wp-json\/wp\/v2\/types\/post"}],"author":[{"embeddable":true,"href":"https:\/\/bihavadis.com\/index.php\/wp-json\/wp\/v2\/users\/1"}],"replies":[{"embeddable":true,"href":"https:\/\/bihavadis.com\/index.php\/wp-json\/wp\/v2\/comments?post=73310"}],"version-history":[{"count":1,"href":"https:\/\/bihavadis.com\/index.php\/wp-json\/wp\/v2\/posts\/73310\/revisions"}],"predecessor-version":[{"id":73312,"href":"https:\/\/bihavadis.com\/index.php\/wp-json\/wp\/v2\/posts\/73310\/revisions\/73312"}],"wp:featuredmedia":[{"embeddable":true,"href":"https:\/\/bihavadis.com\/index.php\/wp-json\/wp\/v2\/media\/73311"}],"wp:attachment":[{"href":"https:\/\/bihavadis.com\/index.php\/wp-json\/wp\/v2\/media?parent=73310"}],"wp:term":[{"taxonomy":"category","embeddable":true,"href":"https:\/\/bihavadis.com\/index.php\/wp-json\/wp\/v2\/categories?post=73310"},{"taxonomy":"post_tag","embeddable":true,"href":"https:\/\/bihavadis.com\/index.php\/wp-json\/wp\/v2\/tags?post=73310"}],"curies":[{"name":"wp","href":"https:\/\/api.w.org\/{rel}","templated":true}]}}