{"id":73325,"date":"2026-03-28T20:03:08","date_gmt":"2026-03-28T20:03:08","guid":{"rendered":"https:\/\/bihavadis.com\/?p=73325"},"modified":"2026-03-28T20:03:08","modified_gmt":"2026-03-28T20:03:08","slug":"abd-israilin-ortak-saldirisinda-iranda-bir-ilkokul-vuruldu-24-ogrenci-oldu","status":"publish","type":"post","link":"https:\/\/bihavadis.com\/index.php\/2026\/03\/28\/abd-israilin-ortak-saldirisinda-iranda-bir-ilkokul-vuruldu-24-ogrenci-oldu\/","title":{"rendered":"ABD-\u0130srail&#8217;in ortak sald\u0131r\u0131s\u0131nda \u0130ran&#8217;da bir ilkokul vuruldu: 24 \u00f6\u011frenci \u00f6ld\u00fc"},"content":{"rendered":"<p>ABD-\u0130srail ve \u0130ran hatt\u0131nda ipler gerilirken beklenilen sava\u015f ger\u00e7ekle\u015fti.<\/p>\n<p>\u0130ran&#8217;da sabah saatlerinde \u015fiddetli patlama sesleri duyuldu ve \u0130srail&#8217;den sava\u015f\u0131n fitilini ate\u015fleyen a\u00e7\u0131klama geldi.<\/p>\n<p><strong>TAHRAN&#8217;DA PATLAMA SESLER\u0130<\/strong><\/p>\n<p>Fars Haber Ajans\u0131 da, <em><b>\u201cTahran\u2019\u0131n merkezinde h\u00fck\u00fcmet binalar\u0131n\u0131n bulundu\u011fu b\u00f6lgelere yak\u0131n olan \u00dcniversite Caddesi ve Cumhuriyet b\u00f6lgesine \u00e7ok say\u0131da roket isabet etti.&#8221;<\/b><\/em>\u00a0yaz\u0131s\u0131n\u0131 ge\u00e7ti.\u00a0<\/p>\n<p><strong>B\u0130R\u00c7OK B\u00d6LGE HEDEF ALINDI<\/strong><\/p>\n<p>\u0130ran bas\u0131n\u0131:\u00a0<em><b>&#8220;\u0130srail sald\u0131r\u0131lar\u0131nda ba\u015fkent Tahran\u2019\u0131n yan\u0131s\u0131ra \u0130sfahan, Kum, Kerec ve Kirman\u015fah \u015fehirleri hedef al\u0131nd\u0131<\/b><\/em>.<em><b>&#8220;<\/b><\/em> a\u00e7\u0131klamalar\u0131nda bulundu.<\/p>\n<p>\u0130ran&#8217;da bir\u00e7ok b\u00f6lgeden\u00a0 patlama sesleri y\u00fckselirken bu kez \u015eeceret\u00fc\u2019t-Tayyibe K\u0131z \u0130lkokulu&#8217;nun vuruldu\u011fu bildirildi.<\/p>\n<p><img decoding=\"async\" src=\"https:\/\/bihavadis.com\/wp-content\/uploads\/2026\/03\/abd-israilin-ortak-saldirisinda-iranda-bir-ilkokul-vuruldu-24-ogrenci-oldu-0-Owe5jVKr.jpg\"\/><\/p>\n<p><strong>\u0130LKOKUL HEDEF ALINDI<\/strong><\/p>\n<p>\u0130ran devlet televizyonunun haberine g\u00f6re, \u00fclkenin g\u00fcneyindeki H\u00fcrm\u00fczgan eyaletine ba\u011fl\u0131 Minab kentindeki &#8216;\u015eeceret\u00fc\u2019t-Tayyibe K\u0131z \u0130lkokulu&#8217;na ABD-\u0130srail sald\u0131r\u0131s\u0131nda \u015fu ana kadar 24 k\u0131z \u00f6\u011frencinin ya\u015fam\u0131n\u0131 yitirdi\u011fi bildirildi.<\/p>\n<p>Minab Kaymakam\u0131 Muhammed Radmehr, okulun do\u011frudan hedef al\u0131nd\u0131\u011f\u0131n\u0131 ve \u00e7ok say\u0131da k\u0131z \u00f6\u011frencinin sald\u0131r\u0131da hayat\u0131n\u0131 kaybetti\u011fini belirtti.<\/p>\n<p><strong>\u00c7OK SAYIDA \u00d6\u011eRENC\u0130 HAYATINI KAYBETT\u0130<\/strong><\/p>\n<p>\u0130ran resmi haber ajans\u0131 IRNA, Minab kentinde ABD-\u0130srail sald\u0131r\u0131s\u0131nda bir ilkokulun hedef al\u0131nd\u0131\u011f\u0131n\u0131 ve sald\u0131r\u0131da ilk belirlemelere g\u00f6re 5 k\u0131z \u00f6\u011frencinin ya\u015fam\u0131n\u0131 yitirdi\u011fini duyurmu\u015ftu.<\/p>\n<p>\u0130ran ile ABD aras\u0131ndaki m\u00fczakere s\u00fcreci devam ederken \u0130srail ve ABD sabah saatlerinde \u0130ran&#8217;a ortak sald\u0131r\u0131lar d\u00fczenledi.<\/p>\n<p><img decoding=\"async\" src=\"https:\/\/bihavadis.com\/wp-content\/uploads\/2026\/03\/abd-israilin-ortak-saldirisinda-iranda-bir-ilkokul-vuruldu-24-ogrenci-oldu-1-OGw5pycZ.jpg\"\/><\/p>\n<p><strong>B\u0130R\u00c7OK KENT HEDEF ALINDI<\/strong><\/p>\n<p>\u0130srail Savunma Bakanl\u0131\u011f\u0131, \u0130srail\u2019in \u0130ran\u2019a &#8216;\u00f6nleyici sald\u0131r\u0131&#8217; ba\u015flatt\u0131\u011f\u0131n\u0131 duyurdu.<\/p>\n<p>Sald\u0131r\u0131lar kapsam\u0131nda ba\u015fkent Tahran, \u0130sfahan, Kerec, Kum, Tebriz, Bu\u015fehr, Kirman\u015fah ve \u0130lam kentleri hedef al\u0131nd\u0131.<\/p>\n<p>\u0130srail ve \u0130ran, hava sahas\u0131n\u0131 kapat\u0131rken \u0130srail genelinde ola\u011fan\u00fcst\u00fc hal ilan edildi, sirenler \u00e7ald\u0131.<\/p>\n<p><strong>ABD DONANMA \u00dcSS\u00dc VURULDU<\/strong><\/p>\n<p>\u0130ran&#8217;\u0131n kar\u015f\u0131 sald\u0131r\u0131lar\u0131 \u00f6ncesinde \u0130srail halk\u0131n\u0131 s\u0131\u011f\u0131naklara y\u00f6nlendiren uyar\u0131lar yap\u0131ld\u0131.<\/p>\n<p>\u0130ran ordusu, ABD ile \u0130srail&#8217;in sald\u0131r\u0131lar\u0131na kar\u015f\u0131l\u0131k \u0130srail&#8217;e onlarca balistik f\u00fcze ve insans\u0131z hava ara\u00e7lar\u0131yla kar\u015f\u0131 sald\u0131r\u0131lar ba\u015flatt\u0131\u011f\u0131n\u0131 duyurdu.<\/p>\n<p>\u0130ran, f\u00fcze sald\u0131r\u0131lar\u0131yla Bahreyn, Birle\u015fik Arap Emirlikleri, Kuveyt, Katar ve \u00dcrd\u00fcn gibi \u00fclkelerde e\u015f zamanl\u0131 ABD \u00fcslerini hedef al\u0131rken Bahreyn&#8217;deki ABD donanma \u00fcss\u00fc vuruldu.<\/p>\n<p><img decoding=\"async\" src=\"https:\/\/bihavadis.com\/wp-content\/uploads\/2026\/03\/abd-israilin-ortak-saldirisinda-iranda-bir-ilkokul-vuruldu-24-ogrenci-oldu-2-gKzVVkbf.jpg\"\/> <\/p>\n<div> <span><strong>Kaynak:<\/strong> Anadolu Ajans\u0131 (AA)<\/span> <\/div>\n","protected":false},"excerpt":{"rendered":"<p>ABD-\u0130srail ve \u0130ran hatt\u0131nda ipler gerilirken beklenilen sava\u015f ger\u00e7ekle\u015fti. \u0130ran&#8217;da sabah saatlerinde \u015fiddetli patlama sesleri duyuldu ve \u0130srail&#8217;den sava\u015f\u0131n fitilini ate\u015fleyen a\u00e7\u0131klama geldi. TAHRAN&#8217;DA PATLAMA SESLER\u0130 Fars Haber Ajans\u0131 da, \u201cTahran\u2019\u0131n &#8230;<\/p>\n","protected":false},"author":1,"featured_media":73326,"comment_status":"open","ping_status":"open","sticky":false,"template":"","format":"standard","meta":{"footnotes":""},"categories":[6],"tags":[272,8000,271,792,3088],"class_list":["post-73325","post","type-post","status-publish","format-standard","has-post-thumbnail","hentry","category-dunya","tag-abd","tag-hedef-alindi","tag-iran","tag-israil","tag-saldirilar"],"_links":{"self":[{"href":"https:\/\/bihavadis.com\/index.php\/wp-json\/wp\/v2\/posts\/73325","targetHints":{"allow":["GET"]}}],"collection":[{"href":"https:\/\/bihavadis.com\/index.php\/wp-json\/wp\/v2\/posts"}],"about":[{"href":"https:\/\/bihavadis.com\/index.php\/wp-json\/wp\/v2\/types\/post"}],"author":[{"embeddable":true,"href":"https:\/\/bihavadis.com\/index.php\/wp-json\/wp\/v2\/users\/1"}],"replies":[{"embeddable":true,"href":"https:\/\/bihavadis.com\/index.php\/wp-json\/wp\/v2\/comments?post=73325"}],"version-history":[{"count":1,"href":"https:\/\/bihavadis.com\/index.php\/wp-json\/wp\/v2\/posts\/73325\/revisions"}],"predecessor-version":[{"id":73330,"href":"https:\/\/bihavadis.com\/index.php\/wp-json\/wp\/v2\/posts\/73325\/revisions\/73330"}],"wp:featuredmedia":[{"embeddable":true,"href":"https:\/\/bihavadis.com\/index.php\/wp-json\/wp\/v2\/media\/73326"}],"wp:attachment":[{"href":"https:\/\/bihavadis.com\/index.php\/wp-json\/wp\/v2\/media?parent=73325"}],"wp:term":[{"taxonomy":"category","embeddable":true,"href":"https:\/\/bihavadis.com\/index.php\/wp-json\/wp\/v2\/categories?post=73325"},{"taxonomy":"post_tag","embeddable":true,"href":"https:\/\/bihavadis.com\/index.php\/wp-json\/wp\/v2\/tags?post=73325"}],"curies":[{"name":"wp","href":"https:\/\/api.w.org\/{rel}","templated":true}]}}