{"id":73375,"date":"2026-03-28T20:45:06","date_gmt":"2026-03-28T20:45:06","guid":{"rendered":"https:\/\/bihavadis.com\/?p=73375"},"modified":"2026-03-28T20:45:06","modified_gmt":"2026-03-28T20:45:06","slug":"abden-ortak-iran-aciklamasi-kriz-bariscil-yollarla-cozulmeli","status":"publish","type":"post","link":"https:\/\/bihavadis.com\/index.php\/2026\/03\/28\/abden-ortak-iran-aciklamasi-kriz-bariscil-yollarla-cozulmeli\/","title":{"rendered":"AB&#8217;den ortak \u0130ran a\u00e7\u0131klamas\u0131: Kriz bar\u0131\u015f\u00e7\u0131l yollarla \u00e7\u00f6z\u00fclmeli"},"content":{"rendered":"<p>Avrupa Birli\u011fi (AB), t\u00fcm taraflar\u0131 maksimum itidal g\u00f6stermeye, sivilleri korumaya ve uluslararas\u0131 hukuka tam olarak uymaya \u00e7a\u011f\u0131rd\u0131.<\/p>\n<p>AB Konseyi Ba\u015fkan\u0131 Antonio Costa ve AB Komisyonu Ba\u015fkan\u0131 Ursula von der Leyen, \u0130ran&#8217;daki geli\u015fmelere ili\u015fkin ortak bir a\u00e7\u0131klama yay\u0131mlayarak, b\u00f6lgesel g\u00fcvenli\u011fin korunmas\u0131na y\u00f6nelik t\u00fcm taraflara itidal \u00e7a\u011fr\u0131s\u0131nda bulundu.<\/p>\n<p><strong>&#8220;END\u0130\u015eE VER\u0130C\u0130 GEL\u0130\u015eMELER&#8221;<\/strong><\/p>\n<p>Ortak yaz\u0131l\u0131 a\u00e7\u0131klamada, \u0130ran&#8217;da ya\u015fanan son geli\u015fmelerin son derece endi\u015fe verici oldu\u011fu belirtildi. B\u00f6lgedeki ortaklarla yak\u0131n temas halinde olundu\u011fu aktar\u0131lan a\u00e7\u0131klamada, b\u00f6lgesel g\u00fcvenlik ve istikrar\u0131n korunmas\u0131na y\u00f6nelik kararl\u0131l\u0131k yinelendi.<\/p>\n<p><strong>&#8220;N\u00dcKLEER G\u00dcVENL\u0130\u011e\u0130N SA\u011eLANMASI KR\u0130T\u0130K \u00d6NEMDE&#8221;<\/strong><\/p>\n<p>A\u00e7\u0131klamada, n\u00fckleer g\u00fcvenli\u011fin sa\u011flanmas\u0131n\u0131n ve gerilimi daha da t\u0131rmand\u0131racak veya k\u00fcresel n\u00fckleer silahlar\u0131n yay\u0131lmas\u0131n\u0131 \u00f6nleme rejimini zedeleyecek her t\u00fcrl\u00fc eylemden ka\u00e7\u0131n\u0131lmas\u0131n\u0131n kritik \u00f6neme sahip oldu\u011fu vurguland\u0131. Avrupa Birli\u011fi&#8217;nin, \u0130ran rejiminin ve Devrim Muhaf\u0131zlar\u0131n\u0131n eylemlerine yan\u0131t olarak kapsaml\u0131 yapt\u0131r\u0131mlar uygulad\u0131\u011f\u0131 hat\u0131rlat\u0131l\u0131rken, n\u00fckleer ve balistik programlar\u0131n m\u00fczakere yoluyla \u00e7\u00f6z\u00fcme kavu\u015fturulmas\u0131n\u0131 ama\u00e7layan diplomatik \u00e7abalar\u0131n s\u00fcrekli olarak desteklendi\u011fi ifade edildi.<\/p>\n<p>B\u00f6lgedeki AB vatanda\u015flar\u0131n\u0131n tam destek alabilmesi i\u00e7in AB \u00fcye devletleriyle yak\u0131n koordinasyon i\u00e7inde gerekli t\u00fcm ad\u0131mlar\u0131n at\u0131laca\u011f\u0131 belirtilen ortak a\u00e7\u0131klamada, <b><em>&#8220;T\u00fcm taraflar\u0131 maksimum itidal g\u00f6stermeye, sivilleri korumaya ve uluslararas\u0131 hukuka tam olarak uymaya \u00e7a\u011f\u0131r\u0131yoruz.\u201d<\/em><\/b> ifadelerine yer verildi.<\/p>\n<p><img decoding=\"async\" src=\"https:\/\/bihavadis.com\/wp-content\/uploads\/2026\/03\/abden-ortak-iran-aciklamasi-kriz-bariscil-yollarla-cozulmeli-0-psAdDVPy.jpg\"\/><\/p>\n<p><strong>\u0130SRA\u0130L VE ABD&#8217;DEN ORTAK OPERASYON<\/strong><\/p>\n<p>\u0130srail Savunma Bakan\u0131 Israel Katz&#8217;\u0131n \u0130ran&#8217;a y\u00f6nelik <b><em>&#8220;\u00f6nleyici bir sald\u0131r\u0131&#8221;<\/em><\/p>\n<p>Trump, yay\u0131mlad\u0131\u011f\u0131 g\u00f6r\u00fcnt\u00fcl\u00fc mesajda hedeflerinin \u0130ran rejiminden gelen tehditleri ortadan kald\u0131rmak oldu\u011funu belirterek, \u0130ran&#8217;\u0131n f\u00fcze sanayisini ve donanmas\u0131n\u0131 yok edeceklerini, Tahran y\u00f6netiminin n\u00fckleer silaha sahip olmas\u0131na asla izin vermeyeceklerini vurgulam\u0131\u015ft\u0131.<\/p>\n<p>Bu operasyonun ard\u0131ndan \u0130ran Devrim Muhaf\u0131zlar\u0131 Ordusu, \u0130srail&#8217;e ve K\u00f6rfez b\u00f6lgesindeki ABD askeri \u00fcslerine y\u00f6nelik misilleme sald\u0131r\u0131lar\u0131 ba\u015flatm\u0131\u015ft\u0131.<\/p>\n<div> <span><strong>Kaynak:<\/strong> Anadolu Ajans\u0131 (AA)<\/span> <\/div>\n","protected":false},"excerpt":{"rendered":"<p>Avrupa Birli\u011fi (AB), t\u00fcm taraflar\u0131 maksimum itidal g\u00f6stermeye, sivilleri korumaya ve uluslararas\u0131 hukuka tam olarak uymaya \u00e7a\u011f\u0131rd\u0131. AB Konseyi Ba\u015fkan\u0131 Antonio Costa ve AB Komisyonu Ba\u015fkan\u0131 Ursula von der Leyen, \u0130ran&#8217;daki geli\u015fmelere ili\u015fkin ortak bir &#8230;<\/p>\n","protected":false},"author":1,"featured_media":73376,"comment_status":"open","ping_status":"open","sticky":false,"template":"","format":"standard","meta":{"footnotes":""},"categories":[6],"tags":[271,1539,3848],"class_list":["post-73375","post","type-post","status-publish","format-standard","has-post-thumbnail","hentry","category-dunya","tag-iran","tag-nukleer","tag-ortak"],"_links":{"self":[{"href":"https:\/\/bihavadis.com\/index.php\/wp-json\/wp\/v2\/posts\/73375","targetHints":{"allow":["GET"]}}],"collection":[{"href":"https:\/\/bihavadis.com\/index.php\/wp-json\/wp\/v2\/posts"}],"about":[{"href":"https:\/\/bihavadis.com\/index.php\/wp-json\/wp\/v2\/types\/post"}],"author":[{"embeddable":true,"href":"https:\/\/bihavadis.com\/index.php\/wp-json\/wp\/v2\/users\/1"}],"replies":[{"embeddable":true,"href":"https:\/\/bihavadis.com\/index.php\/wp-json\/wp\/v2\/comments?post=73375"}],"version-history":[{"count":1,"href":"https:\/\/bihavadis.com\/index.php\/wp-json\/wp\/v2\/posts\/73375\/revisions"}],"predecessor-version":[{"id":73378,"href":"https:\/\/bihavadis.com\/index.php\/wp-json\/wp\/v2\/posts\/73375\/revisions\/73378"}],"wp:featuredmedia":[{"embeddable":true,"href":"https:\/\/bihavadis.com\/index.php\/wp-json\/wp\/v2\/media\/73376"}],"wp:attachment":[{"href":"https:\/\/bihavadis.com\/index.php\/wp-json\/wp\/v2\/media?parent=73375"}],"wp:term":[{"taxonomy":"category","embeddable":true,"href":"https:\/\/bihavadis.com\/index.php\/wp-json\/wp\/v2\/categories?post=73375"},{"taxonomy":"post_tag","embeddable":true,"href":"https:\/\/bihavadis.com\/index.php\/wp-json\/wp\/v2\/tags?post=73375"}],"curies":[{"name":"wp","href":"https:\/\/api.w.org\/{rel}","templated":true}]}}