{"id":73385,"date":"2026-03-28T20:54:06","date_gmt":"2026-03-28T20:54:06","guid":{"rendered":"https:\/\/bihavadis.com\/?p=73385"},"modified":"2026-03-28T20:54:06","modified_gmt":"2026-03-28T20:54:06","slug":"pezeskiyanin-suikast-girisiminden-kurtuldugu-iddiasi","status":"publish","type":"post","link":"https:\/\/bihavadis.com\/index.php\/2026\/03\/28\/pezeskiyanin-suikast-girisiminden-kurtuldugu-iddiasi\/","title":{"rendered":"Peze\u015fkiyan&#8217;\u0131n suikast giri\u015fiminden kurtuldu\u011fu iddias\u0131"},"content":{"rendered":"<p>ABD ile \u0130ran, sabah saatlerinden itibaren \u0130ran&#8217;n\u0131n bir\u00e7ok farkl\u0131 noktas\u0131na hava sald\u0131r\u0131lar\u0131 d\u00fczenlemeye ba\u015flad\u0131.\u00a0<\/p>\n<p>\u0130srail kaynaklar\u0131ndan yap\u0131lan a\u00e7\u0131klamada, sald\u0131r\u0131larda \u00fcst d\u00fczey y\u00f6neticilerin hedef al\u0131nd\u0131\u011f\u0131 iddia edildi.\u00a0<\/p>\n<p>\u0130ran medyas\u0131na yans\u0131yan haberlere g\u00f6re, Cumhurba\u015fkan\u0131 Mesud  Peze\u015fkiyan&#8217;\u0131n o\u011flu Yusuf Peze\u015fkiyan, babas\u0131n\u0131n sa\u011fl\u0131k durumunun iyi oldu\u011funu a\u00e7\u0131klad\u0131.<\/p>\n<p><strong>&#8220;SU\u0130KAST G\u0130R\u0130\u015e\u0130MLER\u0130 BA\u015eARISIZ OLDU&#8221;<\/strong><\/p>\n<p>Peze\u015fkiyan&#8217;\u0131n ABD-\u0130srail&#8217;in sald\u0131r\u0131lar\u0131yla hedef al\u0131nd\u0131\u011f\u0131n\u0131 do\u011frulayan Yusuf, <em><b>&#8220;Suikast giri\u015fimleri ba\u015far\u0131s\u0131z oldu ve di\u011fer yetkililer de sa\u011fl\u0131kl\u0131. Muhtemelen daha uzun s\u00fcrecek bir \u00e7at\u0131\u015fma ya\u015fayaca\u011f\u0131z ve bu bir y\u0131pratma sava\u015f\u0131 olacak. Bu nedenle, bu g\u00fcnleri atlatmak i\u00e7in azim ve sab\u0131r \u015fart.&#8221;<\/b><\/em> ifadelerini kulland\u0131.<\/p>\n<p><strong>ABD VE \u0130SRA\u0130L&#8217;\u0130N SALDIRILARI <\/strong><\/p>\n<p>\u0130ran ile ABD aras\u0131ndaki m\u00fczakere s\u00fcreci devam ederken \u0130srail ve ABD, sabah saatlerinde \u0130ran&#8217;a ortak sald\u0131r\u0131lar d\u00fczenledi.<\/p>\n<p>\u0130srail Savunma Bakanl\u0131\u011f\u0131, \u0130srail\u2019in \u0130ran\u2019a <em><b>\u201c\u00f6nleyici sald\u0131r\u0131\u201d<\/b><\/em> ba\u015flatt\u0131\u011f\u0131n\u0131 duyurdu. ABD Ba\u015fkan\u0131 Donald Trump da \u0130ran&#8217;a y\u00f6nelik <em><b>&#8220;b\u00fcy\u00fck bir operasyon&#8221; <\/b><\/p>\n<p>Sald\u0131r\u0131lar kapsam\u0131nda ba\u015fkent Tahran, \u0130sfahan, Kerec, Kum, Tebriz, Bu\u015fehr, Kirman\u015fah ve \u0130lam kentleri hedef al\u0131nd\u0131.<\/p>\n<p><strong>\u0130RAN&#8217;DAN M\u0130S\u0130LLEME SALDIRILAR <\/strong><\/p>\n<p>\u0130srail ve \u0130ran, hava sahas\u0131n\u0131 kapat\u0131rken \u0130srail genelinde ola\u011fan\u00fcst\u00fc hal ilan edildi, sirenler \u00e7ald\u0131. \u0130ran&#8217;\u0131n kar\u015f\u0131 sald\u0131r\u0131lar\u0131 \u00f6ncesinde \u0130srail halk\u0131n\u0131 s\u0131\u011f\u0131naklara y\u00f6nlendiren uyar\u0131lar yap\u0131ld\u0131.<\/p>\n<p>\u0130ran ordusu, ABD ile \u0130srail&#8217;in sald\u0131r\u0131lar\u0131na kar\u015f\u0131l\u0131k \u0130srail&#8217;e onlarca balistik f\u00fcze ve insans\u0131z hava ara\u00e7lar\u0131yla kar\u015f\u0131 sald\u0131r\u0131lar ba\u015flatt\u0131\u011f\u0131n\u0131 duyurdu.<\/p>\n<p>\u0130ran, f\u00fcze sald\u0131r\u0131lar\u0131yla Bahreyn, Birle\u015fik Arap Emirlikleri, Kuveyt, Katar ve \u00dcrd\u00fcn gibi \u00fclkelerde e\u015f zamanl\u0131 ABD \u00fcslerini hedef al\u0131rken Bahreyn&#8217;deki ABD donanma \u00fcss\u00fc vuruldu.<\/p>\n<div> <span><strong>Kaynak:<\/strong> Anadolu Ajans\u0131 (AA)<\/span> <\/div>\n","protected":false},"excerpt":{"rendered":"<p>ABD ile \u0130ran, sabah saatlerinden itibaren \u0130ran&#8217;n\u0131n bir\u00e7ok farkl\u0131 noktas\u0131na hava sald\u0131r\u0131lar\u0131 d\u00fczenlemeye ba\u015flad\u0131.\u00a0 \u0130srail kaynaklar\u0131ndan yap\u0131lan a\u00e7\u0131klamada, sald\u0131r\u0131larda \u00fcst d\u00fczey y\u00f6neticilerin hedef al\u0131nd\u0131\u011f\u0131 iddia edildi.\u00a0 \u0130ran medyas\u0131na yans\u0131yan &#8230;<\/p>\n","protected":false},"author":1,"featured_media":73386,"comment_status":"open","ping_status":"open","sticky":false,"template":"","format":"standard","meta":{"footnotes":""},"categories":[6],"tags":[272,271,792,3088,1103],"class_list":["post-73385","post","type-post","status-publish","format-standard","has-post-thumbnail","hentry","category-dunya","tag-abd","tag-iran","tag-israil","tag-saldirilar","tag-saldirilari"],"_links":{"self":[{"href":"https:\/\/bihavadis.com\/index.php\/wp-json\/wp\/v2\/posts\/73385","targetHints":{"allow":["GET"]}}],"collection":[{"href":"https:\/\/bihavadis.com\/index.php\/wp-json\/wp\/v2\/posts"}],"about":[{"href":"https:\/\/bihavadis.com\/index.php\/wp-json\/wp\/v2\/types\/post"}],"author":[{"embeddable":true,"href":"https:\/\/bihavadis.com\/index.php\/wp-json\/wp\/v2\/users\/1"}],"replies":[{"embeddable":true,"href":"https:\/\/bihavadis.com\/index.php\/wp-json\/wp\/v2\/comments?post=73385"}],"version-history":[{"count":1,"href":"https:\/\/bihavadis.com\/index.php\/wp-json\/wp\/v2\/posts\/73385\/revisions"}],"predecessor-version":[{"id":73387,"href":"https:\/\/bihavadis.com\/index.php\/wp-json\/wp\/v2\/posts\/73385\/revisions\/73387"}],"wp:featuredmedia":[{"embeddable":true,"href":"https:\/\/bihavadis.com\/index.php\/wp-json\/wp\/v2\/media\/73386"}],"wp:attachment":[{"href":"https:\/\/bihavadis.com\/index.php\/wp-json\/wp\/v2\/media?parent=73385"}],"wp:term":[{"taxonomy":"category","embeddable":true,"href":"https:\/\/bihavadis.com\/index.php\/wp-json\/wp\/v2\/categories?post=73385"},{"taxonomy":"post_tag","embeddable":true,"href":"https:\/\/bihavadis.com\/index.php\/wp-json\/wp\/v2\/tags?post=73385"}],"curies":[{"name":"wp","href":"https:\/\/api.w.org\/{rel}","templated":true}]}}