{"id":73394,"date":"2026-03-28T21:03:07","date_gmt":"2026-03-28T21:03:07","guid":{"rendered":"https:\/\/bihavadis.com\/?p=73394"},"modified":"2026-03-28T21:03:07","modified_gmt":"2026-03-28T21:03:07","slug":"yarinin-koylerinin-besinci-duragi-denizli-inceler-oldu","status":"publish","type":"post","link":"https:\/\/bihavadis.com\/index.php\/2026\/03\/28\/yarinin-koylerinin-besinci-duragi-denizli-inceler-oldu\/","title":{"rendered":"Yar\u0131n\u0131n K\u00f6yleri\u2019nin be\u015finci dura\u011f\u0131 Denizli \u0130nceler oldu"},"content":{"rendered":"<p>Trendyol ve Birle\u015fmi\u015f Milletler Kalk\u0131nma Program\u0131 (UNDP) i\u015f birli\u011fiyle hayata ge\u00e7irilen Yar\u0131n\u0131n K\u00f6yleri Projesi kapsam\u0131ndaki be\u015finci Dijital Merkez, Denizli\u2019nin Bozkurt il\u00e7esine ba\u011fl\u0131 \u0130nceler k\u00f6y\u00fcnde a\u00e7\u0131ld\u0131.<\/p>\n<p>Yar\u0131n\u0131n K\u00f6yleri Projesi; T\u00fcrkiye genelinde se\u00e7ilen k\u00f6ylerde dijital d\u00f6n\u00fc\u015f\u00fcm imk\u00e2nlar\u0131 sunarak k\u0131rsal kalk\u0131nmay\u0131 destekliyor.<\/p>\n<p>Trendyol ve Birle\u015fmi\u015f Milletler Kalk\u0131nma Program\u0131 (UNDP) i\u015f birli\u011fiyle y\u00fcr\u00fct\u00fclen Yar\u0131n\u0131n K\u00f6yleri Projesi kapsam\u0131nda kurulan Denizli \u0130nceler Dijital Merkezi\u2019nin a\u00e7\u0131l\u0131\u015f\u0131; Sanayi ve Teknoloji Bakan\u0131 Mehmet Fatih Kac\u0131r, Birle\u015fmi\u015f Milletler Nezdinde T\u00fcrkiye Daimi Temsilcisi B\u00fcy\u00fckel\u00e7i Ahmet Y\u0131ld\u0131z, AK Parti Denizli Milletvekili Nilg\u00fcn \u00d6k, AK Parti Genel Ba\u015fkan Yard\u0131mc\u0131s\u0131 Nihat Zeybek\u00e7i, BM Genel Sekreter Yard\u0131mc\u0131s\u0131, UNDP Ba\u015fkan Yard\u0131mc\u0131s\u0131 ve Avrupa ve Orta Asya B\u00f6lge Direkt\u00f6r\u00fc Ivana \u017divkovi\u0107, UNDP T\u00fcrkiye Mukim Temsilcisi Monica Merino, Denizli Valisi Yavuz Selim K\u00f6\u015fger, Bozkurt Kaymakam\u0131 Enes \u00d6zkan ve Trendyol y\u00f6neticilerinin kat\u0131l\u0131m\u0131yla ger\u00e7ekle\u015ftirildi.<\/p>\n<p>Denizli\u2019nin Bozkurt il\u00e7esinde hayata ge\u00e7irilen merkez; \u00fcreticilerden \u00e7ocuklara, giri\u015fimci kad\u0131nlardan \u00e7ift\u00e7ilere kadar geni\u015f bir kesime dijital yetkinlik kazand\u0131rmay\u0131 hedefliyor.<\/p>\n<p><img decoding=\"async\" src=\"https:\/\/bihavadis.com\/wp-content\/uploads\/2026\/03\/yarinin-koylerinin-besinci-duragi-denizli-inceler-oldu-0-OUIEmRIJ.jpg\"\/><\/p>\n<p>Sanayi ve Teknoloji Bakan\u0131 Mehmet Fatih Kac\u0131r, a\u00e7\u0131l\u0131\u015f t\u00f6reninde yapt\u0131\u011f\u0131 konu\u015fmada \u015funlar\u0131 s\u00f6yledi:<\/p>\n<p>Milli Teknoloji Hamlesi vizyonumuzla T\u00fcrkiye\u2019yi, y\u00fcksek teknolojiyi kendi imkan ve kabiliyetleriyle geli\u015ftiren, \u00fcreten ve d\u00fcnyaya rekabet\u00e7i bir \u015fekilde sunan bir \u00fclke k\u0131lmak i\u00e7in kararl\u0131l\u0131kla ilerliyoruz. T\u00fcrkiye\u2019nin en b\u00fcy\u00fck avantaj\u0131 olan gen\u00e7 ve dinamik n\u00fcfusumuzla omuz omuza vererek hayalleri teknoloji projelerine d\u00f6n\u00fc\u015ft\u00fcr\u00fcyor, tam ba\u011f\u0131ms\u0131z T\u00fcrkiye yolculu\u011fumuza devam ediyoruz. Bir yandan sanayi d\u00f6n\u00fc\u015f\u00fcm\u00fcn\u00fc ger\u00e7ekle\u015ftirirken, di\u011fer yandan Yerel Kalk\u0131nma Hamlesi ile Anadolu\u2019nun her k\u00f6\u015fesindeki yerel de\u011ferlerimizi ekonomik k\u0131ymete d\u00f6n\u00fc\u015ft\u00fcrmeyi hedefliyoruz. \u0130nceler Dijital Merkezi, kad\u0131nlar\u0131m\u0131z\u0131n istihdama daha g\u00fc\u00e7l\u00fc kat\u0131ld\u0131\u011f\u0131, gen\u00e7lerimizin dijital yetkinliklerle donand\u0131\u011f\u0131 ve yerel \u00fcr\u00fcnlerimizin e-ihracat yoluyla d\u00fcnyaya a\u00e7\u0131ld\u0131\u011f\u0131 \u00f6rnek bir kalk\u0131nma modeli olacakt\u0131r. Dijital imkanlara eri\u015fimin temel bir insan hakk\u0131 oldu\u011fu inanc\u0131yla, bu projenin Birle\u015fmi\u015f Milletler i\u015f birli\u011fiyle t\u00fcm d\u00fcnyaya ilham kayna\u011f\u0131 olmas\u0131n\u0131 diliyoruz.<\/p>\n<p>Birle\u015fmi\u015f Milletler Nezdinde T\u00fcrkiye Daimi Temsilcisi B\u00fcy\u00fckel\u00e7i Ahmet Y\u0131ld\u0131z; <b><em>\u201cT\u00fcrkiye Cumhuriyeti\u2019nin Birle\u015fmi\u015f Milletler Daimi Temsilcisi olarak, Birle\u015fmi\u015f Milletler Kalk\u0131nma Program\u0131 (UNDP) ile Trendyol ortakl\u0131\u011f\u0131nda hayata ge\u00e7irilen bu dijital merkezin, do\u011fup b\u00fcy\u00fcd\u00fc\u011f\u00fcm \u0130nceler K\u00f6y\u00fc\u2019nde a\u00e7\u0131l\u0131\u015f\u0131nda bulunmaktan b\u00fcy\u00fck memnuniyet duyuyorum. Bu giri\u015fimin m\u00fcmk\u00fcn k\u0131l\u0131nmas\u0131ndaki g\u00fc\u00e7l\u00fc destek ve i\u015f birli\u011fi i\u00e7in Trendyol\u2019a te\u015fekk\u00fcr ediyorum. Bug\u00fcn burada, d\u00fcnyaya geldi\u011fim ve yeti\u015fti\u011fim k\u00f6yde bulunmak benim i\u00e7in hem ki\u015fisel hem de mesleki a\u00e7\u0131dan son derece duygusal. Bu bina ailemiz i\u00e7in derin bir anlam ta\u015f\u0131yor. Buras\u0131, babam H\u00fcseyin Y\u0131ld\u0131z\u2019\u0131n temelinde ta\u015f ta\u015f\u0131d\u0131\u011f\u0131, karde\u015flerimle birlikte e\u011fitim ald\u0131\u011f\u0131m\u0131z yer. \u0130nceler\u2019in ruhunun ya\u015fat\u0131lmas\u0131 ve unutulmamas\u0131 i\u00e7in bu yap\u0131y\u0131 restore ederek bir k\u00fct\u00fcphane ve m\u00fczeye d\u00f6n\u00fc\u015ft\u00fcrd\u00fck. Ortak ge\u00e7mi\u015fimizin olu\u015fturdu\u011fu bu sa\u011flam temelden gelece\u011fe bak\u0131yoruz. \u2018Yar\u0131n\u0131n K\u00f6yleri\u2019 giri\u015fimine ev sahipli\u011fi yapan bu merkez, UNDP\u2019nin dijital u\u00e7urumu kapatma ve kapsay\u0131c\u0131 kalk\u0131nmay\u0131 g\u00fc\u00e7lendirme konusundaki kararl\u0131l\u0131\u011f\u0131n\u0131 ortaya koyuyor. Yerel \u00fcreticileri; \u00f6zellikle \u00e7ift\u00e7ileri, kad\u0131nlar\u0131 ve gen\u00e7leri g\u00fc\u00e7lendirerek Denizli\u2019nin zengin miras\u0131n\u0131 ve \u00fcretim k\u00fclt\u00fcr\u00fcn\u00fc daha geni\u015f pazarlara ba\u011flayan bu giri\u015fim, Birle\u015fmi\u015f Milletler\u2019in kamu ve \u00f6zel sekt\u00f6r ortaklar\u0131yla birlikte \u00fclke genelinde s\u00fcrd\u00fcr\u00fclebilir ve kapsay\u0131c\u0131 kalk\u0131nmay\u0131 nas\u0131l hayata ge\u00e7irdi\u011finin somut bir \u00f6rne\u011fidir.\u201d<\/em><\/b> dedi.<\/p>\n<p>BM Genel Sekreter Yard\u0131mc\u0131s\u0131, UNDP Ba\u015fkan Yard\u0131mc\u0131s\u0131 ve Avrupa ve Orta Asya B\u00f6lge Direkt\u00f6r\u00fc Ivana \u017divkovi\u0107; <b><em>\u201cBug\u00fcn \u0130nceler K\u00f6y\u00fc\u2019nde dijital becerileri geli\u015ftirmek, sosyal ve ekonomik f\u0131rsatlar\u0131n \u00f6n\u00fcn\u00fc a\u00e7mak amac\u0131yla kurulan dijital merkezin a\u00e7\u0131l\u0131\u015f\u0131nda sizlerle birlikte olmaktan b\u00fcy\u00fck bir memnuniyet duyuyorum. Yar\u0131n\u0131n K\u00f6yleri giri\u015fimine verdikleri s\u00fcrekli destek ve g\u00fc\u00e7l\u00fc i\u015f birli\u011fi i\u00e7in Trendyol\u2019a ve Bozkurt Kaymakaml\u0131\u011f\u0131&#8217;na te\u015fekk\u00fcr ediyorum. Kapsay\u0131c\u0131 ve s\u00fcrd\u00fcr\u00fclebilir kalk\u0131nma; kamu kurumlar\u0131n\u0131n, \u00f6zel sekt\u00f6r\u00fcn, sivil toplumun ve yerel topluluklar\u0131n el ele vermesini gerektirir. Ancak bu \u015fekilde kimsenin geride kalmad\u0131\u011f\u0131 bir ilerleme sa\u011flanabilir. Bu giri\u015fimin, \u0130nceler\u2019in ve Denizli\u2019nin potansiyelini daha da ortaya \u00e7\u0131karaca\u011f\u0131na inan\u0131yorum. Ortak hedefimiz nettir: Dijital imkanlara eri\u015fimi daha g\u00fc\u00e7l\u00fc olan haneler, daha rekabet\u00e7i i\u015fletmeler, gen\u00e7lerin ve kad\u0131nlar\u0131n ya\u015fad\u0131klar\u0131 yerde g\u00fc\u00e7lenerek daha fazla f\u0131rsata eri\u015febildi\u011fi bir gelecek.\u201d<\/em><\/b> dedi.<\/p>\n<p>Bozkurt Kaymakam\u0131 Enes \u00d6zkan; <b><em>\u201c\u0130nceler Dijital Merkezi, il\u00e7emizin \u00fcretimden e\u011fitime, giri\u015fimcilikten istihdama uzanan yerel kalk\u0131nma yolculu\u011funda \u00f6nemli bir kilometre ta\u015f\u0131d\u0131r. Bu merkezin, \u00f6zellikle k\u0131rsal kesimde dijital becerilerin geli\u015fmesine, gen\u00e7lerimizin ve kad\u0131nlar\u0131m\u0131z\u0131n yeni f\u0131rsatlara eri\u015fimine \u00f6nemli katk\u0131lar sa\u011flayaca\u011f\u0131na inan\u0131yorum. Ayn\u0131 zamanda bu merkez, gurur duydu\u011fumuz yerel \u00fcr\u00fcnlerimize hak ettikleri k\u00fcresel itibar\u0131 kazand\u0131rmak i\u00e7in bize paha bi\u00e7ilmez bir f\u0131rsat sunuyor. Bu anlaml\u0131 \u00e7al\u0131\u015fman\u0131n il\u00e7emize kazand\u0131r\u0131lmas\u0131nda destek olan UNDP ve Trendyol\u2019a te\u015fekk\u00fcr ediyor, \u0130nceler ve il\u00e7emiz i\u00e7in hay\u0131rl\u0131 olmas\u0131n\u0131 ve ba\u015far\u0131yla devam etmesini diliyorum.\u201d<\/em><\/b> dedi.<\/p>\n<p><img decoding=\"async\" src=\"https:\/\/bihavadis.com\/wp-content\/uploads\/2026\/03\/yarinin-koylerinin-besinci-duragi-denizli-inceler-oldu-1-23h4mFga.jpg\"\/><\/p>\n<p><strong>DEN\u0130ZL\u0130\u2019N\u0130N \u00dcRET\u0130M VE K\u00dcLT\u00dcR M\u0130RASI D\u0130J\u0130TALLE\u015eMEYLE G\u00dc\u00c7LEN\u0130YOR<\/strong><\/p>\n<p>Yar\u0131n\u0131n K\u00f6yleri Projesi; dijital u\u00e7urumun azalt\u0131lmas\u0131, kad\u0131n ve gen\u00e7lerin g\u00fc\u00e7lenmesi ve kapsay\u0131c\u0131 b\u00fcy\u00fcmenin desteklenmesi hedefiyle T\u00fcrkiye\u2019nin farkl\u0131 b\u00f6lgelerinde yayg\u0131nla\u015fmaya devam edecek. Adana, \u0130zmir, Diyarbak\u0131r ve Sakarya\u2019n\u0131n ard\u0131ndan Denizli\u2019nin Bozkurt il\u00e7esine ba\u011fl\u0131 \u0130nceler\u2019de a\u00e7\u0131lan merkezle birlikte aktif dijital merkez say\u0131s\u0131 be\u015fe ula\u015fm\u0131\u015f durumda. Konya ve Hatay\u2019da da merkez kurulma ve e\u011fitim \u00e7al\u0131\u015fmalar\u0131 devam ediyor.<\/p>\n<p>Bu merkezlerde; \u00fcreticiler ve giri\u015fimciler i\u00e7in \u00fcr\u00fcn geli\u015ftirme, pazarlama, markala\u015fma, \u00fcr\u00fcn tasar\u0131m\u0131 ve foto\u011fraf\u00e7\u0131l\u0131\u011f\u0131, e-ticaret ve dijitalle\u015fme e\u011fitimleri, k\u0131rsal n\u00fcfus i\u00e7in kapasite geli\u015ftirme programlar\u0131, \u00e7ocuklar ve gen\u00e7ler i\u00e7in dijital okuryazarl\u0131k, yapay zeka, robotik ve kodlama e\u011fitimleri, \u00e7ift\u00e7iler i\u00e7in dijital ve s\u00fcrd\u00fcr\u00fclebilir tar\u0131m uygulamalar\u0131 olmak \u00fczere d\u00f6rt ana odakta e\u011fitim ve destek programlar\u0131 sunuluyor.<\/p>\n<p>Yar\u0131n\u0131n K\u00f6yleri Projesi kapsam\u0131nda bug\u00fcne kadar yakla\u015f\u0131k 10 bin ki\u015fiye ula\u015f\u0131larak, \u00fcreticilerden gen\u00e7lere kadar geni\u015f bir kesimin dijital beceriler ve yetkinlik kazanmas\u0131 sa\u011fland\u0131.<\/p>\n<p>Yar\u0131n\u0131n K\u00f6yleri Dijital Merkezleri \u00e7ocuklar\u0131n teknoloji s\u0131n\u0131flar\u0131nda robotik ve kodlama e\u011fitimi ald\u0131\u011f\u0131, gen\u00e7lerin dijital d\u00fcnyaya haz\u0131rland\u0131\u011f\u0131, kad\u0131n giri\u015fimcilerin \u00fcr\u00fcnlerini markala\u015ft\u0131rarak e-ticaret yoluyla d\u00fcnyaya a\u00e7\u0131ld\u0131\u011f\u0131 bir kalk\u0131nma modeli sunuyor. Proje, yaln\u0131zca e\u011fitim sunmakla kalm\u0131yor; dijital tar\u0131m uygulamalar\u0131, veriye dayal\u0131 \u00fcretim modelleri ve s\u00fcrd\u00fcr\u00fclebilir de\u011fer zincirleriyle k\u0131rsalda uzun vadeli bir d\u00f6n\u00fc\u015f\u00fcm hedefliyor.<\/p>\n<p>Proje kapsam\u0131nda a\u00e7\u0131lan Yar\u0131n\u0131n K\u00f6yleri buti\u011finde 13 \u00fcretici 250\u2019den fazla \u00fcr\u00fcnle do\u011frudan t\u00fcketiciyle bulu\u015fuyor. Buldan kestanesi, Denizli\u2019ye \u00f6zg\u00fc \u00c7alkaras\u0131 ve \u0130sabey \u00fcz\u00fcmleri, Honaz kiraz\u0131 ve Denizli keki\u011fi gibi tar\u0131msal \u00fcr\u00fcnlerin yan\u0131 s\u0131ra dokumac\u0131l\u0131k, Buldan bezi, \u0130nceler habas\u0131 (geleneksel kal\u0131n y\u00fcnl\u00fc kuma\u015f) ve ah\u015fap el sanatlar\u0131 gibi Denizli\u2019ye \u00f6zg\u00fc yerel \u00fcr\u00fcnlerin de dijital ara\u00e7larla daha geni\u015f pazarlara a\u00e7\u0131lmas\u0131 hedefleniyor.<\/p>\n<p>Trendyol, teknoloji ve dijitalle\u015fmeyle yerel kalk\u0131nmay\u0131 desteklemek amac\u0131yla y\u00fcr\u00fctt\u00fc\u011f\u00fc Yar\u0131n\u0131n K\u00f6yleri projesinin detaylar\u0131n\u0131 2025 Eyl\u00fcl ay\u0131nda New York\u2019taki Birle\u015fmi\u015f Milletler Genel Merkezi\u2019nde d\u00fczenlenen <b><em>\u201cKapsay\u0131c\u0131 K\u0131rsal Kalk\u0131nmayla Dijital U\u00e7urumu Kapatmak: S\u00fcrd\u00fcr\u00fclebilir Kalk\u0131nmada \u00d6zel Sekt\u00f6r\u00fcn Katk\u0131s\u0131\u201d <\/em><\/b>panelinde uluslararas\u0131 kat\u0131l\u0131mc\u0131larla payla\u015fm\u0131\u015ft\u0131.<\/p>\n<div> <span><strong>Kaynak:<\/strong> Ensonhaber Haber Merkezi<\/span> <\/div>\n","protected":false},"excerpt":{"rendered":"<p>Trendyol ve Birle\u015fmi\u015f Milletler Kalk\u0131nma Program\u0131 (UNDP) i\u015f birli\u011fiyle hayata ge\u00e7irilen Yar\u0131n\u0131n K\u00f6yleri Projesi kapsam\u0131ndaki be\u015finci Dijital Merkez, Denizli\u2019nin Bozkurt il\u00e7esine ba\u011fl\u0131 \u0130nceler k\u00f6y\u00fcnde a\u00e7\u0131ld\u0131. Yar\u0131n\u0131n K\u00f6yleri Projesi; T\u00fcrkiye genelinde &#8230;<\/p>\n","protected":false},"author":1,"featured_media":73395,"comment_status":"open","ping_status":"open","sticky":false,"template":"","format":"standard","meta":{"footnotes":""},"categories":[8],"tags":[8011,1046,8010,3302,234],"class_list":["post-73394","post","type-post","status-publish","format-standard","has-post-thumbnail","hentry","category-ekonomi","tag-birlesmis-milletler","tag-dijital","tag-inceler","tag-kalkinma","tag-merkez"],"_links":{"self":[{"href":"https:\/\/bihavadis.com\/index.php\/wp-json\/wp\/v2\/posts\/73394","targetHints":{"allow":["GET"]}}],"collection":[{"href":"https:\/\/bihavadis.com\/index.php\/wp-json\/wp\/v2\/posts"}],"about":[{"href":"https:\/\/bihavadis.com\/index.php\/wp-json\/wp\/v2\/types\/post"}],"author":[{"embeddable":true,"href":"https:\/\/bihavadis.com\/index.php\/wp-json\/wp\/v2\/users\/1"}],"replies":[{"embeddable":true,"href":"https:\/\/bihavadis.com\/index.php\/wp-json\/wp\/v2\/comments?post=73394"}],"version-history":[{"count":1,"href":"https:\/\/bihavadis.com\/index.php\/wp-json\/wp\/v2\/posts\/73394\/revisions"}],"predecessor-version":[{"id":73398,"href":"https:\/\/bihavadis.com\/index.php\/wp-json\/wp\/v2\/posts\/73394\/revisions\/73398"}],"wp:featuredmedia":[{"embeddable":true,"href":"https:\/\/bihavadis.com\/index.php\/wp-json\/wp\/v2\/media\/73395"}],"wp:attachment":[{"href":"https:\/\/bihavadis.com\/index.php\/wp-json\/wp\/v2\/media?parent=73394"}],"wp:term":[{"taxonomy":"category","embeddable":true,"href":"https:\/\/bihavadis.com\/index.php\/wp-json\/wp\/v2\/categories?post=73394"},{"taxonomy":"post_tag","embeddable":true,"href":"https:\/\/bihavadis.com\/index.php\/wp-json\/wp\/v2\/tags?post=73394"}],"curies":[{"name":"wp","href":"https:\/\/api.w.org\/{rel}","templated":true}]}}