{"id":7346,"date":"2026-01-31T03:21:06","date_gmt":"2026-01-31T03:21:06","guid":{"rendered":"https:\/\/bihavadis.com\/?p=7346"},"modified":"2026-01-31T03:21:06","modified_gmt":"2026-01-31T03:21:06","slug":"necmeddin-bilal-erdogan-katsayi-adaletsizligi-yuzunden-yurt-disina-gitmek-zorunda-kaldim","status":"publish","type":"post","link":"https:\/\/bihavadis.com\/index.php\/2026\/01\/31\/necmeddin-bilal-erdogan-katsayi-adaletsizligi-yuzunden-yurt-disina-gitmek-zorunda-kaldim\/","title":{"rendered":"Necmeddin Bilal Erdo\u011fan: Katsay\u0131 adaletsizli\u011fi y\u00fcz\u00fcnden yurt d\u0131\u015f\u0131na gitmek zorunda kald\u0131m"},"content":{"rendered":"<p>Her f\u0131rsatta gen\u00e7lerle bir araya gelen \u0130lim Yayma Vakf\u0131 M\u00fctevelli Heyeti Ba\u015fkan\u0131 Necmeddin Bilal Erdo\u011fan yine s\u0131cak, samimi ve e\u011flenceli bir gen\u00e7lik bulu\u015fmas\u0131na kat\u0131ld\u0131.<\/p>\n<p>G\u00fcng\u00f6ren Belediye Ba\u015fkan\u0131 B\u00fcnyamin Demir\u2019in YouTube \u00fczerinden yay\u0131nlanan &#8220;Tek Soru Tek Cevap&#8221; program\u0131na konuk olan Erdo\u011fan, gen\u00e7lerin sorular\u0131na FET\u00d6&#8217;n\u00fcn yalanlar\u0131n\u0131 \u00e7\u00fcr\u00fcten samimi net cevaplar verdi.<\/p>\n<p><strong>NEDEN AMER\u0130KA&#8217;DA OKUDU<\/strong><\/p>\n<p>Alg\u0131 operasyonlar\u0131na konu olan ABD e\u011fitimi hakk\u0131nda gelen soruyu samimiyetle cevaplayan Erdo\u011fan, katsay\u0131 haks\u0131zl\u0131\u011f\u0131 d\u00f6nemini hat\u0131rlatt\u0131.<\/p>\n<p>Erdo\u011fan <em><b>&#8220;Ben hi\u00e7 gitmeyi istemezdim. 1999 y\u0131l\u0131nda liseden mezun oldu\u011fumda \u0130mam Hatiplere katsay\u0131 adaletsizli\u011fi uyguland\u0131. Ve istedi\u011fimiz \u00fcniversiteye gitmemiz imkans\u0131z hale geldi. Ben o y\u00fczden yurt d\u0131\u015f\u0131na gitmek zorunda kald\u0131m.&#8221; <\/b><\/em>dedi.<\/p>\n<p>Son d\u00f6nemde \u00f6zellikle s\u0131k s\u0131k yurt d\u0131\u015f\u0131ndan al\u0131\u015fveri\u015f yapan gen\u00e7lerin \u00f6nemli bir g\u00fcndemi haline gelen yurt d\u0131\u015f\u0131ndan al\u0131\u015fveri\u015flerde g\u00fcmr\u00fck vergisi uygulamas\u0131 da soru olarak y\u00f6neltildi.<\/p>\n<p><img decoding=\"async\" src=\"https:\/\/bihavadis.com\/wp-content\/uploads\/2026\/01\/necmeddin-bilal-erdogan-katsayi-adaletsizligi-yuzunden-yurt-disina-gitmek-zorunda-kaldim-0-ImBaNiW3.jpg\"\/><\/p>\n<p><strong>G\u00dcMR\u00dcK VERG\u0130LER\u0130NE NASIL BAKIYOR<\/strong><\/p>\n<p>Daha iyi \u00e7\u00f6z\u00fcmler \u00fcretilebilece\u011fini vurgulayan Erdo\u011fan \u015funlar\u0131 s\u00f6yledi:<\/p>\n<p>Son be\u015f y\u0131lda son t\u00fcketim ithalat \u00fcr\u00fcnleri ithalat\u0131m\u0131z \u00e7ok artt\u0131. 20 milyarlardan 55-56 milyar dolarlara y\u00fckselmi\u015f. Bu son t\u00fcketim \u00fcr\u00fcnlerinin \u00fclkeye giri\u015fini azaltmak ve cari a\u00e7\u0131\u011f\u0131 kapatmak i\u00e7in yap\u0131lm\u0131\u015f. <\/p>\n<p>Ama tabii ki \u015fikayet edilmesinde hakl\u0131 olunan yerleri de anlayabiliyorum. Yani diyorlar ki &#8216;d\u0131\u015fardan benim 100 liraya ald\u0131\u011f\u0131m \u015feyi T\u00fcrkiye&#8217;den neden 1000 liraya alay\u0131m&#8217; diyorlar. <\/p>\n<p>Belki daha sofistike \u00e7\u00f6z\u00fcmler \u00fcretilse, vatanda\u015f da bunun mant\u0131\u011f\u0131n\u0131 anlay\u0131p destek olsa&#8230; Asl\u0131nda daha iyi \u00e7\u00f6z\u00fcmler \u00fcretilebilece\u011fini d\u00fc\u015f\u00fcn\u00fcyorum.<\/p>\n<p><strong>NEREDEN PARA KAZANIYOR<\/strong><\/p>\n<p>Yine \u00f6zellikle FET\u00d6 ve farkl\u0131 odaklar\u0131n alg\u0131 faaliyetlerinin ana unsuru haline gelen ticari hayat\u0131na ili\u015fkin sorular\u0131 da yan\u0131tlayan Erdo\u011fan nas\u0131l para kazand\u0131\u011f\u0131n\u0131 anlatt\u0131.<\/p>\n<p>Bilal Erdo\u011fan,<em><b>&#8220;\u0130lk ticarete ba\u015flad\u0131\u011f\u0131m y\u0131l 2007 y\u0131l\u0131 gibiydi. Amerika\u2019da, T\u00fcrkiye\u2019den de tan\u0131\u015ft\u0131\u011f\u0131m arkada\u015flar\u0131m standlarda bir \u015feyler sat\u0131yordu. T\u00fcrkiye\u2019ye d\u00f6n\u00fcp burada bu i\u015fe devam etmek istediklerini s\u00f6ylediler.<\/b><\/em><\/p>\n<p><em><b> Ben de onlara dedim ki \u2018Siz d\u00f6n\u00fcn, ben T\u00fcrkiye\u2019deki i\u015finize ortak olabilir miyim?\u2019 dedim. T\u00fcrkiye\u2019de arkada\u015flar\u0131m\u0131n ilk yapt\u0131\u011f\u0131 i\u015f de kozmetik \u00fczerineydi.<\/b><\/em><\/p>\n<p><em><b>Ondan sonra 2009 y\u0131l\u0131 ba\u015f\u0131nda, ayn\u0131 ortaklar\u0131mla restoran i\u015fine ba\u015flad\u0131k. O zamandan bug\u00fcne de g\u0131da i\u015fiyle u\u011fra\u015f\u0131yorum. Restoranlar\u0131m\u0131z var ortaklar\u0131m\u0131zla birlikte. \u015eimdi Dubai\u2019de bir bu\u00e7uk y\u0131l kadar oldu bir yer a\u00e7t\u0131k. Bak\u00fc\u2019de a\u00e7may\u0131 planl\u0131yoruz. Dolay\u0131s\u0131yla g\u0131da sekt\u00f6r\u00fcndeyim arkada\u015flar.&#8221;<\/b><\/em> ifadelerini kulland\u0131.<\/p>\n<p><img decoding=\"async\" src=\"https:\/\/bihavadis.com\/wp-content\/uploads\/2026\/01\/necmeddin-bilal-erdogan-katsayi-adaletsizligi-yuzunden-yurt-disina-gitmek-zorunda-kaldim-1-SGe1UKj5.jpg\"\/><\/p>\n<p><strong>T\u0130CARET GEM\u0130LER\u0130 \u0130SRA\u0130L&#8217;E M\u0130 G\u0130D\u0130YOR<\/strong><\/p>\n<p>Gazze&#8217;deki katliamlara kar\u015f\u0131 son iki y\u0131ld\u0131r 1 Ocak&#8217;ta binlerce vicdan sahibinin Galata&#8217;ta bir araya gelmesine \u00f6nc\u00fcl\u00fck eden Bilal Erdo\u011fan&#8217;\u0131n, bu organizasyonlar\u0131 d\u00fczenlerken \u0130srail ile ticaretin devam etti\u011fine y\u00f6nelik iddialar da gen\u00e7lerin g\u00fcndemindeydi.<\/p>\n<p>Bu kapsamda gelen soruyu da samimiyetle yan\u0131tlayan Erdo\u011fan \u015f\u00f6yle konu\u015ftu:<\/p>\n<p>Gemi in\u015fa i\u015fi yapt\u0131k bir d\u00f6nem ama gemi ta\u015f\u0131mac\u0131l\u0131\u011f\u0131 ben hi\u00e7 yapmad\u0131m. A\u011fabeyim yapt\u0131. Onunki de kuru y\u00fckt\u00fc. O da bu i\u015flerden sonra gemiyi satt\u0131 o da gemi i\u015finden \u00e7\u0131kt\u0131. Bu tabi \u00e7ok ucuz siyaset. <\/p>\n<p>Yani d\u00fc\u015f\u00fcn\u00fcn ki b\u00fct\u00fcn d\u00fcnyadaki Filistinlilerin en b\u00fcy\u00fck hamisi konumunda olan Tayyip Erdo\u011fan&#8217;a ba\u015fka bir \u015fey konduramad\u0131klar\u0131 i\u00e7in ailesi \u00fczerinden b\u00f6yle yontmaya \u00e7al\u0131\u015f\u0131yorlar. <\/p>\n<p>Bu t\u00fcr \u015feyler y\u00fcz\u00fcnden gen\u00e7ler siyasete so\u011fuk bak\u0131yorlar. Halbuki siyaset millete hizmet i\u00e7n yap\u0131lmal\u0131. Ve insanlar hizmeti ve samimi yakla\u015f\u0131m\u0131 ile de\u011ferlendirilmeli. B\u00f6ylelikle gen\u00e7lerin de siyasete \u0131s\u0131nd\u0131r\u0131lmas\u0131 ba\u015far\u0131labilir. Sizler siyaset\u00e7ilere k\u0131zd\u0131k\u00e7a, siyaseti be\u011fenmedik\u00e7e siyaset daha yanl\u0131\u015f adamlar\u0131n eline kal\u0131yor. \u0130\u015fte son se\u00e7imlerde baz\u0131 \u015feyleri ya\u015fad\u0131k. O y\u00fczden siyaseti hayat\u0131n\u0131z\u0131n bir kenar\u0131nda muhakkak d\u00fc\u015f\u00fcn\u00fcn diyorum.<\/p>\n<p><img decoding=\"async\" src=\"https:\/\/bihavadis.com\/wp-content\/uploads\/2026\/01\/necmeddin-bilal-erdogan-katsayi-adaletsizligi-yuzunden-yurt-disina-gitmek-zorunda-kaldim-2-NXMPg3bF.jpg\"\/><\/p>\n","protected":false},"excerpt":{"rendered":"<p>Gen\u00e7lerle bir araya gelen Necmeddin Bilal Erdo\u011fan, nas\u0131l para kazand\u0131\u011f\u0131 y\u00f6n\u00fcndeki soruya &#8220;G\u0131da i\u015finde ortakl\u0131klar\u0131m var&#8221; cevab\u0131n\u0131 verirken e\u011fitimine T\u00fcrkiye&#8217;de 90&#8217;l\u0131 y\u0131llarda uygulanan katsay\u0131 adaletsizli\u011fi nedeniyle ABD&#8217;de devam etti\u011fini s\u00f6yledi.<\/p>\n","protected":false},"author":1,"featured_media":7347,"comment_status":"open","ping_status":"open","sticky":false,"template":"","format":"standard","meta":{"footnotes":""},"categories":[9,13],"tags":[1526,1205,395,1744,295],"class_list":["post-7346","post","type-post","status-publish","format-standard","has-post-thumbnail","hentry","category-genel","category-son-dakika","tag-erdogan","tag-gencler","tag-is","tag-siyaset","tag-tur"],"_links":{"self":[{"href":"https:\/\/bihavadis.com\/index.php\/wp-json\/wp\/v2\/posts\/7346","targetHints":{"allow":["GET"]}}],"collection":[{"href":"https:\/\/bihavadis.com\/index.php\/wp-json\/wp\/v2\/posts"}],"about":[{"href":"https:\/\/bihavadis.com\/index.php\/wp-json\/wp\/v2\/types\/post"}],"author":[{"embeddable":true,"href":"https:\/\/bihavadis.com\/index.php\/wp-json\/wp\/v2\/users\/1"}],"replies":[{"embeddable":true,"href":"https:\/\/bihavadis.com\/index.php\/wp-json\/wp\/v2\/comments?post=7346"}],"version-history":[{"count":1,"href":"https:\/\/bihavadis.com\/index.php\/wp-json\/wp\/v2\/posts\/7346\/revisions"}],"predecessor-version":[{"id":7351,"href":"https:\/\/bihavadis.com\/index.php\/wp-json\/wp\/v2\/posts\/7346\/revisions\/7351"}],"wp:featuredmedia":[{"embeddable":true,"href":"https:\/\/bihavadis.com\/index.php\/wp-json\/wp\/v2\/media\/7347"}],"wp:attachment":[{"href":"https:\/\/bihavadis.com\/index.php\/wp-json\/wp\/v2\/media?parent=7346"}],"wp:term":[{"taxonomy":"category","embeddable":true,"href":"https:\/\/bihavadis.com\/index.php\/wp-json\/wp\/v2\/categories?post=7346"},{"taxonomy":"post_tag","embeddable":true,"href":"https:\/\/bihavadis.com\/index.php\/wp-json\/wp\/v2\/tags?post=7346"}],"curies":[{"name":"wp","href":"https:\/\/api.w.org\/{rel}","templated":true}]}}